{"id":4617,"date":"2023-07-07T03:02:35","date_gmt":"2023-07-07T01:02:35","guid":{"rendered":"http:\/\/www.cultureduca.com\/blog\/?p=4617"},"modified":"2023-07-07T03:02:35","modified_gmt":"2023-07-07T01:02:35","slug":"descubriendo-rumania-cl-aniversario-de-la-dinastia-rumana","status":"publish","type":"post","link":"https:\/\/natureduca.com\/culturblog\/descubriendo-rumania-cl-aniversario-de-la-dinastia-rumana\/","title":{"rendered":"DESCUBRIENDO RUMANIA: CL ANIVERSARIO DE LA DINAST\u00cdA RUMANA"},"content":{"rendered":"<p>El siglo XIX., para bien o para mal, fue decisivo para numerosos pueblos europeos; el rumano uno de ellos. Los acontecimientos b\u00e9licos y las anexiones territoriales, lejos de apaciguar los \u00e1nimos, acabaron levantando negros nubarrones que explotar\u00edan a principios del siglo siguiente.<\/p>\n<p>En Rumania calan las ideas nacionalistas del momento y tratan de justificar su lugar en la historia, su vigencia como pueblo, su hecho diferenciador que arranca con el Imperio Romano [no olvidemos que el territorio rumano es una isla latina en medio de pueblos eslavos] y en donde el Hispalense Trajano brillar\u00eda con luz propia.<\/p>\n<p><img loading=\"lazy\" decoding=\"async\" id=\"__wp-temp-img-id\" class=\"aligncenter\" title=\"\" src=\"https:\/\/natureduca.com\/images_culturblog\/cl_dinastia_rumana.jpg\" alt=\"\" width=\"500\" height=\"288\" \/>En ese contexto diferenciador tendr\u00edamos que enmarcar los aires independentistas y las reivindicaciones que se ver\u00e1n concretadas con la c\u00e9lebre <em>Suples Libellus Valachorum <\/em>\u00a0que Transilvania presentaba en la corte imperial de Viena en 1791. Cuarenta a\u00f1os m\u00e1s tarde, ante el escaso \u00e9xito de esa petici\u00f3n, Tudor Vladimirescu se rebelaba en Valaquia, era 1821 y tampoco generar\u00e1 gran cosa, apenas el cambio de bandera de la potencia que ejerce el control efectivo del territorio; tras la guerra ruso-turca [en estos momentos hay una corriente de opini\u00f3n encabezada por los pol\u00edticos de la actual Turqu\u00eda donde se quiere hacer creer que la Rep\u00fablica de Turqu\u00eda nada tiene que ver con ese pasado, como si el Imperio Otomano y sus hechos hist\u00f3ricos no los hubiera heredado nadie] y Mosc\u00fa acabar\u00e1 ostentando el control sobre Moldavia y Valaquia hasta que Rusia pierde en la Guerra de Crimen (1853-1856) y ser\u00e1 el Congreso de Paz de Par\u00eds el que se encargar\u00e1 de la tutela de Valaquia y Moldavia al mismo tiempo que aseguraba el libre tr\u00e1nsito a trav\u00e9s de esa arteria vital que es el Danubio.<\/p>\n<p>En 1859 se eleg\u00eda, como \u00fanico pr\u00edncipe de ambos principados, al Coronel Alexandru Ioan Cuza que ser\u00eda obligado a dejar el poder en 1866 [recordemos que ostentar el poder, en la mayor\u00eda de los casos y salvando honrosas excepciones, suele significar que una parte del pueblo te de su apoyo y la otra simplemente te considere tu enemigo y, como hac\u00edamos de cr\u00edos en mi pueblo, est\u00e9n esperando la m\u00e1s m\u00ednima para mojarte la oreja: despojarte de todo] y se declaraba la monarqu\u00eda constitucional que encabezar\u00e1 el pr\u00edncipe alem\u00e1n Carlos de Hohenzollern (1866-1914) y que reinar\u00e1 bajo el nombre de Carol I, hab\u00edan sido sentadas las bases de una nueva monarqu\u00eda en el territorio europeo.<\/p>\n<p>Una d\u00e9cada despu\u00e9s en 1877, Rumania, aprovechando la coyuntura internacional, declara su independencia que se reconocer\u00e1 con el c\u00e9lebre Tratado de San Esteban, era el 3 de marzo de 1878. Apenas tres a\u00f1os m\u00e1s tarde se proclama el reino y Carlos I ser\u00e1 coronado rey, as\u00ed nac\u00eda realmente la monarqu\u00eda rumana que, con altibajos, acabar\u00e1 llegando hasta la I Guerra Mundial que pr\u00e1cticamente desmonta todo el mapa de la vieja Europa.<\/p>\n<p>Ese es el per\u00edodo hist\u00f3rico que el correo rumano trata de honrar en sus dos signos postales (m\u00e1s una hojita bloque) aparecidos el 10 de mayo del 2016. El facial de 4.50 Lei presenta un detalle del Collar de la Orden de Carlos I que se instituy\u00f3 precisamente 110 a\u00f1os antes, el 10 de mayo de 1906 [el monarca aparece en la vi\u00f1eta de la hojita de 5+1, junto a su escudo y su firma aut\u00f3grafa] con motivo del 40 aniversario de reinado, fue la m\u00e1s alta condecoraci\u00f3n rumana hasta 1947 cuando comenzar\u00e1 la etapa comunista. Ser\u00eda en el 2005 cuando el heredero, el rey Miguel, la reinstaura como una orden din\u00e1stica que, t\u00e9cnicamente, nada tiene que ver con el gobierno del pa\u00eds y que fue concedida en determinados momentos de la historia a grandes personalidades que hicieron posible el desarrollo del pueblo rumano, entre otros galardonados figuran Gheorghe G. Cantacuzino, Dimitri Sturdza, Petre C. Carp, Titu Maiorescu, Ion I. C. Bratianu, Mihail Pherekyde y la mayor\u00eda de los monarcas que entre 1878 y 1881 sobre todo, los que jugaron un papel esencial para el reconocimiento y la consolidaci\u00f3n de una Rumania independiente. El eslogan de la Orden es \u201c<em>Through steadfastness to victory\u201d <\/em>y en el reverso figuran los a\u00f1os 1866 y 1906. La cadena del collar est\u00e1 compuesta, de manera alternativa, por medallones que representan los escudos de armas del viejo reino [Valaquia, Moldavia, Oltenia y Dobrudja] \u00a0y los cuarteles her\u00e1ldicos de la dinast\u00eda rumana.<\/p>\n<p>Para el efecto de 10 Lei se ha elegido el Cetro o Bast\u00f3n del rey Fernando I [cuya foto y aut\u00f3grafo aparecen reproducidos en la vi\u00f1eta que aparece en la parte superior derecha de la hojita de 5+1] que supo dirigir el territorio rumano en una de sus etapas m\u00e1s cruciales, entre 1916-1919; hab\u00edan declarado la neutralidad, pero la promesa de los aliados de ayudarles en su lucha por la unidad nacional no prosper\u00f3 mucho y el ej\u00e9rcito decid\u00eda intervenir en la contienda. El triunfo de la Revoluci\u00f3n Rusa de 1917 har\u00e1 que Rumania se acabe separando de Occidente y en los Tratados de Paz de 1919-1920 [Neuilly, Saint Germain, Trianon y Par\u00eds] se ratificaban los l\u00edmites de la uni\u00f3n rumana que son m\u00e1s o menos los mismos que hoy conocemos. En la parte superior del bast\u00f3n aparecen unas bellas mujeres que, con el traje nacional, simbolizan el viejo reino y los principados de Transilvania, Besarabia y Bucovina; coron\u00e1ndolas, va un \u00e1guila como s\u00edmbolo de la monarqu\u00eda y el poder real.<\/p>\n<p>Para la hojita bloque de 8 Lei se ha escogido una vieja fotograf\u00eda donde aparecen las tres primeras generaciones de la Familia Real Rumana. De izquierda a derecha nos encontramos con el pr\u00edncipe Fernando, la princesa Isabel [posteriormente ser\u00eda reina de Grecia], la reina Isabel, el pr\u00edncipe Carlos, la princesa Mar\u00eda [llegar\u00eda a ser la reina de Yugoslavia], el pr\u00edncipe Nicol\u00e1s, la princesa Maria [que ser\u00eda Reina de Rumania] y el rey Carlos I. La foto fue realizada en un momento de crisis din\u00e1stica provocada precisamente por la muerte del soberano que apenas eran un ni\u00f1o, crisis que fue solventada exitosamente y estrech\u00f3 los lazos con otras monarqu\u00edas europeas gracias a los matrimonios que se concretaban entre las diferentes familias reales. En el lado izquierdo aparece el logo <em>NIHI SINE DEO, <\/em>bajo \u00e9l la corona real y en el lado derecho de la hojita el soberano con un pu\u00f1ado de condecoraciones. Los dos primeros efectos tambi\u00e9n se recogen en un d\u00edptico-hojita bloque. El dise\u00f1o fue obra de Mihail Vamasescu y al margen de las hojitas citadas, tambi\u00e9n los dos primeros efectos se lanzaron en hojas de veinte ejemplares.<\/p>\n<p>&nbsp;<\/p>\n<p style=\"text-align: center\">JUAN FRANCO CRESPO<br \/>\n<a href=\"mailto:lacandon999@yahoo.es\">lacandon999@yahoo.es<\/a><\/p>\n","protected":false},"excerpt":{"rendered":"<p>El siglo XIX., para bien o para mal, fue decisivo para numerosos pueblos europeos; el rumano uno de ellos. Los acontecimientos b\u00e9licos y las anexiones territoriales, lejos de apaciguar los \u00e1nimos, acabaron levantando negros nubarrones que explotar\u00edan a principios del siglo siguiente. En Rumania calan las ideas nacionalistas del momento\u2026<\/p>\n<p class=\"continue-reading-button\"> <a class=\"continue-reading-link\" href=\"https:\/\/natureduca.com\/culturblog\/descubriendo-rumania-cl-aniversario-de-la-dinastia-rumana\/\">Seguir leyendo&#8230;<i class=\"crycon-right-dir\"><\/i><\/a><\/p>\n","protected":false},"author":8,"featured_media":-1,"comment_status":"open","ping_status":"open","sticky":false,"template":"","format":"standard","meta":{"rop_custom_images_group":[],"rop_custom_messages_group":[],"rop_publish_now":"initial","rop_publish_now_accounts":{"twitter_226634691_226634691":""},"rop_publish_now_history":[],"rop_publish_now_status":"pending","_uag_custom_page_level_css":"","footnotes":""},"categories":[16,14,1,21,7],"tags":[1384,1449,1450,1451,1168],"class_list":["post-4617","post","type-post","status-publish","format-standard","has-post-thumbnail","hentry","category-cultura-tradiciones","category-filatelia","category-historia","category-instituciones","category-personajes","tag-aniversario","tag-descubriendo","tag-dinastia","tag-rumana","tag-rumania"],"yoast_head":"<!-- This site is optimized with the Yoast SEO plugin v27.5 - https:\/\/yoast.com\/product\/yoast-seo-wordpress\/ -->\n<title>DESCUBRIENDO RUMANIA: CL ANIVERSARIO DE LA DINAST\u00cdA RUMANA - Blog Cultureduca educativa<\/title>\n<meta name=\"description\" content=\"DESCUBRIENDO RUMANIA: CL ANIVERSARIO DE LA DINAST\u00cdA RUMANA - Blog Cultureduca educativa -\" \/>\n<meta name=\"robots\" content=\"index, follow, max-snippet:-1, max-image-preview:large, max-video-preview:-1\" \/>\n<link rel=\"canonical\" href=\"https:\/\/natureduca.com\/culturblog\/descubriendo-rumania-cl-aniversario-de-la-dinastia-rumana\/\" \/>\n<meta property=\"og:locale\" content=\"es_ES\" \/>\n<meta property=\"og:type\" content=\"article\" \/>\n<meta property=\"og:title\" content=\"DESCUBRIENDO RUMANIA: CL ANIVERSARIO DE LA DINAST\u00cdA RUMANA - Blog Cultureduca educativa\" \/>\n<meta property=\"og:description\" content=\"DESCUBRIENDO RUMANIA: CL ANIVERSARIO DE LA DINAST\u00cdA RUMANA - Blog Cultureduca educativa -\" \/>\n<meta property=\"og:url\" content=\"https:\/\/natureduca.com\/culturblog\/descubriendo-rumania-cl-aniversario-de-la-dinastia-rumana\/\" \/>\n<meta property=\"og:site_name\" content=\"Blog Cultureduca educativa\" \/>\n<meta property=\"article:publisher\" content=\"https:\/\/www.facebook.com\/groups\/cultureduca\/\" \/>\n<meta property=\"article:published_time\" content=\"2023-07-07T01:02:35+00:00\" \/>\n<meta property=\"og:image\" content=\"https:\/\/natureduca.com\/culturblog\/wp-content\/uploads\/cropped-cabecera-culturblog.jpg\" \/>\n\t<meta property=\"og:image:width\" content=\"1200\" \/>\n\t<meta property=\"og:image:height\" content=\"120\" \/>\n\t<meta property=\"og:image:type\" content=\"image\/jpeg\" \/>\n<meta name=\"author\" content=\"Juan Franco Crespo\" \/>\n<meta name=\"twitter:label1\" content=\"Escrito por\" \/>\n\t<meta name=\"twitter:data1\" content=\"Juan Franco Crespo\" \/>\n\t<meta name=\"twitter:label2\" content=\"Tiempo de lectura\" \/>\n\t<meta name=\"twitter:data2\" content=\"6 minutos\" \/>\n<script type=\"application\/ld+json\" class=\"yoast-schema-graph\">{\"@context\":\"https:\\\/\\\/schema.org\",\"@graph\":[{\"@type\":\"Article\",\"@id\":\"https:\\\/\\\/natureduca.com\\\/culturblog\\\/descubriendo-rumania-cl-aniversario-de-la-dinastia-rumana\\\/#article\",\"isPartOf\":{\"@id\":\"https:\\\/\\\/natureduca.com\\\/culturblog\\\/descubriendo-rumania-cl-aniversario-de-la-dinastia-rumana\\\/\"},\"author\":{\"name\":\"Juan Franco Crespo\",\"@id\":\"https:\\\/\\\/natureduca.com\\\/culturblog\\\/#\\\/schema\\\/person\\\/f6dccdcd6c23ee151a1d5a173ca21baf\"},\"headline\":\"DESCUBRIENDO RUMANIA: CL ANIVERSARIO DE LA DINAST\u00cdA RUMANA\",\"datePublished\":\"2023-07-07T01:02:35+00:00\",\"mainEntityOfPage\":{\"@id\":\"https:\\\/\\\/natureduca.com\\\/culturblog\\\/descubriendo-rumania-cl-aniversario-de-la-dinastia-rumana\\\/\"},\"wordCount\":1150,\"commentCount\":0,\"publisher\":{\"@id\":\"https:\\\/\\\/natureduca.com\\\/culturblog\\\/#organization\"},\"image\":{\"@id\":\"https:\\\/\\\/natureduca.com\\\/culturblog\\\/descubriendo-rumania-cl-aniversario-de-la-dinastia-rumana\\\/#primaryimage\"},\"thumbnailUrl\":\"https:\\\/\\\/natureduca.com\\\/images_culturblog\\\/cl_dinastia_rumana.jpg\",\"keywords\":[\"aniversario\",\"descubriendo\",\"dinastia\",\"rumana\",\"rumania\"],\"articleSection\":[\"Cultura \\\/ tradiciones\",\"Filatelia\",\"Historia\",\"Instituciones\",\"Personajes\"],\"inLanguage\":\"es\",\"potentialAction\":[{\"@type\":\"CommentAction\",\"name\":\"Comment\",\"target\":[\"https:\\\/\\\/natureduca.com\\\/culturblog\\\/descubriendo-rumania-cl-aniversario-de-la-dinastia-rumana\\\/#respond\"]}]},{\"@type\":\"WebPage\",\"@id\":\"https:\\\/\\\/natureduca.com\\\/culturblog\\\/descubriendo-rumania-cl-aniversario-de-la-dinastia-rumana\\\/\",\"url\":\"https:\\\/\\\/natureduca.com\\\/culturblog\\\/descubriendo-rumania-cl-aniversario-de-la-dinastia-rumana\\\/\",\"name\":\"DESCUBRIENDO RUMANIA: CL ANIVERSARIO DE LA DINAST\u00cdA RUMANA - Blog Cultureduca educativa\",\"isPartOf\":{\"@id\":\"https:\\\/\\\/natureduca.com\\\/culturblog\\\/#website\"},\"primaryImageOfPage\":{\"@id\":\"https:\\\/\\\/natureduca.com\\\/culturblog\\\/descubriendo-rumania-cl-aniversario-de-la-dinastia-rumana\\\/#primaryimage\"},\"image\":{\"@id\":\"https:\\\/\\\/natureduca.com\\\/culturblog\\\/descubriendo-rumania-cl-aniversario-de-la-dinastia-rumana\\\/#primaryimage\"},\"thumbnailUrl\":\"https:\\\/\\\/natureduca.com\\\/images_culturblog\\\/cl_dinastia_rumana.jpg\",\"datePublished\":\"2023-07-07T01:02:35+00:00\",\"description\":\"DESCUBRIENDO RUMANIA: CL ANIVERSARIO DE LA DINAST\u00cdA RUMANA - Blog Cultureduca educativa -\",\"breadcrumb\":{\"@id\":\"https:\\\/\\\/natureduca.com\\\/culturblog\\\/descubriendo-rumania-cl-aniversario-de-la-dinastia-rumana\\\/#breadcrumb\"},\"inLanguage\":\"es\",\"potentialAction\":[{\"@type\":\"ReadAction\",\"target\":[\"https:\\\/\\\/natureduca.com\\\/culturblog\\\/descubriendo-rumania-cl-aniversario-de-la-dinastia-rumana\\\/\"]}]},{\"@type\":\"ImageObject\",\"inLanguage\":\"es\",\"@id\":\"https:\\\/\\\/natureduca.com\\\/culturblog\\\/descubriendo-rumania-cl-aniversario-de-la-dinastia-rumana\\\/#primaryimage\",\"url\":\"https:\\\/\\\/natureduca.com\\\/images_culturblog\\\/cl_dinastia_rumana.jpg\",\"contentUrl\":\"https:\\\/\\\/natureduca.com\\\/images_culturblog\\\/cl_dinastia_rumana.jpg\"},{\"@type\":\"BreadcrumbList\",\"@id\":\"https:\\\/\\\/natureduca.com\\\/culturblog\\\/descubriendo-rumania-cl-aniversario-de-la-dinastia-rumana\\\/#breadcrumb\",\"itemListElement\":[{\"@type\":\"ListItem\",\"position\":1,\"name\":\"Portada\",\"item\":\"https:\\\/\\\/natureduca.com\\\/culturblog\\\/\"},{\"@type\":\"ListItem\",\"position\":2,\"name\":\"DESCUBRIENDO RUMANIA: CL ANIVERSARIO DE LA DINAST\u00cdA RUMANA\"}]},{\"@type\":\"WebSite\",\"@id\":\"https:\\\/\\\/natureduca.com\\\/culturblog\\\/#website\",\"url\":\"https:\\\/\\\/natureduca.com\\\/culturblog\\\/\",\"name\":\"Blog Cultureduca\",\"description\":\"Blog educativo de las Letras y las Artes Pl\u00e1sticas y Est\u00e9ticas\",\"publisher\":{\"@id\":\"https:\\\/\\\/natureduca.com\\\/culturblog\\\/#organization\"},\"alternateName\":\"Blog Cultura educativa\",\"potentialAction\":[{\"@type\":\"SearchAction\",\"target\":{\"@type\":\"EntryPoint\",\"urlTemplate\":\"https:\\\/\\\/natureduca.com\\\/culturblog\\\/?s={search_term_string}\"},\"query-input\":{\"@type\":\"PropertyValueSpecification\",\"valueRequired\":true,\"valueName\":\"search_term_string\"}}],\"inLanguage\":\"es\"},{\"@type\":\"Organization\",\"@id\":\"https:\\\/\\\/natureduca.com\\\/culturblog\\\/#organization\",\"name\":\"ASOCAE\",\"alternateName\":\"Asociaci\u00f3n para la Cultura, el Arte y la Educaci\u00f3n\",\"url\":\"https:\\\/\\\/natureduca.com\\\/culturblog\\\/\",\"logo\":{\"@type\":\"ImageObject\",\"inLanguage\":\"es\",\"@id\":\"https:\\\/\\\/natureduca.com\\\/culturblog\\\/#\\\/schema\\\/logo\\\/image\\\/\",\"url\":\"https:\\\/\\\/natureduca.com\\\/culturblog\\\/wp-content\\\/uploads\\\/cultureduca_ico_cab.png\",\"contentUrl\":\"https:\\\/\\\/natureduca.com\\\/culturblog\\\/wp-content\\\/uploads\\\/cultureduca_ico_cab.png\",\"width\":22,\"height\":24,\"caption\":\"ASOCAE\"},\"image\":{\"@id\":\"https:\\\/\\\/natureduca.com\\\/culturblog\\\/#\\\/schema\\\/logo\\\/image\\\/\"},\"sameAs\":[\"https:\\\/\\\/www.facebook.com\\\/groups\\\/cultureduca\\\/\",\"https:\\\/\\\/x.com\\\/Cultureduca\"]},{\"@type\":\"Person\",\"@id\":\"https:\\\/\\\/natureduca.com\\\/culturblog\\\/#\\\/schema\\\/person\\\/f6dccdcd6c23ee151a1d5a173ca21baf\",\"name\":\"Juan Franco Crespo\",\"image\":{\"@type\":\"ImageObject\",\"inLanguage\":\"es\",\"@id\":\"https:\\\/\\\/secure.gravatar.com\\\/avatar\\\/0a938c68d1292af5b03d9c8f39678b30bdf6e89857a75a3aa18efa5e77e33f8a?s=96&d=monsterid&r=g\",\"url\":\"https:\\\/\\\/secure.gravatar.com\\\/avatar\\\/0a938c68d1292af5b03d9c8f39678b30bdf6e89857a75a3aa18efa5e77e33f8a?s=96&d=monsterid&r=g\",\"contentUrl\":\"https:\\\/\\\/secure.gravatar.com\\\/avatar\\\/0a938c68d1292af5b03d9c8f39678b30bdf6e89857a75a3aa18efa5e77e33f8a?s=96&d=monsterid&r=g\",\"caption\":\"Juan Franco Crespo\"},\"url\":\"https:\\\/\\\/natureduca.com\\\/culturblog\\\/author\\\/juan\\\/\"}]}<\/script>\n<!-- \/ Yoast SEO plugin. -->","yoast_head_json":{"title":"DESCUBRIENDO RUMANIA: CL ANIVERSARIO DE LA DINAST\u00cdA RUMANA - Blog Cultureduca educativa","description":"DESCUBRIENDO RUMANIA: CL ANIVERSARIO DE LA DINAST\u00cdA RUMANA - Blog Cultureduca educativa -","robots":{"index":"index","follow":"follow","max-snippet":"max-snippet:-1","max-image-preview":"max-image-preview:large","max-video-preview":"max-video-preview:-1"},"canonical":"https:\/\/natureduca.com\/culturblog\/descubriendo-rumania-cl-aniversario-de-la-dinastia-rumana\/","og_locale":"es_ES","og_type":"article","og_title":"DESCUBRIENDO RUMANIA: CL ANIVERSARIO DE LA DINAST\u00cdA RUMANA - Blog Cultureduca educativa","og_description":"DESCUBRIENDO RUMANIA: CL ANIVERSARIO DE LA DINAST\u00cdA RUMANA - Blog Cultureduca educativa -","og_url":"https:\/\/natureduca.com\/culturblog\/descubriendo-rumania-cl-aniversario-de-la-dinastia-rumana\/","og_site_name":"Blog Cultureduca educativa","article_publisher":"https:\/\/www.facebook.com\/groups\/cultureduca\/","article_published_time":"2023-07-07T01:02:35+00:00","og_image":[{"width":1200,"height":120,"url":"https:\/\/natureduca.com\/culturblog\/wp-content\/uploads\/cropped-cabecera-culturblog.jpg","type":"image\/jpeg"}],"author":"Juan Franco Crespo","twitter_misc":{"Escrito por":"Juan Franco Crespo","Tiempo de lectura":"6 minutos"},"schema":{"@context":"https:\/\/schema.org","@graph":[{"@type":"Article","@id":"https:\/\/natureduca.com\/culturblog\/descubriendo-rumania-cl-aniversario-de-la-dinastia-rumana\/#article","isPartOf":{"@id":"https:\/\/natureduca.com\/culturblog\/descubriendo-rumania-cl-aniversario-de-la-dinastia-rumana\/"},"author":{"name":"Juan Franco Crespo","@id":"https:\/\/natureduca.com\/culturblog\/#\/schema\/person\/f6dccdcd6c23ee151a1d5a173ca21baf"},"headline":"DESCUBRIENDO RUMANIA: CL ANIVERSARIO DE LA DINAST\u00cdA RUMANA","datePublished":"2023-07-07T01:02:35+00:00","mainEntityOfPage":{"@id":"https:\/\/natureduca.com\/culturblog\/descubriendo-rumania-cl-aniversario-de-la-dinastia-rumana\/"},"wordCount":1150,"commentCount":0,"publisher":{"@id":"https:\/\/natureduca.com\/culturblog\/#organization"},"image":{"@id":"https:\/\/natureduca.com\/culturblog\/descubriendo-rumania-cl-aniversario-de-la-dinastia-rumana\/#primaryimage"},"thumbnailUrl":"https:\/\/natureduca.com\/images_culturblog\/cl_dinastia_rumana.jpg","keywords":["aniversario","descubriendo","dinastia","rumana","rumania"],"articleSection":["Cultura \/ tradiciones","Filatelia","Historia","Instituciones","Personajes"],"inLanguage":"es","potentialAction":[{"@type":"CommentAction","name":"Comment","target":["https:\/\/natureduca.com\/culturblog\/descubriendo-rumania-cl-aniversario-de-la-dinastia-rumana\/#respond"]}]},{"@type":"WebPage","@id":"https:\/\/natureduca.com\/culturblog\/descubriendo-rumania-cl-aniversario-de-la-dinastia-rumana\/","url":"https:\/\/natureduca.com\/culturblog\/descubriendo-rumania-cl-aniversario-de-la-dinastia-rumana\/","name":"DESCUBRIENDO RUMANIA: CL ANIVERSARIO DE LA DINAST\u00cdA RUMANA - Blog Cultureduca educativa","isPartOf":{"@id":"https:\/\/natureduca.com\/culturblog\/#website"},"primaryImageOfPage":{"@id":"https:\/\/natureduca.com\/culturblog\/descubriendo-rumania-cl-aniversario-de-la-dinastia-rumana\/#primaryimage"},"image":{"@id":"https:\/\/natureduca.com\/culturblog\/descubriendo-rumania-cl-aniversario-de-la-dinastia-rumana\/#primaryimage"},"thumbnailUrl":"https:\/\/natureduca.com\/images_culturblog\/cl_dinastia_rumana.jpg","datePublished":"2023-07-07T01:02:35+00:00","description":"DESCUBRIENDO RUMANIA: CL ANIVERSARIO DE LA DINAST\u00cdA RUMANA - Blog Cultureduca educativa -","breadcrumb":{"@id":"https:\/\/natureduca.com\/culturblog\/descubriendo-rumania-cl-aniversario-de-la-dinastia-rumana\/#breadcrumb"},"inLanguage":"es","potentialAction":[{"@type":"ReadAction","target":["https:\/\/natureduca.com\/culturblog\/descubriendo-rumania-cl-aniversario-de-la-dinastia-rumana\/"]}]},{"@type":"ImageObject","inLanguage":"es","@id":"https:\/\/natureduca.com\/culturblog\/descubriendo-rumania-cl-aniversario-de-la-dinastia-rumana\/#primaryimage","url":"https:\/\/natureduca.com\/images_culturblog\/cl_dinastia_rumana.jpg","contentUrl":"https:\/\/natureduca.com\/images_culturblog\/cl_dinastia_rumana.jpg"},{"@type":"BreadcrumbList","@id":"https:\/\/natureduca.com\/culturblog\/descubriendo-rumania-cl-aniversario-de-la-dinastia-rumana\/#breadcrumb","itemListElement":[{"@type":"ListItem","position":1,"name":"Portada","item":"https:\/\/natureduca.com\/culturblog\/"},{"@type":"ListItem","position":2,"name":"DESCUBRIENDO RUMANIA: CL ANIVERSARIO DE LA DINAST\u00cdA RUMANA"}]},{"@type":"WebSite","@id":"https:\/\/natureduca.com\/culturblog\/#website","url":"https:\/\/natureduca.com\/culturblog\/","name":"Blog Cultureduca","description":"Blog educativo de las Letras y las Artes Pl\u00e1sticas y Est\u00e9ticas","publisher":{"@id":"https:\/\/natureduca.com\/culturblog\/#organization"},"alternateName":"Blog Cultura educativa","potentialAction":[{"@type":"SearchAction","target":{"@type":"EntryPoint","urlTemplate":"https:\/\/natureduca.com\/culturblog\/?s={search_term_string}"},"query-input":{"@type":"PropertyValueSpecification","valueRequired":true,"valueName":"search_term_string"}}],"inLanguage":"es"},{"@type":"Organization","@id":"https:\/\/natureduca.com\/culturblog\/#organization","name":"ASOCAE","alternateName":"Asociaci\u00f3n para la Cultura, el Arte y la Educaci\u00f3n","url":"https:\/\/natureduca.com\/culturblog\/","logo":{"@type":"ImageObject","inLanguage":"es","@id":"https:\/\/natureduca.com\/culturblog\/#\/schema\/logo\/image\/","url":"https:\/\/natureduca.com\/culturblog\/wp-content\/uploads\/cultureduca_ico_cab.png","contentUrl":"https:\/\/natureduca.com\/culturblog\/wp-content\/uploads\/cultureduca_ico_cab.png","width":22,"height":24,"caption":"ASOCAE"},"image":{"@id":"https:\/\/natureduca.com\/culturblog\/#\/schema\/logo\/image\/"},"sameAs":["https:\/\/www.facebook.com\/groups\/cultureduca\/","https:\/\/x.com\/Cultureduca"]},{"@type":"Person","@id":"https:\/\/natureduca.com\/culturblog\/#\/schema\/person\/f6dccdcd6c23ee151a1d5a173ca21baf","name":"Juan Franco Crespo","image":{"@type":"ImageObject","inLanguage":"es","@id":"https:\/\/secure.gravatar.com\/avatar\/0a938c68d1292af5b03d9c8f39678b30bdf6e89857a75a3aa18efa5e77e33f8a?s=96&d=monsterid&r=g","url":"https:\/\/secure.gravatar.com\/avatar\/0a938c68d1292af5b03d9c8f39678b30bdf6e89857a75a3aa18efa5e77e33f8a?s=96&d=monsterid&r=g","contentUrl":"https:\/\/secure.gravatar.com\/avatar\/0a938c68d1292af5b03d9c8f39678b30bdf6e89857a75a3aa18efa5e77e33f8a?s=96&d=monsterid&r=g","caption":"Juan Franco Crespo"},"url":"https:\/\/natureduca.com\/culturblog\/author\/juan\/"}]}},"featured_image_src":null,"featured_image_src_square":null,"author_info":{"display_name":"Juan Franco Crespo","author_link":"https:\/\/natureduca.com\/culturblog\/author\/juan\/"},"uagb_featured_image_src":{"full":false,"thumbnail":false,"medium":false,"medium_large":false,"large":false,"1536x1536":false,"2048x2048":false,"custom":false,"gb-block-post-grid-landscape":false,"gb-block-post-grid-square":false,"post-thumbnail":false,"header":false,"slider":false,"columns":false},"uagb_author_info":{"display_name":"Juan Franco Crespo","author_link":"https:\/\/natureduca.com\/culturblog\/author\/juan\/"},"uagb_comment_info":0,"uagb_excerpt":"El siglo XIX., para bien o para mal, fue decisivo para numerosos pueblos europeos; el rumano uno de ellos. Los acontecimientos b\u00e9licos y las anexiones territoriales, lejos de apaciguar los \u00e1nimos, acabaron levantando negros nubarrones que explotar\u00edan a principios del siglo siguiente. En Rumania calan las ideas nacionalistas del momento\u2026 Seguir leyendo...","amp_enabled":true,"_links":{"self":[{"href":"https:\/\/natureduca.com\/culturblog\/wp-json\/wp\/v2\/posts\/4617","targetHints":{"allow":["GET"]}}],"collection":[{"href":"https:\/\/natureduca.com\/culturblog\/wp-json\/wp\/v2\/posts"}],"about":[{"href":"https:\/\/natureduca.com\/culturblog\/wp-json\/wp\/v2\/types\/post"}],"author":[{"embeddable":true,"href":"https:\/\/natureduca.com\/culturblog\/wp-json\/wp\/v2\/users\/8"}],"replies":[{"embeddable":true,"href":"https:\/\/natureduca.com\/culturblog\/wp-json\/wp\/v2\/comments?post=4617"}],"version-history":[{"count":0,"href":"https:\/\/natureduca.com\/culturblog\/wp-json\/wp\/v2\/posts\/4617\/revisions"}],"wp:featuredmedia":[{"embeddable":true,"href":"https:\/\/natureduca.com\/culturblog\/wp-json\/"}],"wp:attachment":[{"href":"https:\/\/natureduca.com\/culturblog\/wp-json\/wp\/v2\/media?parent=4617"}],"wp:term":[{"taxonomy":"category","embeddable":true,"href":"https:\/\/natureduca.com\/culturblog\/wp-json\/wp\/v2\/categories?post=4617"},{"taxonomy":"post_tag","embeddable":true,"href":"https:\/\/natureduca.com\/culturblog\/wp-json\/wp\/v2\/tags?post=4617"}],"curies":[{"name":"wp","href":"https:\/\/api.w.org\/{rel}","templated":true}]}}