{"id":4499,"date":"2016-04-09T22:59:52","date_gmt":"2016-04-09T20:59:52","guid":{"rendered":"http:\/\/www.natureduca.com\/culturblog\/?p=4499"},"modified":"2018-12-22T11:08:04","modified_gmt":"2018-12-22T09:08:04","slug":"tricentenario-del-icono-de-mariapocs","status":"publish","type":"post","link":"https:\/\/natureduca.com\/culturblog\/tricentenario-del-icono-de-mariapocs\/","title":{"rendered":"TRICENTENARIO DEL ICONO DE M\u00c1RIAP\u00d3CS"},"content":{"rendered":"<p>&nbsp;<\/p>\n<p>Hajd\u00fadorog, con poco m\u00e1s de 10.000 almas, fue en su tiempo la sede del \u00fanico obispado ortodoxo de Hungr\u00eda y ese fue el motivo para que en el 2012 se emitiera un sello conmemorativo del Centenario de la di\u00f3cesis, este sello se emple\u00f3 para confeccionar el tr\u00edptico-tarjeta conmemorativo del tricentenario del c\u00e9lebre icono mariano cercano a la ciudad que se realiz\u00f3 el 8 de noviembre de 2015.<\/p>\n<p><img loading=\"lazy\" decoding=\"async\" id=\"__wp-temp-img-id\" class=\"aligncenter\" src=\"https:\/\/natureduca.com\/images_culturblog\/icono_mariapocs01.jpg\" alt=\"TRICENTENARIO DEL ICONO DE M\u00c1RIAP\u00d3CS\" width=\"377\" height=\"272\" \/><\/p>\n<p>M\u00e1riap\u00f3cs es una de tantas ciudades h\u00fangaras que a pesar de su reducido tama\u00f1o encierra un rico pasado, sobre todo en el aspecto del fervor religioso y en concreto hac\u00eda Mar\u00eda Virgen, la Madre de Dios, el foco de atracci\u00f3n de miles de penitentes se localiza en la parte oriental del pa\u00eds. Fue en el lejano 1676 cuando el icono tuvo el acto de fe certificado por el magistrado L\u00e1szl\u00f3 Csige que realiz\u00f3 p\u00fablicamente la ceremonia de acci\u00f3n de gracias ante la milagrosa pintura. El sacerdote D\u00e1niel Papp celebrar\u00eda la liturgia correspondiente el 4 de noviembre de 1696 en una peque\u00f1a iglesia de madera en donde los agricultores de la zona le informaron haber sido iluminados por la Virgen.<\/p>\n<p>A partir de esas iluminaciones el icono se consider\u00f3 milagroso y hasta el mismo Emperador solicit\u00f3 que el cuadro fuese llevado a Viena; de donde no regresar\u00eda, en su lugar una copia lo acabar\u00e1 reemplazando en 1707 y es tambi\u00e9n la que ha llegado a nuestros d\u00edas. El original desapareci\u00f3 y, la copia, milagrosamente, volver\u00eda a presentar las apariciones ante los creyentes el 1-2-5 de agosto de 1715; seg\u00fan los testimonios de la \u00e9poca fueron presenciados por centenares de personas que relataron el fen\u00f3meno bajo secreto de confesi\u00f3n. Dicho milagro, sorprendentemente, ser\u00eda de nuevo documentado casi dos siglos despu\u00e9s, en 1905.<\/p>\n<p>As\u00ed que el pasado 20 de marzo de 2015, justo cuando se celebraba el tricentenario del fen\u00f3meno con este icono de Theotokos, el Papa Francisco acord\u00f3, con el Metropolitano griego, celebrar el rito cat\u00f3lico bizantino en Hungr\u00eda.<\/p>\n<p>El tr\u00edptico-tarjeta se vendi\u00f3 por 755 florines el pasado 8 de noviembre de 2015, se comercializaron 1700 juegos que hab\u00edan sido impresos en offset y el dise\u00f1o fue de Anita \u00a0Laczk\u00f3. La tarjeta reproduce informaci\u00f3n sobre estos hechos en ingl\u00e9s y h\u00fangaro, emple\u00e1ndose un matasellos especial conmemorativo para perpetuar el fervor mariano ante los creyentes de todo el mundo que suelen acudir al famoso santuario magiar.<\/p>\n<p style=\"text-align: center;\">JUAN FRANCO CRESPO<br \/>\n<a href=\"mailto:lacandon999@yahoo.es\">lacandon999@yahoo.es<\/a><\/p>\n<p>&nbsp;<\/p>\n","protected":false},"excerpt":{"rendered":"<p>&nbsp; Hajd\u00fadorog, con poco m\u00e1s de 10.000 almas, fue en su tiempo la sede del \u00fanico obispado ortodoxo de Hungr\u00eda y ese fue el motivo para que en el 2012 se emitiera un sello conmemorativo del Centenario de la di\u00f3cesis, este sello se emple\u00f3 para confeccionar el tr\u00edptico-tarjeta conmemorativo del\u2026<\/p>\n<p class=\"continue-reading-button\"> <a class=\"continue-reading-link\" href=\"https:\/\/natureduca.com\/culturblog\/tricentenario-del-icono-de-mariapocs\/\">Seguir leyendo&#8230;<i class=\"crycon-right-dir\"><\/i><\/a><\/p>\n","protected":false},"author":8,"featured_media":-1,"comment_status":"open","ping_status":"open","sticky":false,"template":"","format":"standard","meta":{"rop_custom_images_group":[],"rop_custom_messages_group":[],"rop_publish_now":"initial","rop_publish_now_accounts":{"twitter_226634691_226634691":""},"rop_publish_now_history":[],"rop_publish_now_status":"pending","_uag_custom_page_level_css":"","footnotes":""},"categories":[15,16,14,1,17],"tags":[1009,1042,1407,1405,1406,1138,2619],"class_list":["post-4499","post","type-post","status-publish","format-standard","has-post-thumbnail","hentry","category-artes-plasticasesteticas","category-cultura-tradiciones","category-filatelia","category-historia","category-patrimonio","tag-cultura","tag-filatelia-2","tag-hungria","tag-icono","tag-mariapocs","tag-patrimonio-2","tag-tricentenario"],"yoast_head":"<!-- This site is optimized with the Yoast SEO plugin v27.4 - https:\/\/yoast.com\/product\/yoast-seo-wordpress\/ -->\n<title>TRICENTENARIO DEL ICONO DE M\u00c1RIAP\u00d3CS - Blog Cultureduca educativa<\/title>\n<meta name=\"description\" content=\"TRICENTENARIO DEL ICONO DE M\u00c1RIAP\u00d3CS - Blog Cultureduca educativa -\" \/>\n<meta name=\"robots\" content=\"index, follow, max-snippet:-1, max-image-preview:large, max-video-preview:-1\" \/>\n<link rel=\"canonical\" href=\"https:\/\/natureduca.com\/culturblog\/tricentenario-del-icono-de-mariapocs\/\" \/>\n<meta property=\"og:locale\" content=\"es_ES\" \/>\n<meta property=\"og:type\" content=\"article\" \/>\n<meta property=\"og:title\" content=\"TRICENTENARIO DEL ICONO DE M\u00c1RIAP\u00d3CS - Blog Cultureduca educativa\" \/>\n<meta property=\"og:description\" content=\"TRICENTENARIO DEL ICONO DE M\u00c1RIAP\u00d3CS - Blog Cultureduca educativa -\" \/>\n<meta property=\"og:url\" content=\"https:\/\/natureduca.com\/culturblog\/tricentenario-del-icono-de-mariapocs\/\" \/>\n<meta property=\"og:site_name\" content=\"Blog Cultureduca educativa\" \/>\n<meta property=\"article:publisher\" content=\"https:\/\/www.facebook.com\/groups\/cultureduca\/\" \/>\n<meta property=\"article:published_time\" content=\"2016-04-09T20:59:52+00:00\" \/>\n<meta property=\"article:modified_time\" content=\"2018-12-22T09:08:04+00:00\" \/>\n<meta property=\"og:image\" content=\"https:\/\/natureduca.com\/culturblog\/wp-content\/uploads\/cropped-cabecera-culturblog.jpg\" \/>\n\t<meta property=\"og:image:width\" content=\"1200\" \/>\n\t<meta property=\"og:image:height\" content=\"120\" \/>\n\t<meta property=\"og:image:type\" content=\"image\/jpeg\" \/>\n<meta name=\"author\" content=\"Juan Franco Crespo\" \/>\n<meta name=\"twitter:label1\" content=\"Escrito por\" \/>\n\t<meta name=\"twitter:data1\" content=\"Juan Franco Crespo\" \/>\n\t<meta name=\"twitter:label2\" content=\"Tiempo de lectura\" \/>\n\t<meta name=\"twitter:data2\" content=\"2 minutos\" \/>\n<script type=\"application\/ld+json\" class=\"yoast-schema-graph\">{\"@context\":\"https:\\\/\\\/schema.org\",\"@graph\":[{\"@type\":\"Article\",\"@id\":\"https:\\\/\\\/natureduca.com\\\/culturblog\\\/tricentenario-del-icono-de-mariapocs\\\/#article\",\"isPartOf\":{\"@id\":\"https:\\\/\\\/natureduca.com\\\/culturblog\\\/tricentenario-del-icono-de-mariapocs\\\/\"},\"author\":{\"name\":\"Juan Franco Crespo\",\"@id\":\"https:\\\/\\\/natureduca.com\\\/culturblog\\\/#\\\/schema\\\/person\\\/f6dccdcd6c23ee151a1d5a173ca21baf\"},\"headline\":\"TRICENTENARIO DEL ICONO DE M\u00c1RIAP\u00d3CS\",\"datePublished\":\"2016-04-09T20:59:52+00:00\",\"dateModified\":\"2018-12-22T09:08:04+00:00\",\"mainEntityOfPage\":{\"@id\":\"https:\\\/\\\/natureduca.com\\\/culturblog\\\/tricentenario-del-icono-de-mariapocs\\\/\"},\"wordCount\":429,\"commentCount\":0,\"publisher\":{\"@id\":\"https:\\\/\\\/natureduca.com\\\/culturblog\\\/#organization\"},\"image\":{\"@id\":\"https:\\\/\\\/natureduca.com\\\/culturblog\\\/tricentenario-del-icono-de-mariapocs\\\/#primaryimage\"},\"thumbnailUrl\":\"https:\\\/\\\/natureduca.com\\\/images_culturblog\\\/icono_mariapocs01.jpg\",\"keywords\":[\"cultura\",\"filatelia\",\"hungria\",\"icono\",\"mariapocs\",\"patrimonio\",\"tricentenario\"],\"articleSection\":[\"Artes pl\u00e1sticas\\\/est\u00e9ticas\",\"Cultura \\\/ tradiciones\",\"Filatelia\",\"Historia\",\"Patrimonio\"],\"inLanguage\":\"es\",\"potentialAction\":[{\"@type\":\"CommentAction\",\"name\":\"Comment\",\"target\":[\"https:\\\/\\\/natureduca.com\\\/culturblog\\\/tricentenario-del-icono-de-mariapocs\\\/#respond\"]}]},{\"@type\":\"WebPage\",\"@id\":\"https:\\\/\\\/natureduca.com\\\/culturblog\\\/tricentenario-del-icono-de-mariapocs\\\/\",\"url\":\"https:\\\/\\\/natureduca.com\\\/culturblog\\\/tricentenario-del-icono-de-mariapocs\\\/\",\"name\":\"TRICENTENARIO DEL ICONO DE M\u00c1RIAP\u00d3CS - Blog Cultureduca educativa\",\"isPartOf\":{\"@id\":\"https:\\\/\\\/natureduca.com\\\/culturblog\\\/#website\"},\"primaryImageOfPage\":{\"@id\":\"https:\\\/\\\/natureduca.com\\\/culturblog\\\/tricentenario-del-icono-de-mariapocs\\\/#primaryimage\"},\"image\":{\"@id\":\"https:\\\/\\\/natureduca.com\\\/culturblog\\\/tricentenario-del-icono-de-mariapocs\\\/#primaryimage\"},\"thumbnailUrl\":\"https:\\\/\\\/natureduca.com\\\/images_culturblog\\\/icono_mariapocs01.jpg\",\"datePublished\":\"2016-04-09T20:59:52+00:00\",\"dateModified\":\"2018-12-22T09:08:04+00:00\",\"description\":\"TRICENTENARIO DEL ICONO DE M\u00c1RIAP\u00d3CS - Blog Cultureduca educativa -\",\"breadcrumb\":{\"@id\":\"https:\\\/\\\/natureduca.com\\\/culturblog\\\/tricentenario-del-icono-de-mariapocs\\\/#breadcrumb\"},\"inLanguage\":\"es\",\"potentialAction\":[{\"@type\":\"ReadAction\",\"target\":[\"https:\\\/\\\/natureduca.com\\\/culturblog\\\/tricentenario-del-icono-de-mariapocs\\\/\"]}]},{\"@type\":\"ImageObject\",\"inLanguage\":\"es\",\"@id\":\"https:\\\/\\\/natureduca.com\\\/culturblog\\\/tricentenario-del-icono-de-mariapocs\\\/#primaryimage\",\"url\":\"https:\\\/\\\/natureduca.com\\\/images_culturblog\\\/icono_mariapocs01.jpg\",\"contentUrl\":\"https:\\\/\\\/natureduca.com\\\/images_culturblog\\\/icono_mariapocs01.jpg\"},{\"@type\":\"BreadcrumbList\",\"@id\":\"https:\\\/\\\/natureduca.com\\\/culturblog\\\/tricentenario-del-icono-de-mariapocs\\\/#breadcrumb\",\"itemListElement\":[{\"@type\":\"ListItem\",\"position\":1,\"name\":\"Portada\",\"item\":\"https:\\\/\\\/natureduca.com\\\/culturblog\\\/\"},{\"@type\":\"ListItem\",\"position\":2,\"name\":\"TRICENTENARIO DEL ICONO DE M\u00c1RIAP\u00d3CS\"}]},{\"@type\":\"WebSite\",\"@id\":\"https:\\\/\\\/natureduca.com\\\/culturblog\\\/#website\",\"url\":\"https:\\\/\\\/natureduca.com\\\/culturblog\\\/\",\"name\":\"Blog Cultureduca\",\"description\":\"Blog educativo de las Letras y las Artes Pl\u00e1sticas y Est\u00e9ticas\",\"publisher\":{\"@id\":\"https:\\\/\\\/natureduca.com\\\/culturblog\\\/#organization\"},\"alternateName\":\"Blog Cultura educativa\",\"potentialAction\":[{\"@type\":\"SearchAction\",\"target\":{\"@type\":\"EntryPoint\",\"urlTemplate\":\"https:\\\/\\\/natureduca.com\\\/culturblog\\\/?s={search_term_string}\"},\"query-input\":{\"@type\":\"PropertyValueSpecification\",\"valueRequired\":true,\"valueName\":\"search_term_string\"}}],\"inLanguage\":\"es\"},{\"@type\":\"Organization\",\"@id\":\"https:\\\/\\\/natureduca.com\\\/culturblog\\\/#organization\",\"name\":\"ASOCAE\",\"alternateName\":\"Asociaci\u00f3n para la Cultura, el Arte y la Educaci\u00f3n\",\"url\":\"https:\\\/\\\/natureduca.com\\\/culturblog\\\/\",\"logo\":{\"@type\":\"ImageObject\",\"inLanguage\":\"es\",\"@id\":\"https:\\\/\\\/natureduca.com\\\/culturblog\\\/#\\\/schema\\\/logo\\\/image\\\/\",\"url\":\"https:\\\/\\\/natureduca.com\\\/culturblog\\\/wp-content\\\/uploads\\\/cultureduca_ico_cab.png\",\"contentUrl\":\"https:\\\/\\\/natureduca.com\\\/culturblog\\\/wp-content\\\/uploads\\\/cultureduca_ico_cab.png\",\"width\":22,\"height\":24,\"caption\":\"ASOCAE\"},\"image\":{\"@id\":\"https:\\\/\\\/natureduca.com\\\/culturblog\\\/#\\\/schema\\\/logo\\\/image\\\/\"},\"sameAs\":[\"https:\\\/\\\/www.facebook.com\\\/groups\\\/cultureduca\\\/\",\"https:\\\/\\\/x.com\\\/Cultureduca\"]},{\"@type\":\"Person\",\"@id\":\"https:\\\/\\\/natureduca.com\\\/culturblog\\\/#\\\/schema\\\/person\\\/f6dccdcd6c23ee151a1d5a173ca21baf\",\"name\":\"Juan Franco Crespo\",\"image\":{\"@type\":\"ImageObject\",\"inLanguage\":\"es\",\"@id\":\"https:\\\/\\\/secure.gravatar.com\\\/avatar\\\/0a938c68d1292af5b03d9c8f39678b30bdf6e89857a75a3aa18efa5e77e33f8a?s=96&d=monsterid&r=g\",\"url\":\"https:\\\/\\\/secure.gravatar.com\\\/avatar\\\/0a938c68d1292af5b03d9c8f39678b30bdf6e89857a75a3aa18efa5e77e33f8a?s=96&d=monsterid&r=g\",\"contentUrl\":\"https:\\\/\\\/secure.gravatar.com\\\/avatar\\\/0a938c68d1292af5b03d9c8f39678b30bdf6e89857a75a3aa18efa5e77e33f8a?s=96&d=monsterid&r=g\",\"caption\":\"Juan Franco Crespo\"},\"url\":\"https:\\\/\\\/natureduca.com\\\/culturblog\\\/author\\\/juan\\\/\"}]}<\/script>\n<!-- \/ Yoast SEO plugin. -->","yoast_head_json":{"title":"TRICENTENARIO DEL ICONO DE M\u00c1RIAP\u00d3CS - Blog Cultureduca educativa","description":"TRICENTENARIO DEL ICONO DE M\u00c1RIAP\u00d3CS - Blog Cultureduca educativa -","robots":{"index":"index","follow":"follow","max-snippet":"max-snippet:-1","max-image-preview":"max-image-preview:large","max-video-preview":"max-video-preview:-1"},"canonical":"https:\/\/natureduca.com\/culturblog\/tricentenario-del-icono-de-mariapocs\/","og_locale":"es_ES","og_type":"article","og_title":"TRICENTENARIO DEL ICONO DE M\u00c1RIAP\u00d3CS - Blog Cultureduca educativa","og_description":"TRICENTENARIO DEL ICONO DE M\u00c1RIAP\u00d3CS - Blog Cultureduca educativa -","og_url":"https:\/\/natureduca.com\/culturblog\/tricentenario-del-icono-de-mariapocs\/","og_site_name":"Blog Cultureduca educativa","article_publisher":"https:\/\/www.facebook.com\/groups\/cultureduca\/","article_published_time":"2016-04-09T20:59:52+00:00","article_modified_time":"2018-12-22T09:08:04+00:00","og_image":[{"width":1200,"height":120,"url":"https:\/\/natureduca.com\/culturblog\/wp-content\/uploads\/cropped-cabecera-culturblog.jpg","type":"image\/jpeg"}],"author":"Juan Franco Crespo","twitter_misc":{"Escrito por":"Juan Franco Crespo","Tiempo de lectura":"2 minutos"},"schema":{"@context":"https:\/\/schema.org","@graph":[{"@type":"Article","@id":"https:\/\/natureduca.com\/culturblog\/tricentenario-del-icono-de-mariapocs\/#article","isPartOf":{"@id":"https:\/\/natureduca.com\/culturblog\/tricentenario-del-icono-de-mariapocs\/"},"author":{"name":"Juan Franco Crespo","@id":"https:\/\/natureduca.com\/culturblog\/#\/schema\/person\/f6dccdcd6c23ee151a1d5a173ca21baf"},"headline":"TRICENTENARIO DEL ICONO DE M\u00c1RIAP\u00d3CS","datePublished":"2016-04-09T20:59:52+00:00","dateModified":"2018-12-22T09:08:04+00:00","mainEntityOfPage":{"@id":"https:\/\/natureduca.com\/culturblog\/tricentenario-del-icono-de-mariapocs\/"},"wordCount":429,"commentCount":0,"publisher":{"@id":"https:\/\/natureduca.com\/culturblog\/#organization"},"image":{"@id":"https:\/\/natureduca.com\/culturblog\/tricentenario-del-icono-de-mariapocs\/#primaryimage"},"thumbnailUrl":"https:\/\/natureduca.com\/images_culturblog\/icono_mariapocs01.jpg","keywords":["cultura","filatelia","hungria","icono","mariapocs","patrimonio","tricentenario"],"articleSection":["Artes pl\u00e1sticas\/est\u00e9ticas","Cultura \/ tradiciones","Filatelia","Historia","Patrimonio"],"inLanguage":"es","potentialAction":[{"@type":"CommentAction","name":"Comment","target":["https:\/\/natureduca.com\/culturblog\/tricentenario-del-icono-de-mariapocs\/#respond"]}]},{"@type":"WebPage","@id":"https:\/\/natureduca.com\/culturblog\/tricentenario-del-icono-de-mariapocs\/","url":"https:\/\/natureduca.com\/culturblog\/tricentenario-del-icono-de-mariapocs\/","name":"TRICENTENARIO DEL ICONO DE M\u00c1RIAP\u00d3CS - Blog Cultureduca educativa","isPartOf":{"@id":"https:\/\/natureduca.com\/culturblog\/#website"},"primaryImageOfPage":{"@id":"https:\/\/natureduca.com\/culturblog\/tricentenario-del-icono-de-mariapocs\/#primaryimage"},"image":{"@id":"https:\/\/natureduca.com\/culturblog\/tricentenario-del-icono-de-mariapocs\/#primaryimage"},"thumbnailUrl":"https:\/\/natureduca.com\/images_culturblog\/icono_mariapocs01.jpg","datePublished":"2016-04-09T20:59:52+00:00","dateModified":"2018-12-22T09:08:04+00:00","description":"TRICENTENARIO DEL ICONO DE M\u00c1RIAP\u00d3CS - Blog Cultureduca educativa -","breadcrumb":{"@id":"https:\/\/natureduca.com\/culturblog\/tricentenario-del-icono-de-mariapocs\/#breadcrumb"},"inLanguage":"es","potentialAction":[{"@type":"ReadAction","target":["https:\/\/natureduca.com\/culturblog\/tricentenario-del-icono-de-mariapocs\/"]}]},{"@type":"ImageObject","inLanguage":"es","@id":"https:\/\/natureduca.com\/culturblog\/tricentenario-del-icono-de-mariapocs\/#primaryimage","url":"https:\/\/natureduca.com\/images_culturblog\/icono_mariapocs01.jpg","contentUrl":"https:\/\/natureduca.com\/images_culturblog\/icono_mariapocs01.jpg"},{"@type":"BreadcrumbList","@id":"https:\/\/natureduca.com\/culturblog\/tricentenario-del-icono-de-mariapocs\/#breadcrumb","itemListElement":[{"@type":"ListItem","position":1,"name":"Portada","item":"https:\/\/natureduca.com\/culturblog\/"},{"@type":"ListItem","position":2,"name":"TRICENTENARIO DEL ICONO DE M\u00c1RIAP\u00d3CS"}]},{"@type":"WebSite","@id":"https:\/\/natureduca.com\/culturblog\/#website","url":"https:\/\/natureduca.com\/culturblog\/","name":"Blog Cultureduca","description":"Blog educativo de las Letras y las Artes Pl\u00e1sticas y Est\u00e9ticas","publisher":{"@id":"https:\/\/natureduca.com\/culturblog\/#organization"},"alternateName":"Blog Cultura educativa","potentialAction":[{"@type":"SearchAction","target":{"@type":"EntryPoint","urlTemplate":"https:\/\/natureduca.com\/culturblog\/?s={search_term_string}"},"query-input":{"@type":"PropertyValueSpecification","valueRequired":true,"valueName":"search_term_string"}}],"inLanguage":"es"},{"@type":"Organization","@id":"https:\/\/natureduca.com\/culturblog\/#organization","name":"ASOCAE","alternateName":"Asociaci\u00f3n para la Cultura, el Arte y la Educaci\u00f3n","url":"https:\/\/natureduca.com\/culturblog\/","logo":{"@type":"ImageObject","inLanguage":"es","@id":"https:\/\/natureduca.com\/culturblog\/#\/schema\/logo\/image\/","url":"https:\/\/natureduca.com\/culturblog\/wp-content\/uploads\/cultureduca_ico_cab.png","contentUrl":"https:\/\/natureduca.com\/culturblog\/wp-content\/uploads\/cultureduca_ico_cab.png","width":22,"height":24,"caption":"ASOCAE"},"image":{"@id":"https:\/\/natureduca.com\/culturblog\/#\/schema\/logo\/image\/"},"sameAs":["https:\/\/www.facebook.com\/groups\/cultureduca\/","https:\/\/x.com\/Cultureduca"]},{"@type":"Person","@id":"https:\/\/natureduca.com\/culturblog\/#\/schema\/person\/f6dccdcd6c23ee151a1d5a173ca21baf","name":"Juan Franco Crespo","image":{"@type":"ImageObject","inLanguage":"es","@id":"https:\/\/secure.gravatar.com\/avatar\/0a938c68d1292af5b03d9c8f39678b30bdf6e89857a75a3aa18efa5e77e33f8a?s=96&d=monsterid&r=g","url":"https:\/\/secure.gravatar.com\/avatar\/0a938c68d1292af5b03d9c8f39678b30bdf6e89857a75a3aa18efa5e77e33f8a?s=96&d=monsterid&r=g","contentUrl":"https:\/\/secure.gravatar.com\/avatar\/0a938c68d1292af5b03d9c8f39678b30bdf6e89857a75a3aa18efa5e77e33f8a?s=96&d=monsterid&r=g","caption":"Juan Franco Crespo"},"url":"https:\/\/natureduca.com\/culturblog\/author\/juan\/"}]}},"featured_image_src":null,"featured_image_src_square":null,"author_info":{"display_name":"Juan Franco Crespo","author_link":"https:\/\/natureduca.com\/culturblog\/author\/juan\/"},"uagb_featured_image_src":{"full":false,"thumbnail":false,"medium":false,"medium_large":false,"large":false,"1536x1536":false,"2048x2048":false,"custom":false,"gb-block-post-grid-landscape":false,"gb-block-post-grid-square":false,"post-thumbnail":false,"header":false,"slider":false,"columns":false},"uagb_author_info":{"display_name":"Juan Franco Crespo","author_link":"https:\/\/natureduca.com\/culturblog\/author\/juan\/"},"uagb_comment_info":0,"uagb_excerpt":"&nbsp; Hajd\u00fadorog, con poco m\u00e1s de 10.000 almas, fue en su tiempo la sede del \u00fanico obispado ortodoxo de Hungr\u00eda y ese fue el motivo para que en el 2012 se emitiera un sello conmemorativo del Centenario de la di\u00f3cesis, este sello se emple\u00f3 para confeccionar el tr\u00edptico-tarjeta conmemorativo del\u2026 Seguir leyendo...","amp_enabled":true,"_links":{"self":[{"href":"https:\/\/natureduca.com\/culturblog\/wp-json\/wp\/v2\/posts\/4499","targetHints":{"allow":["GET"]}}],"collection":[{"href":"https:\/\/natureduca.com\/culturblog\/wp-json\/wp\/v2\/posts"}],"about":[{"href":"https:\/\/natureduca.com\/culturblog\/wp-json\/wp\/v2\/types\/post"}],"author":[{"embeddable":true,"href":"https:\/\/natureduca.com\/culturblog\/wp-json\/wp\/v2\/users\/8"}],"replies":[{"embeddable":true,"href":"https:\/\/natureduca.com\/culturblog\/wp-json\/wp\/v2\/comments?post=4499"}],"version-history":[{"count":0,"href":"https:\/\/natureduca.com\/culturblog\/wp-json\/wp\/v2\/posts\/4499\/revisions"}],"wp:featuredmedia":[{"embeddable":true,"href":"https:\/\/natureduca.com\/culturblog\/wp-json\/"}],"wp:attachment":[{"href":"https:\/\/natureduca.com\/culturblog\/wp-json\/wp\/v2\/media?parent=4499"}],"wp:term":[{"taxonomy":"category","embeddable":true,"href":"https:\/\/natureduca.com\/culturblog\/wp-json\/wp\/v2\/categories?post=4499"},{"taxonomy":"post_tag","embeddable":true,"href":"https:\/\/natureduca.com\/culturblog\/wp-json\/wp\/v2\/tags?post=4499"}],"curies":[{"name":"wp","href":"https:\/\/api.w.org\/{rel}","templated":true}]}}