{"id":421,"date":"2009-10-11T13:55:37","date_gmt":"2009-10-11T11:55:37","guid":{"rendered":"http:\/\/www.cultureduca.com\/blog\/?p=421"},"modified":"2015-05-21T14:53:15","modified_gmt":"2015-05-21T12:53:15","slug":"la-universidad-de-narino-colombia","status":"publish","type":"post","link":"https:\/\/natureduca.com\/culturblog\/la-universidad-de-narino-colombia\/","title":{"rendered":"La Universidad de Nari\u00f1o (Colombia)"},"content":{"rendered":"<p align=\"left\"><span class=\"titulo\"><font size=\"2\" color=\"#9b4e00\"><\/font><\/span><\/p>\n<p align=\"left\"><span class=\"titulo\"><font size=\"2\" color=\"#9b4e00\">Historia de la Instituci\u00f3n<\/font><\/span><\/p>\n<p align=\"left\"><span class=\"contenido\"><font size=\"2\">Los or\u00edgenes de la Universidad de Nari\u00f1o se remontan al a\u00f1o de 1712, cuando se estableci\u00f3 el Colegio de la Compa\u00f1\u00eda de Jes\u00fas gracias a numerosas campa\u00f1as y donaciones de la comunidad, la cual logr\u00f3 reunir la suma de 43.000 patacones para la construcci\u00f3n del colegio, en el mismo sitio donde hoy se encuentra la sede de la Universidad, en el centro de la ciudad.<\/font><\/span><\/p>\n<p align=\"left\"><span class=\"contenido\"><font size=\"2\">En el colegio mencionado, fue notable la ense\u00f1anza de latinidad, lengua espa\u00f1ola e historia eclesi\u00e1stica. En 1767, a ra\u00edz de la expulsi\u00f3n de los jesuitas del territorio de Am\u00e9rica decretada por Carlos III, se cerr\u00f3 el colegio, situaci\u00f3n que afect\u00f3 la educaci\u00f3n regional.<\/font><\/span><\/p>\n<p align=\"left\"><span class=\"contenido\"><font size=\"2\">En 1791, se reanudaron las actividades acad\u00e9micas, esta vez con el nombre de Real Colegio Seminario, el cual logr\u00f3 subsistir con numerosas dificultades hasta 1822, \u00e9poca en que la ciudad se vio envuelta en numerosos conflictos por su posici\u00f3n en defensa de Espa\u00f1a. Las instalaciones del plantel fueron convertidas en cuartel militar y muchos de los estudiantes pasaron a engrosar las filas de los ej\u00e9rcitos realistas.\u00a0<\/font><\/span><\/p>\n<p align=\"left\"><span class=\"contenido\"><font size=\"2\">Ante las solicitudes hechas a Bol\u00edvar para restablecer el colegio, \u00e9ste orden\u00f3 la devoluci\u00f3n de las instalaciones. En 1827, el General Francisco de Paula Santander expidi\u00f3 un decreto por el cual se estableci\u00f3 en la ciudad de Pasto un Colegio Provincial, con c\u00e1tedras de gram\u00e1tica latina, filosof\u00eda, gram\u00e1tica castellana y otras m\u00e1s de ense\u00f1anza superior. <\/font><\/span><\/p>\n<p align=\"left\"><span class=\"contenido\"><font size=\"2\">Este hecho fue recibido con gran regocijo por la ciudadan\u00eda y se lo consider\u00f3 como una reconciliaci\u00f3n de la Rep\u00fablica con la ciudad realista.<\/font><\/span><\/p>\n<p align=\"left\"><span class=\"contenido\"><font size=\"2\">En 1832, por gestiones de Fray Antonio Burbano, se adecu\u00f3 el edificio y reanud\u00f3 actividades acad\u00e9micas bajo su direcci\u00f3n. En esta ocasi\u00f3n tom\u00f3 el nombre de Colegio de San Agust\u00edn, en honor a la congregaci\u00f3n a la que pertenec\u00eda este benefactor. El consigui\u00f3 aportes nacionales y don\u00f3 su propia hacienda, para que con la renta que produjera se iniciaran estudios de teolog\u00eda. A la muerte del padre Burbano, el Consejo nombr\u00f3 al doctor Antonio Jos\u00e9 Chaves como rector. El nuevo directivo increment\u00f3 la educaci\u00f3n secundaria; sostuvo la ense\u00f1anza profesional del Derecho y estableci\u00f3 la c\u00e1tedra de Teolog\u00eda. Por estos antecedentes, el historiador Sergio El\u00edas Ortiz, sit\u00faa el origen de la Universidad de Nari\u00f1o en el acto legal de creaci\u00f3n del Colegio de San Agust\u00edn en la Provincia de Pasto.<\/font><\/span><\/p>\n<p align=\"left\"><span class=\"contenido\"><font size=\"2\">Al finalizar la d\u00e9cada de 1850, el plantel tom\u00f3 el nombre de Colegio Acad\u00e9mico, \u00e9ste se constituy\u00f3 en el centro educativo de mayor importancia en la regi\u00f3n. Sin embargo, su existencia estuvo estrechamente ligada a las contiendas que surgieron en numerosas ocasiones durante la segunda mitad del siglo XIX, debido a las diferentes concepciones frente a la necesidad de: modernizaci\u00f3n del pa\u00eds, secularizaci\u00f3n de la sociedad, separaci\u00f3n iglesia-estado y, oficializaci\u00f3n de la educaci\u00f3n laica, obligatoria y gratuita.\u00a0<\/font><\/span><\/p>\n<p align=\"left\"><span class=\"contenido\"><font size=\"2\">En 1832, por gestiones de Fray Antonio Burbano, se adecu\u00f3 el edificio y reanud\u00f3 actividades acad\u00e9micas bajo su direcci\u00f3n. En esta ocasi\u00f3n tom\u00f3 el nombre de Colegio de San Agust\u00edn, en honor a la congregaci\u00f3n a la que pertenec\u00eda este benefactor. El consigui\u00f3 aportes nacionales y don\u00f3 su propia hacienda, para que con la renta que produjera se iniciaran estudios de teolog\u00eda. A la muerte del padre Burbano, el Consejo nombr\u00f3 al doctor Antonio Jos\u00e9 Chaves como rector. El nuevo directivo increment\u00f3 la educaci\u00f3n secundaria; sostuvo la ense\u00f1anza profesional del Derecho y estableci\u00f3 la c\u00e1tedra de Teolog\u00eda. Por estos antecedentes, el historiador Sergio El\u00edas Ortiz, sit\u00faa el origen de la Universidad de Nari\u00f1o en el acto legal de creaci\u00f3n del Colegio de San Agust\u00edn en la Provincia de Pasto.<\/font><\/span><\/p>\n<p align=\"left\"><span class=\"contenido\"><font size=\"2\">En 1867, mediante ley 205 del mes de agosto, se estableci\u00f3 la ense\u00f1anza de Medicina en el Colegio Acad\u00e9mico. Al finalizar la d\u00e9cada exist\u00edan 96 estudiantes matriculados en las facultades de Filosof\u00eda, Jurisprudencia y Medicina. <\/font><\/span><\/p>\n<p align=\"left\"><span class=\"contenido\"><font size=\"2\">Entre 1870 y 1880, el mencionado establecimiento, fue cerrado en varias ocasiones con motivo de las guerras de 1876 y 1878 y de las penurias econ\u00f3micas de la Gobernaci\u00f3n del Cauca de la que el plantel depend\u00eda financieramente. <\/font><\/span><\/p>\n<p align=\"left\"><span class=\"contenido\"><font size=\"2\">En las dos \u00faltimas d\u00e9cadas del siglo XIX el Colegio Acad\u00e9mico es objeto de reformas impulsadas por pedagogos extranjeros y nacionales, entre los cuales se menciona al ecuatoriano Miguel Egas y al portorrique\u00f1o Benigno Orbegozo. El Colegio Acad\u00e9mico tuvo categor\u00eda de Universidad, este privilegio fue concedido mediante decreto No. 726 de 11 de septiembre de 1889 por el presidente Holgu\u00edn, y ratificada por la ordenanza No. 30 de 1894, emanada de la Asamblea Departamental del Cauca. En su art\u00edculo 24 dice: \u00abLa instrucci\u00f3n Profesional se dar\u00e1 en las Facultades de Filosof\u00eda y Letras, de Derecho y Ciencias Naturales y de Ingenier\u00eda de la Universidad del Cauca, en la Facultad de Derecho del Colegio de Pasto y en las dem\u00e1s que el Consejo Directivo cree&#8230;\u00bb En 1895 por una disposici\u00f3n de la Asamblea caucana se cambi\u00f3 el nombre de Colegio Acad\u00e9mico por el de Liceo P\u00fablico de Pasto. Con el comienzo de la \u00abguerra de los mil d\u00edas\u00bb, en 1899, se cerr\u00f3 el colegio para ser ocupado por las tropas, y los estudiantes se alistaron en sus respectivos bandos. S\u00f3lo se reabri\u00f3 al final de esta confrontaci\u00f3n en 1903, v\u00edsperas de la creaci\u00f3n del Departamento de Nari\u00f1o. <\/font><\/span><\/p>\n<p align=\"left\"><span class=\"contenido\"><font size=\"2\">Una vez creado el Departamento de Nari\u00f1o, mediante la Ley 1, de agosto 6, de 1904, el primer gobernador, Juli\u00e1n Bucheli, traz\u00f3 su plan de gobierno fundamentado en tres aspectos: \u00abAdministraci\u00f3n p\u00fablica eficaz y din\u00e1mica; Infraestructura vial para el despegue de la econom\u00eda y Universidad en plena producci\u00f3n en las \u00e1reas de Ingenier\u00eda, Derecho, Filosof\u00eda y Arte\u00bb. <\/font><\/span><\/p>\n<p align=\"left\"><span class=\"contenido\"><font size=\"2\">La Facultad de Matem\u00e1ticas e Ingenier\u00eda fue suspendida en 1910, cuando Juli\u00e1n Bucheli termin\u00f3 su periodo como gobernador. En 1920 se restablece nuevamente; perdur\u00f3 dos a\u00f1os en vista de la dificultad para conseguir profesores. Los alumnos que se encontraban cursando la carrera fueron enviados a la Escuela Nacional de Minas de Medell\u00edn. En 1926, el rector \u00c1ngel Mart\u00ednez puso de nuevo en funcionamiento la Facultad hasta 1932, cuando se clausura con ocasi\u00f3n de la visita del Ministro de Educaci\u00f3n. <\/font><\/span><\/p>\n<p align=\"left\"><span class=\"contenido\"><font size=\"2\">En la rector\u00eda de Julio Moncayo Candia (1932), se suscribi\u00f3 el pacto \u00abL\u00f3pez de Mesa &#8211; Moncayo Candia\u00bb, mediante el cual la Facultad de Derecho quedar\u00eda abolida. De esta manera la Universidad se reduc\u00eda a una escuela de bachillerato. Este pacto fue desconocido en 1939. Un hecho digno de resaltar fue la creaci\u00f3n de la Facultad de Agronom\u00eda y Qu\u00edmica Industrial, entre 1935 y 1936, la cual infortunadamente no funcion\u00f3 por la ausencia de alumnos. <\/font><\/span><\/p>\n<p align=\"left\"><span class=\"contenido\"><font size=\"2\">En 1935 se decidi\u00f3 incorporar la Escuela de Artes y Oficios del Departamento a la Universidad. El p\u00e9nsum aprobado para un per\u00edodo de cuatro a\u00f1os fue: Mec\u00e1nica, Tecnolog\u00eda Mec\u00e1nica, Dibujo Lineal, Instrucci\u00f3n C\u00edvica, Electrotecnia, F\u00edsica Aplicada, Motores T\u00e9rmicos y Contabilidad de Taller. Se introdujeron talleres de \u00abBarniz de Pasto\u00bb y una secci\u00f3n de Telegraf\u00eda, debido a que en el pa\u00eds se iniciaba la conexi\u00f3n al\u00e1mbrica de las principales ciudades. En el Gobierno de L\u00f3pez Pumarejo, se cre\u00f3 una escuela nocturna para obreros. <\/font><\/span><\/p>\n<p align=\"left\"><span class=\"contenido\"><font size=\"2\">En 1937, la Escuela de Artes y Oficios se transform\u00f3 en Instituto para la ense\u00f1anza del arte, con secciones de m\u00fasica y pintura. Este fue cerrado en la d\u00e9cada del 60, para fortalecer las facultades de Agronom\u00eda y Educaci\u00f3n.<\/font><\/span><\/p>\n<p align=\"left\"><font size=\"2\">Termina aqu\u00ed la primera etapa hist\u00f3rica de la Universidad (1904 &#8211; 1939)La segunda etapa transcurre entre 1940 y 1959. Es un per\u00edodo de consolidaci\u00f3n, en el que la Universidad contribuy\u00f3 al desarrollo de la educaci\u00f3n a trav\u00e9s de la Facultad de Derecho, los Liceos de Bachillerato y la Escuela de M\u00fasica y Pintura.<\/font><\/p>\n<p align=\"left\"><font size=\"2\">En la conmemoraci\u00f3n del cincuentenario de la Universidad, 7 de noviembre de 1954, se adopt\u00f3 el \u00abHimno de la Universidad\u00bb, escrito por el doctor Alberto Quijano Guerrero, con m\u00fasica de don Gonzalo Rojas.<\/font><\/p>\n<p align=\"left\"><font size=\"2\">A partir de la d\u00e9cada del sesenta, se produjo un avance hacia la modernizaci\u00f3n y ensanche de la Universidad involucrando la educaci\u00f3n tecnol\u00f3gica y el mejoramiento de los servicios existentes.<\/font><\/p>\n<p align=\"left\"><font size=\"2\">Dentro de su esquema organizativo se crearon los departamentos y se expandieron los servicios de la Facultad de Educaci\u00f3n en la jornada nocturna. Como fruto de la demanda y del compromiso de la Universidad con la regi\u00f3n se crearon los programas de Ingenier\u00eda Civil, Econom\u00eda, Zootecnia y Artes. Con el criterio de integrar la zona andina y la Costa Pac\u00edfica, en 1986, la Universidad aprob\u00f3 la creaci\u00f3n del Programa de Ciencias del Mar en Tumaco, en la perspectiva de formar profesionales y t\u00e9cnicos para la explotaci\u00f3n racional de los recursos ictiol\u00f3gicos.<\/font><\/p>\n<p align=\"left\"><font size=\"2\">En la d\u00e9cada actual, la presi\u00f3n por el cambio y la reestructuraci\u00f3n de los procesos acad\u00e9micos y administrativos se hicieron m\u00e1s evidentes y posibilitaron: la conformaci\u00f3n de nuevas facultades; la diversificaci\u00f3n de programas; la regionalizaci\u00f3n mediante el establecimiento de sedes en diferentes municipios de Nari\u00f1o y Putumayo; la ampliaci\u00f3n de la cobertura educativa; la vinculaci\u00f3n de la Universidad mediante convenios, con instituciones nacionales e internacionales y la inserci\u00f3n en las redes mundiales del conocimiento. Podemos afirmar que el \u00abAlma Mater\u00bb a trav\u00e9s del mejoramiento permanente, impulsa con tenacidad los campos de la investigaci\u00f3n, la docencia y proyecci\u00f3n social, acordes con los retos que la modernidad le impone.<\/font><\/p>\n<p align=\"left\"><font size=\"2\">Mar\u00eda Teresa Alvarez Hoyos<br \/>\nGerardo Le\u00f3n Guerrero Vinueza<\/font><\/p>\n<table border=\"0\" width=\"500\" cellPadding=\"10\" cellSpacing=\"0\" height=\"10\">\n<tr>\n<td style=\"font-weight: normal; font-size: 8pt; color: #000000; font-family: Verdana, Arial, Helvetica, sans-serif; text-decoration: none\">\u00a0<\/td>\n<\/tr>\n<\/table>\n<table border=\"0\" bgColor=\"#e9e9d1\" width=\"500\" cellPadding=\"0\" cellSpacing=\"0\">\n<tr>\n<td width=\"5\">\u00a0<\/td>\n<td width=\"5\"><img loading=\"lazy\" decoding=\"async\" border=\"0\" align=\"absMiddle\" width=\"15\" src=\"http:\/\/www.natureduca.com\/logos\/logo_infoblog1.gif\" height=\"15\" \/> <img loading=\"lazy\" decoding=\"async\" border=\"0\" align=\"absMiddle\" width=\"15\" src=\"http:\/\/www.natureduca.com\/logos\/logo_infoblog2.gif\" height=\"15\" \/><\/td>\n<td>\n<p align=\"left\"><font size=\"2\" color=\"#993300\">\u00a0Informaci\u00f3n procedente de la Universidad de Nari\u00f1o<br \/>\n\u00a0M\u00e1s informaci\u00f3n en la web de la Instituci\u00f3n &#8211;&gt;<\/font><font size=\"2\">Aqu\u00ed<\/font><\/p>\n<\/td>\n<\/tr>\n<\/table>\n<table border=\"0\" width=\"500\" cellPadding=\"10\" cellSpacing=\"0\" height=\"10\">\n<tr>\n<td style=\"font-weight: normal; font-size: 8pt; color: #000000; font-family: Verdana, Arial, Helvetica, sans-serif; text-decoration: none\">\u00a0<\/td>\n<\/tr>\n<\/table>\n","protected":false},"excerpt":{"rendered":"<p>Historia de la Instituci\u00f3n Los or\u00edgenes de la Universidad de Nari\u00f1o se remontan al a\u00f1o de 1712, cuando se estableci\u00f3 el Colegio de la Compa\u00f1\u00eda de Jes\u00fas gracias a numerosas campa\u00f1as y donaciones de la comunidad, la cual logr\u00f3 reunir la suma de 43.000 patacones para la construcci\u00f3n del colegio,\u2026<\/p>\n<p class=\"continue-reading-button\"> <a class=\"continue-reading-link\" href=\"https:\/\/natureduca.com\/culturblog\/la-universidad-de-narino-colombia\/\">Seguir leyendo&#8230;<i class=\"crycon-right-dir\"><\/i><\/a><\/p>\n","protected":false},"author":75,"featured_media":-1,"comment_status":"open","ping_status":"open","sticky":false,"template":"","format":"standard","meta":{"rop_custom_images_group":[],"rop_custom_messages_group":[],"rop_publish_now":"initial","rop_publish_now_accounts":{"twitter_226634691_226634691":""},"rop_publish_now_history":[],"rop_publish_now_status":"pending","_uag_custom_page_level_css":"","footnotes":""},"categories":[21],"tags":[1016,1139,1012,1013,1104,1023,1034,1017,1052,1054,1060,1142,1065,1027,1025,1021,1116,1064],"class_list":["post-421","post","type-post","status-publish","format-standard","has-post-thumbnail","hentry","category-instituciones","tag-arte","tag-artes","tag-ave","tag-ciencia","tag-docencia","tag-gobierno","tag-guerra","tag-historia","tag-iglesia","tag-industria","tag-lengua","tag-ley","tag-medicina","tag-militar","tag-rosa","tag-sociedad","tag-talleres","tag-universidad"],"yoast_head":"<!-- This site is optimized with the Yoast SEO plugin v27.5 - https:\/\/yoast.com\/product\/yoast-seo-wordpress\/ -->\n<title>La Universidad de Nari\u00f1o (Colombia) - Blog Cultureduca educativa<\/title>\n<meta name=\"description\" content=\"La Universidad de Nari\u00f1o (Colombia) - Blog Cultureduca educativa -\" \/>\n<meta name=\"robots\" content=\"index, follow, max-snippet:-1, max-image-preview:large, max-video-preview:-1\" \/>\n<link rel=\"canonical\" href=\"https:\/\/natureduca.com\/culturblog\/la-universidad-de-narino-colombia\/\" \/>\n<meta property=\"og:locale\" content=\"es_ES\" \/>\n<meta property=\"og:type\" content=\"article\" \/>\n<meta property=\"og:title\" content=\"La Universidad de Nari\u00f1o (Colombia) - Blog Cultureduca educativa\" \/>\n<meta property=\"og:description\" content=\"La Universidad de Nari\u00f1o (Colombia) - Blog Cultureduca educativa -\" \/>\n<meta property=\"og:url\" content=\"https:\/\/natureduca.com\/culturblog\/la-universidad-de-narino-colombia\/\" \/>\n<meta property=\"og:site_name\" content=\"Blog Cultureduca educativa\" \/>\n<meta property=\"article:publisher\" content=\"https:\/\/www.facebook.com\/groups\/cultureduca\/\" \/>\n<meta property=\"article:published_time\" content=\"2009-10-11T11:55:37+00:00\" \/>\n<meta property=\"article:modified_time\" content=\"2015-05-21T12:53:15+00:00\" \/>\n<meta property=\"og:image\" content=\"https:\/\/natureduca.com\/culturblog\/wp-content\/uploads\/cropped-cabecera-culturblog.jpg\" \/>\n\t<meta property=\"og:image:width\" content=\"1200\" \/>\n\t<meta property=\"og:image:height\" content=\"120\" \/>\n\t<meta property=\"og:image:type\" content=\"image\/jpeg\" \/>\n<meta name=\"author\" content=\"Admin\" \/>\n<meta name=\"twitter:label1\" content=\"Escrito por\" \/>\n\t<meta name=\"twitter:data1\" content=\"Admin\" \/>\n\t<meta name=\"twitter:label2\" content=\"Tiempo de lectura\" \/>\n\t<meta name=\"twitter:data2\" content=\"8 minutos\" \/>\n<script type=\"application\/ld+json\" class=\"yoast-schema-graph\">{\"@context\":\"https:\\\/\\\/schema.org\",\"@graph\":[{\"@type\":\"Article\",\"@id\":\"https:\\\/\\\/natureduca.com\\\/culturblog\\\/la-universidad-de-narino-colombia\\\/#article\",\"isPartOf\":{\"@id\":\"https:\\\/\\\/natureduca.com\\\/culturblog\\\/la-universidad-de-narino-colombia\\\/\"},\"author\":{\"name\":\"Admin\",\"@id\":\"https:\\\/\\\/natureduca.com\\\/culturblog\\\/#\\\/schema\\\/person\\\/2ede2c4f1845fa2eef27442aa5aa7200\"},\"headline\":\"La Universidad de Nari\u00f1o (Colombia)\",\"datePublished\":\"2009-10-11T11:55:37+00:00\",\"dateModified\":\"2015-05-21T12:53:15+00:00\",\"mainEntityOfPage\":{\"@id\":\"https:\\\/\\\/natureduca.com\\\/culturblog\\\/la-universidad-de-narino-colombia\\\/\"},\"wordCount\":1682,\"commentCount\":0,\"publisher\":{\"@id\":\"https:\\\/\\\/natureduca.com\\\/culturblog\\\/#organization\"},\"image\":{\"@id\":\"https:\\\/\\\/natureduca.com\\\/culturblog\\\/la-universidad-de-narino-colombia\\\/#primaryimage\"},\"thumbnailUrl\":\"http:\\\/\\\/www.natureduca.com\\\/logos\\\/logo_infoblog1.gif\",\"keywords\":[\"arte\",\"artes\",\"ave\",\"ciencia\",\"docencia\",\"gobierno\",\"guerra\",\"historia\",\"iglesia\",\"industria\",\"lengua\",\"ley\",\"medicina\",\"militar\",\"rosa\",\"sociedad\",\"talleres\",\"universidad\"],\"articleSection\":[\"Instituciones\"],\"inLanguage\":\"es\",\"potentialAction\":[{\"@type\":\"CommentAction\",\"name\":\"Comment\",\"target\":[\"https:\\\/\\\/natureduca.com\\\/culturblog\\\/la-universidad-de-narino-colombia\\\/#respond\"]}]},{\"@type\":\"WebPage\",\"@id\":\"https:\\\/\\\/natureduca.com\\\/culturblog\\\/la-universidad-de-narino-colombia\\\/\",\"url\":\"https:\\\/\\\/natureduca.com\\\/culturblog\\\/la-universidad-de-narino-colombia\\\/\",\"name\":\"La Universidad de Nari\u00f1o (Colombia) - Blog Cultureduca educativa\",\"isPartOf\":{\"@id\":\"https:\\\/\\\/natureduca.com\\\/culturblog\\\/#website\"},\"primaryImageOfPage\":{\"@id\":\"https:\\\/\\\/natureduca.com\\\/culturblog\\\/la-universidad-de-narino-colombia\\\/#primaryimage\"},\"image\":{\"@id\":\"https:\\\/\\\/natureduca.com\\\/culturblog\\\/la-universidad-de-narino-colombia\\\/#primaryimage\"},\"thumbnailUrl\":\"http:\\\/\\\/www.natureduca.com\\\/logos\\\/logo_infoblog1.gif\",\"datePublished\":\"2009-10-11T11:55:37+00:00\",\"dateModified\":\"2015-05-21T12:53:15+00:00\",\"description\":\"La Universidad de Nari\u00f1o (Colombia) - Blog Cultureduca educativa -\",\"breadcrumb\":{\"@id\":\"https:\\\/\\\/natureduca.com\\\/culturblog\\\/la-universidad-de-narino-colombia\\\/#breadcrumb\"},\"inLanguage\":\"es\",\"potentialAction\":[{\"@type\":\"ReadAction\",\"target\":[\"https:\\\/\\\/natureduca.com\\\/culturblog\\\/la-universidad-de-narino-colombia\\\/\"]}]},{\"@type\":\"ImageObject\",\"inLanguage\":\"es\",\"@id\":\"https:\\\/\\\/natureduca.com\\\/culturblog\\\/la-universidad-de-narino-colombia\\\/#primaryimage\",\"url\":\"http:\\\/\\\/www.natureduca.com\\\/logos\\\/logo_infoblog1.gif\",\"contentUrl\":\"http:\\\/\\\/www.natureduca.com\\\/logos\\\/logo_infoblog1.gif\"},{\"@type\":\"BreadcrumbList\",\"@id\":\"https:\\\/\\\/natureduca.com\\\/culturblog\\\/la-universidad-de-narino-colombia\\\/#breadcrumb\",\"itemListElement\":[{\"@type\":\"ListItem\",\"position\":1,\"name\":\"Portada\",\"item\":\"https:\\\/\\\/natureduca.com\\\/culturblog\\\/\"},{\"@type\":\"ListItem\",\"position\":2,\"name\":\"La Universidad de Nari\u00f1o (Colombia)\"}]},{\"@type\":\"WebSite\",\"@id\":\"https:\\\/\\\/natureduca.com\\\/culturblog\\\/#website\",\"url\":\"https:\\\/\\\/natureduca.com\\\/culturblog\\\/\",\"name\":\"Blog Cultureduca\",\"description\":\"Blog educativo de las Letras y las Artes Pl\u00e1sticas y Est\u00e9ticas\",\"publisher\":{\"@id\":\"https:\\\/\\\/natureduca.com\\\/culturblog\\\/#organization\"},\"alternateName\":\"Blog Cultura educativa\",\"potentialAction\":[{\"@type\":\"SearchAction\",\"target\":{\"@type\":\"EntryPoint\",\"urlTemplate\":\"https:\\\/\\\/natureduca.com\\\/culturblog\\\/?s={search_term_string}\"},\"query-input\":{\"@type\":\"PropertyValueSpecification\",\"valueRequired\":true,\"valueName\":\"search_term_string\"}}],\"inLanguage\":\"es\"},{\"@type\":\"Organization\",\"@id\":\"https:\\\/\\\/natureduca.com\\\/culturblog\\\/#organization\",\"name\":\"ASOCAE\",\"alternateName\":\"Asociaci\u00f3n para la Cultura, el Arte y la Educaci\u00f3n\",\"url\":\"https:\\\/\\\/natureduca.com\\\/culturblog\\\/\",\"logo\":{\"@type\":\"ImageObject\",\"inLanguage\":\"es\",\"@id\":\"https:\\\/\\\/natureduca.com\\\/culturblog\\\/#\\\/schema\\\/logo\\\/image\\\/\",\"url\":\"https:\\\/\\\/natureduca.com\\\/culturblog\\\/wp-content\\\/uploads\\\/cultureduca_ico_cab.png\",\"contentUrl\":\"https:\\\/\\\/natureduca.com\\\/culturblog\\\/wp-content\\\/uploads\\\/cultureduca_ico_cab.png\",\"width\":22,\"height\":24,\"caption\":\"ASOCAE\"},\"image\":{\"@id\":\"https:\\\/\\\/natureduca.com\\\/culturblog\\\/#\\\/schema\\\/logo\\\/image\\\/\"},\"sameAs\":[\"https:\\\/\\\/www.facebook.com\\\/groups\\\/cultureduca\\\/\",\"https:\\\/\\\/x.com\\\/Cultureduca\"]},{\"@type\":\"Person\",\"@id\":\"https:\\\/\\\/natureduca.com\\\/culturblog\\\/#\\\/schema\\\/person\\\/2ede2c4f1845fa2eef27442aa5aa7200\",\"name\":\"Admin\",\"image\":{\"@type\":\"ImageObject\",\"inLanguage\":\"es\",\"@id\":\"https:\\\/\\\/secure.gravatar.com\\\/avatar\\\/808463f89cd51ccc00a865855b3a170f21d55c755eeccab37eef1fb553f48899?s=96&d=monsterid&r=g\",\"url\":\"https:\\\/\\\/secure.gravatar.com\\\/avatar\\\/808463f89cd51ccc00a865855b3a170f21d55c755eeccab37eef1fb553f48899?s=96&d=monsterid&r=g\",\"contentUrl\":\"https:\\\/\\\/secure.gravatar.com\\\/avatar\\\/808463f89cd51ccc00a865855b3a170f21d55c755eeccab37eef1fb553f48899?s=96&d=monsterid&r=g\",\"caption\":\"Admin\"},\"url\":\"https:\\\/\\\/natureduca.com\\\/culturblog\\\/author\\\/jefe\\\/\"}]}<\/script>\n<!-- \/ Yoast SEO plugin. -->","yoast_head_json":{"title":"La Universidad de Nari\u00f1o (Colombia) - Blog Cultureduca educativa","description":"La Universidad de Nari\u00f1o (Colombia) - Blog Cultureduca educativa -","robots":{"index":"index","follow":"follow","max-snippet":"max-snippet:-1","max-image-preview":"max-image-preview:large","max-video-preview":"max-video-preview:-1"},"canonical":"https:\/\/natureduca.com\/culturblog\/la-universidad-de-narino-colombia\/","og_locale":"es_ES","og_type":"article","og_title":"La Universidad de Nari\u00f1o (Colombia) - Blog Cultureduca educativa","og_description":"La Universidad de Nari\u00f1o (Colombia) - Blog Cultureduca educativa -","og_url":"https:\/\/natureduca.com\/culturblog\/la-universidad-de-narino-colombia\/","og_site_name":"Blog Cultureduca educativa","article_publisher":"https:\/\/www.facebook.com\/groups\/cultureduca\/","article_published_time":"2009-10-11T11:55:37+00:00","article_modified_time":"2015-05-21T12:53:15+00:00","og_image":[{"width":1200,"height":120,"url":"https:\/\/natureduca.com\/culturblog\/wp-content\/uploads\/cropped-cabecera-culturblog.jpg","type":"image\/jpeg"}],"author":"Admin","twitter_misc":{"Escrito por":"Admin","Tiempo de lectura":"8 minutos"},"schema":{"@context":"https:\/\/schema.org","@graph":[{"@type":"Article","@id":"https:\/\/natureduca.com\/culturblog\/la-universidad-de-narino-colombia\/#article","isPartOf":{"@id":"https:\/\/natureduca.com\/culturblog\/la-universidad-de-narino-colombia\/"},"author":{"name":"Admin","@id":"https:\/\/natureduca.com\/culturblog\/#\/schema\/person\/2ede2c4f1845fa2eef27442aa5aa7200"},"headline":"La Universidad de Nari\u00f1o (Colombia)","datePublished":"2009-10-11T11:55:37+00:00","dateModified":"2015-05-21T12:53:15+00:00","mainEntityOfPage":{"@id":"https:\/\/natureduca.com\/culturblog\/la-universidad-de-narino-colombia\/"},"wordCount":1682,"commentCount":0,"publisher":{"@id":"https:\/\/natureduca.com\/culturblog\/#organization"},"image":{"@id":"https:\/\/natureduca.com\/culturblog\/la-universidad-de-narino-colombia\/#primaryimage"},"thumbnailUrl":"http:\/\/www.natureduca.com\/logos\/logo_infoblog1.gif","keywords":["arte","artes","ave","ciencia","docencia","gobierno","guerra","historia","iglesia","industria","lengua","ley","medicina","militar","rosa","sociedad","talleres","universidad"],"articleSection":["Instituciones"],"inLanguage":"es","potentialAction":[{"@type":"CommentAction","name":"Comment","target":["https:\/\/natureduca.com\/culturblog\/la-universidad-de-narino-colombia\/#respond"]}]},{"@type":"WebPage","@id":"https:\/\/natureduca.com\/culturblog\/la-universidad-de-narino-colombia\/","url":"https:\/\/natureduca.com\/culturblog\/la-universidad-de-narino-colombia\/","name":"La Universidad de Nari\u00f1o (Colombia) - Blog Cultureduca educativa","isPartOf":{"@id":"https:\/\/natureduca.com\/culturblog\/#website"},"primaryImageOfPage":{"@id":"https:\/\/natureduca.com\/culturblog\/la-universidad-de-narino-colombia\/#primaryimage"},"image":{"@id":"https:\/\/natureduca.com\/culturblog\/la-universidad-de-narino-colombia\/#primaryimage"},"thumbnailUrl":"http:\/\/www.natureduca.com\/logos\/logo_infoblog1.gif","datePublished":"2009-10-11T11:55:37+00:00","dateModified":"2015-05-21T12:53:15+00:00","description":"La Universidad de Nari\u00f1o (Colombia) - Blog Cultureduca educativa -","breadcrumb":{"@id":"https:\/\/natureduca.com\/culturblog\/la-universidad-de-narino-colombia\/#breadcrumb"},"inLanguage":"es","potentialAction":[{"@type":"ReadAction","target":["https:\/\/natureduca.com\/culturblog\/la-universidad-de-narino-colombia\/"]}]},{"@type":"ImageObject","inLanguage":"es","@id":"https:\/\/natureduca.com\/culturblog\/la-universidad-de-narino-colombia\/#primaryimage","url":"http:\/\/www.natureduca.com\/logos\/logo_infoblog1.gif","contentUrl":"http:\/\/www.natureduca.com\/logos\/logo_infoblog1.gif"},{"@type":"BreadcrumbList","@id":"https:\/\/natureduca.com\/culturblog\/la-universidad-de-narino-colombia\/#breadcrumb","itemListElement":[{"@type":"ListItem","position":1,"name":"Portada","item":"https:\/\/natureduca.com\/culturblog\/"},{"@type":"ListItem","position":2,"name":"La Universidad de Nari\u00f1o (Colombia)"}]},{"@type":"WebSite","@id":"https:\/\/natureduca.com\/culturblog\/#website","url":"https:\/\/natureduca.com\/culturblog\/","name":"Blog Cultureduca","description":"Blog educativo de las Letras y las Artes Pl\u00e1sticas y Est\u00e9ticas","publisher":{"@id":"https:\/\/natureduca.com\/culturblog\/#organization"},"alternateName":"Blog Cultura educativa","potentialAction":[{"@type":"SearchAction","target":{"@type":"EntryPoint","urlTemplate":"https:\/\/natureduca.com\/culturblog\/?s={search_term_string}"},"query-input":{"@type":"PropertyValueSpecification","valueRequired":true,"valueName":"search_term_string"}}],"inLanguage":"es"},{"@type":"Organization","@id":"https:\/\/natureduca.com\/culturblog\/#organization","name":"ASOCAE","alternateName":"Asociaci\u00f3n para la Cultura, el Arte y la Educaci\u00f3n","url":"https:\/\/natureduca.com\/culturblog\/","logo":{"@type":"ImageObject","inLanguage":"es","@id":"https:\/\/natureduca.com\/culturblog\/#\/schema\/logo\/image\/","url":"https:\/\/natureduca.com\/culturblog\/wp-content\/uploads\/cultureduca_ico_cab.png","contentUrl":"https:\/\/natureduca.com\/culturblog\/wp-content\/uploads\/cultureduca_ico_cab.png","width":22,"height":24,"caption":"ASOCAE"},"image":{"@id":"https:\/\/natureduca.com\/culturblog\/#\/schema\/logo\/image\/"},"sameAs":["https:\/\/www.facebook.com\/groups\/cultureduca\/","https:\/\/x.com\/Cultureduca"]},{"@type":"Person","@id":"https:\/\/natureduca.com\/culturblog\/#\/schema\/person\/2ede2c4f1845fa2eef27442aa5aa7200","name":"Admin","image":{"@type":"ImageObject","inLanguage":"es","@id":"https:\/\/secure.gravatar.com\/avatar\/808463f89cd51ccc00a865855b3a170f21d55c755eeccab37eef1fb553f48899?s=96&d=monsterid&r=g","url":"https:\/\/secure.gravatar.com\/avatar\/808463f89cd51ccc00a865855b3a170f21d55c755eeccab37eef1fb553f48899?s=96&d=monsterid&r=g","contentUrl":"https:\/\/secure.gravatar.com\/avatar\/808463f89cd51ccc00a865855b3a170f21d55c755eeccab37eef1fb553f48899?s=96&d=monsterid&r=g","caption":"Admin"},"url":"https:\/\/natureduca.com\/culturblog\/author\/jefe\/"}]}},"featured_image_src":null,"featured_image_src_square":null,"author_info":{"display_name":"Admin","author_link":"https:\/\/natureduca.com\/culturblog\/author\/jefe\/"},"uagb_featured_image_src":{"full":false,"thumbnail":false,"medium":false,"medium_large":false,"large":false,"1536x1536":false,"2048x2048":false,"custom":false,"gb-block-post-grid-landscape":false,"gb-block-post-grid-square":false,"post-thumbnail":false,"header":false,"slider":false,"columns":false},"uagb_author_info":{"display_name":"Admin","author_link":"https:\/\/natureduca.com\/culturblog\/author\/jefe\/"},"uagb_comment_info":0,"uagb_excerpt":"Historia de la Instituci\u00f3n Los or\u00edgenes de la Universidad de Nari\u00f1o se remontan al a\u00f1o de 1712, cuando se estableci\u00f3 el Colegio de la Compa\u00f1\u00eda de Jes\u00fas gracias a numerosas campa\u00f1as y donaciones de la comunidad, la cual logr\u00f3 reunir la suma de 43.000 patacones para la construcci\u00f3n del colegio,\u2026 Seguir leyendo...","amp_enabled":true,"_links":{"self":[{"href":"https:\/\/natureduca.com\/culturblog\/wp-json\/wp\/v2\/posts\/421","targetHints":{"allow":["GET"]}}],"collection":[{"href":"https:\/\/natureduca.com\/culturblog\/wp-json\/wp\/v2\/posts"}],"about":[{"href":"https:\/\/natureduca.com\/culturblog\/wp-json\/wp\/v2\/types\/post"}],"author":[{"embeddable":true,"href":"https:\/\/natureduca.com\/culturblog\/wp-json\/wp\/v2\/users\/75"}],"replies":[{"embeddable":true,"href":"https:\/\/natureduca.com\/culturblog\/wp-json\/wp\/v2\/comments?post=421"}],"version-history":[{"count":0,"href":"https:\/\/natureduca.com\/culturblog\/wp-json\/wp\/v2\/posts\/421\/revisions"}],"wp:featuredmedia":[{"embeddable":true,"href":"https:\/\/natureduca.com\/culturblog\/wp-json\/"}],"wp:attachment":[{"href":"https:\/\/natureduca.com\/culturblog\/wp-json\/wp\/v2\/media?parent=421"}],"wp:term":[{"taxonomy":"category","embeddable":true,"href":"https:\/\/natureduca.com\/culturblog\/wp-json\/wp\/v2\/categories?post=421"},{"taxonomy":"post_tag","embeddable":true,"href":"https:\/\/natureduca.com\/culturblog\/wp-json\/wp\/v2\/tags?post=421"}],"curies":[{"name":"wp","href":"https:\/\/api.w.org\/{rel}","templated":true}]}}