{"id":405,"date":"2009-10-11T12:29:59","date_gmt":"2009-10-11T10:29:59","guid":{"rendered":"http:\/\/www.cultureduca.com\/blog\/?p=405"},"modified":"2015-05-21T15:24:02","modified_gmt":"2015-05-21T13:24:02","slug":"la-universidad-de-lima","status":"publish","type":"post","link":"https:\/\/natureduca.com\/culturblog\/la-universidad-de-lima\/","title":{"rendered":"La Universidad de Lima"},"content":{"rendered":"<p align=\"center\">\n<p align=\"left\">Durante los a\u00f1os 1960 y 1961, un grupo de profesores universitarios e importantes representantes del comercio y la industria, reunidos en la Asociaci\u00f3n Civil Prodies (Promoci\u00f3n del Desarrollo Industrial a trav\u00e9s de la Educaci\u00f3n Superior), decidi\u00f3 fundar una nueva universidad.<\/p>\n<p align=\"left\">Despu\u00e9s de dos a\u00f1os de esfuerzo se logr\u00f3 crear la Universidad de Lima. Su funcionamiento fue autorizado por el decreto supremo N\u00ba 23 del 25 de abril de 1962.<\/p>\n<p align=\"left\">Prodies se plante\u00f3 el objetivo de constituir una universidad diferente, acorde con el proceso de modernizaci\u00f3n, donde se fomentara el esp\u00edritu comunitario entre profesores y alumnos. Miembro destacado de esta asociaci\u00f3n y primer Rector de la Universidad de Lima fue el doctor Antonio Pinilla S\u00e1nchez-Concha.<\/p>\n<p align=\"left\">La Universidad inici\u00f3 sus labores con 120 alumnos agrupados en dos Facultades, en un peque\u00f1o local situado en el distrito de Jes\u00fas Mar\u00eda, en la calle Nazca N\u00ba 548, frente al Campo de Marte. Debido a su r\u00e1pido crecimiento, el 27 de agosto de 1966 se inaugur\u00f3 el campus de Monterrico en una extensi\u00f3n de m\u00e1s de 40 mil metros cuadrados.<\/p>\n<p align=\"left\">En la actualidad, la Universidad de Lima cuenta con m\u00e1s de 13,000 alumnos, diez carreras reunidas en tres Escuelas Universitarias, una Escuela de Postgrado, un Programa de Estudios Generales y un Instituto de Investigaci\u00f3n Cient\u00edfica, as\u00ed como con numerosos servicios para los estudiantes, los docentes y la comunidad en general.<\/p>\n<table border=\"0\" width=\"500\" cellPadding=\"10\" cellSpacing=\"0\" height=\"10\">\n<tr>\n<td style=\"font-weight: normal; font-size: 8pt; color: #000000; font-family: Verdana, Arial, Helvetica, sans-serif; text-decoration: none\">\u00a0<\/td>\n<\/tr>\n<\/table>\n<table border=\"0\" bgColor=\"#e9e9d1\" width=\"500\" cellPadding=\"0\" cellSpacing=\"0\">\n<tr>\n<td width=\"5\">\u00a0<\/td>\n<td width=\"5\"><img loading=\"lazy\" decoding=\"async\" border=\"0\" align=\"absMiddle\" width=\"15\" src=\"http:\/\/www.natureduca.com\/logos\/logo_infoblog1.gif\" height=\"15\" \/> <img loading=\"lazy\" decoding=\"async\" border=\"0\" align=\"absMiddle\" width=\"15\" src=\"http:\/\/www.natureduca.com\/logos\/logo_infoblog2.gif\" height=\"15\" \/><\/td>\n<td>\n<p align=\"left\"><font size=\"2\" color=\"#993300\">\u00a0Informaci\u00f3n procedente de la Universidad de Lima<br \/>\n\u00a0M\u00e1s informaci\u00f3n en la web de la Instituci\u00f3n &#8211;&gt;<\/font><font size=\"2\">Aqu\u00ed<\/font><\/p>\n<\/td>\n<\/tr>\n<\/table>\n<table border=\"0\" width=\"500\" cellPadding=\"10\" cellSpacing=\"0\" height=\"10\">\n<tr>\n<td style=\"font-weight: normal; font-size: 8pt; color: #000000; font-family: Verdana, Arial, Helvetica, sans-serif; text-decoration: none\">\u00a0<\/td>\n<\/tr>\n<\/table>\n","protected":false},"excerpt":{"rendered":"<p>Durante los a\u00f1os 1960 y 1961, un grupo de profesores universitarios e importantes representantes del comercio y la industria, reunidos en la Asociaci\u00f3n Civil Prodies (Promoci\u00f3n del Desarrollo Industrial a trav\u00e9s de la Educaci\u00f3n Superior), decidi\u00f3 fundar una nueva universidad. Despu\u00e9s de dos a\u00f1os de esfuerzo se logr\u00f3 crear la\u2026<\/p>\n<p class=\"continue-reading-button\"> <a class=\"continue-reading-link\" href=\"https:\/\/natureduca.com\/culturblog\/la-universidad-de-lima\/\">Seguir leyendo&#8230;<i class=\"crycon-right-dir\"><\/i><\/a><\/p>\n","protected":false},"author":75,"featured_media":-1,"comment_status":"open","ping_status":"open","sticky":false,"template":"","format":"standard","meta":{"rop_custom_images_group":[],"rop_custom_messages_group":[],"rop_publish_now":"initial","rop_publish_now_accounts":{"twitter_226634691_226634691":""},"rop_publish_now_history":[],"rop_publish_now_status":"pending","_uag_custom_page_level_css":"","footnotes":""},"categories":[21],"tags":[1016,1054,1064],"class_list":["post-405","post","type-post","status-publish","format-standard","has-post-thumbnail","hentry","category-instituciones","tag-arte","tag-industria","tag-universidad"],"yoast_head":"<!-- This site is optimized with the Yoast SEO plugin v27.4 - https:\/\/yoast.com\/product\/yoast-seo-wordpress\/ -->\n<title>La Universidad de Lima - Blog Cultureduca educativa<\/title>\n<meta name=\"description\" content=\"La Universidad de Lima - Blog Cultureduca educativa -\" \/>\n<meta name=\"robots\" content=\"index, follow, max-snippet:-1, max-image-preview:large, max-video-preview:-1\" \/>\n<link rel=\"canonical\" href=\"https:\/\/natureduca.com\/culturblog\/la-universidad-de-lima\/\" \/>\n<meta property=\"og:locale\" content=\"es_ES\" \/>\n<meta property=\"og:type\" content=\"article\" \/>\n<meta property=\"og:title\" content=\"La Universidad de Lima - Blog Cultureduca educativa\" \/>\n<meta property=\"og:description\" content=\"La Universidad de Lima - Blog Cultureduca educativa -\" \/>\n<meta property=\"og:url\" content=\"https:\/\/natureduca.com\/culturblog\/la-universidad-de-lima\/\" \/>\n<meta property=\"og:site_name\" content=\"Blog Cultureduca educativa\" \/>\n<meta property=\"article:publisher\" content=\"https:\/\/www.facebook.com\/groups\/cultureduca\/\" \/>\n<meta property=\"article:published_time\" content=\"2009-10-11T10:29:59+00:00\" \/>\n<meta property=\"article:modified_time\" content=\"2015-05-21T13:24:02+00:00\" \/>\n<meta property=\"og:image\" content=\"https:\/\/natureduca.com\/culturblog\/wp-content\/uploads\/cropped-cabecera-culturblog.jpg\" \/>\n\t<meta property=\"og:image:width\" content=\"1200\" \/>\n\t<meta property=\"og:image:height\" content=\"120\" \/>\n\t<meta property=\"og:image:type\" content=\"image\/jpeg\" \/>\n<meta name=\"author\" content=\"Admin\" \/>\n<meta name=\"twitter:label1\" content=\"Escrito por\" \/>\n\t<meta name=\"twitter:data1\" content=\"Admin\" \/>\n\t<meta name=\"twitter:label2\" content=\"Tiempo de lectura\" \/>\n\t<meta name=\"twitter:data2\" content=\"1 minuto\" \/>\n<script type=\"application\/ld+json\" class=\"yoast-schema-graph\">{\"@context\":\"https:\\\/\\\/schema.org\",\"@graph\":[{\"@type\":\"Article\",\"@id\":\"https:\\\/\\\/natureduca.com\\\/culturblog\\\/la-universidad-de-lima\\\/#article\",\"isPartOf\":{\"@id\":\"https:\\\/\\\/natureduca.com\\\/culturblog\\\/la-universidad-de-lima\\\/\"},\"author\":{\"name\":\"Admin\",\"@id\":\"https:\\\/\\\/natureduca.com\\\/culturblog\\\/#\\\/schema\\\/person\\\/2ede2c4f1845fa2eef27442aa5aa7200\"},\"headline\":\"La Universidad de Lima\",\"datePublished\":\"2009-10-11T10:29:59+00:00\",\"dateModified\":\"2015-05-21T13:24:02+00:00\",\"mainEntityOfPage\":{\"@id\":\"https:\\\/\\\/natureduca.com\\\/culturblog\\\/la-universidad-de-lima\\\/\"},\"wordCount\":260,\"commentCount\":0,\"publisher\":{\"@id\":\"https:\\\/\\\/natureduca.com\\\/culturblog\\\/#organization\"},\"image\":{\"@id\":\"https:\\\/\\\/natureduca.com\\\/culturblog\\\/la-universidad-de-lima\\\/#primaryimage\"},\"thumbnailUrl\":\"http:\\\/\\\/www.natureduca.com\\\/logos\\\/logo_infoblog1.gif\",\"keywords\":[\"arte\",\"industria\",\"universidad\"],\"articleSection\":[\"Instituciones\"],\"inLanguage\":\"es\",\"potentialAction\":[{\"@type\":\"CommentAction\",\"name\":\"Comment\",\"target\":[\"https:\\\/\\\/natureduca.com\\\/culturblog\\\/la-universidad-de-lima\\\/#respond\"]}]},{\"@type\":\"WebPage\",\"@id\":\"https:\\\/\\\/natureduca.com\\\/culturblog\\\/la-universidad-de-lima\\\/\",\"url\":\"https:\\\/\\\/natureduca.com\\\/culturblog\\\/la-universidad-de-lima\\\/\",\"name\":\"La Universidad de Lima - Blog Cultureduca educativa\",\"isPartOf\":{\"@id\":\"https:\\\/\\\/natureduca.com\\\/culturblog\\\/#website\"},\"primaryImageOfPage\":{\"@id\":\"https:\\\/\\\/natureduca.com\\\/culturblog\\\/la-universidad-de-lima\\\/#primaryimage\"},\"image\":{\"@id\":\"https:\\\/\\\/natureduca.com\\\/culturblog\\\/la-universidad-de-lima\\\/#primaryimage\"},\"thumbnailUrl\":\"http:\\\/\\\/www.natureduca.com\\\/logos\\\/logo_infoblog1.gif\",\"datePublished\":\"2009-10-11T10:29:59+00:00\",\"dateModified\":\"2015-05-21T13:24:02+00:00\",\"description\":\"La Universidad de Lima - Blog Cultureduca educativa -\",\"breadcrumb\":{\"@id\":\"https:\\\/\\\/natureduca.com\\\/culturblog\\\/la-universidad-de-lima\\\/#breadcrumb\"},\"inLanguage\":\"es\",\"potentialAction\":[{\"@type\":\"ReadAction\",\"target\":[\"https:\\\/\\\/natureduca.com\\\/culturblog\\\/la-universidad-de-lima\\\/\"]}]},{\"@type\":\"ImageObject\",\"inLanguage\":\"es\",\"@id\":\"https:\\\/\\\/natureduca.com\\\/culturblog\\\/la-universidad-de-lima\\\/#primaryimage\",\"url\":\"http:\\\/\\\/www.natureduca.com\\\/logos\\\/logo_infoblog1.gif\",\"contentUrl\":\"http:\\\/\\\/www.natureduca.com\\\/logos\\\/logo_infoblog1.gif\"},{\"@type\":\"BreadcrumbList\",\"@id\":\"https:\\\/\\\/natureduca.com\\\/culturblog\\\/la-universidad-de-lima\\\/#breadcrumb\",\"itemListElement\":[{\"@type\":\"ListItem\",\"position\":1,\"name\":\"Portada\",\"item\":\"https:\\\/\\\/natureduca.com\\\/culturblog\\\/\"},{\"@type\":\"ListItem\",\"position\":2,\"name\":\"La Universidad de Lima\"}]},{\"@type\":\"WebSite\",\"@id\":\"https:\\\/\\\/natureduca.com\\\/culturblog\\\/#website\",\"url\":\"https:\\\/\\\/natureduca.com\\\/culturblog\\\/\",\"name\":\"Blog Cultureduca\",\"description\":\"Blog educativo de las Letras y las Artes Pl\u00e1sticas y Est\u00e9ticas\",\"publisher\":{\"@id\":\"https:\\\/\\\/natureduca.com\\\/culturblog\\\/#organization\"},\"alternateName\":\"Blog Cultura educativa\",\"potentialAction\":[{\"@type\":\"SearchAction\",\"target\":{\"@type\":\"EntryPoint\",\"urlTemplate\":\"https:\\\/\\\/natureduca.com\\\/culturblog\\\/?s={search_term_string}\"},\"query-input\":{\"@type\":\"PropertyValueSpecification\",\"valueRequired\":true,\"valueName\":\"search_term_string\"}}],\"inLanguage\":\"es\"},{\"@type\":\"Organization\",\"@id\":\"https:\\\/\\\/natureduca.com\\\/culturblog\\\/#organization\",\"name\":\"ASOCAE\",\"alternateName\":\"Asociaci\u00f3n para la Cultura, el Arte y la Educaci\u00f3n\",\"url\":\"https:\\\/\\\/natureduca.com\\\/culturblog\\\/\",\"logo\":{\"@type\":\"ImageObject\",\"inLanguage\":\"es\",\"@id\":\"https:\\\/\\\/natureduca.com\\\/culturblog\\\/#\\\/schema\\\/logo\\\/image\\\/\",\"url\":\"https:\\\/\\\/natureduca.com\\\/culturblog\\\/wp-content\\\/uploads\\\/cultureduca_ico_cab.png\",\"contentUrl\":\"https:\\\/\\\/natureduca.com\\\/culturblog\\\/wp-content\\\/uploads\\\/cultureduca_ico_cab.png\",\"width\":22,\"height\":24,\"caption\":\"ASOCAE\"},\"image\":{\"@id\":\"https:\\\/\\\/natureduca.com\\\/culturblog\\\/#\\\/schema\\\/logo\\\/image\\\/\"},\"sameAs\":[\"https:\\\/\\\/www.facebook.com\\\/groups\\\/cultureduca\\\/\",\"https:\\\/\\\/x.com\\\/Cultureduca\"]},{\"@type\":\"Person\",\"@id\":\"https:\\\/\\\/natureduca.com\\\/culturblog\\\/#\\\/schema\\\/person\\\/2ede2c4f1845fa2eef27442aa5aa7200\",\"name\":\"Admin\",\"image\":{\"@type\":\"ImageObject\",\"inLanguage\":\"es\",\"@id\":\"https:\\\/\\\/secure.gravatar.com\\\/avatar\\\/808463f89cd51ccc00a865855b3a170f21d55c755eeccab37eef1fb553f48899?s=96&d=monsterid&r=g\",\"url\":\"https:\\\/\\\/secure.gravatar.com\\\/avatar\\\/808463f89cd51ccc00a865855b3a170f21d55c755eeccab37eef1fb553f48899?s=96&d=monsterid&r=g\",\"contentUrl\":\"https:\\\/\\\/secure.gravatar.com\\\/avatar\\\/808463f89cd51ccc00a865855b3a170f21d55c755eeccab37eef1fb553f48899?s=96&d=monsterid&r=g\",\"caption\":\"Admin\"},\"url\":\"https:\\\/\\\/natureduca.com\\\/culturblog\\\/author\\\/jefe\\\/\"}]}<\/script>\n<!-- \/ Yoast SEO plugin. -->","yoast_head_json":{"title":"La Universidad de Lima - Blog Cultureduca educativa","description":"La Universidad de Lima - Blog Cultureduca educativa -","robots":{"index":"index","follow":"follow","max-snippet":"max-snippet:-1","max-image-preview":"max-image-preview:large","max-video-preview":"max-video-preview:-1"},"canonical":"https:\/\/natureduca.com\/culturblog\/la-universidad-de-lima\/","og_locale":"es_ES","og_type":"article","og_title":"La Universidad de Lima - Blog Cultureduca educativa","og_description":"La Universidad de Lima - Blog Cultureduca educativa -","og_url":"https:\/\/natureduca.com\/culturblog\/la-universidad-de-lima\/","og_site_name":"Blog Cultureduca educativa","article_publisher":"https:\/\/www.facebook.com\/groups\/cultureduca\/","article_published_time":"2009-10-11T10:29:59+00:00","article_modified_time":"2015-05-21T13:24:02+00:00","og_image":[{"width":1200,"height":120,"url":"https:\/\/natureduca.com\/culturblog\/wp-content\/uploads\/cropped-cabecera-culturblog.jpg","type":"image\/jpeg"}],"author":"Admin","twitter_misc":{"Escrito por":"Admin","Tiempo de lectura":"1 minuto"},"schema":{"@context":"https:\/\/schema.org","@graph":[{"@type":"Article","@id":"https:\/\/natureduca.com\/culturblog\/la-universidad-de-lima\/#article","isPartOf":{"@id":"https:\/\/natureduca.com\/culturblog\/la-universidad-de-lima\/"},"author":{"name":"Admin","@id":"https:\/\/natureduca.com\/culturblog\/#\/schema\/person\/2ede2c4f1845fa2eef27442aa5aa7200"},"headline":"La Universidad de Lima","datePublished":"2009-10-11T10:29:59+00:00","dateModified":"2015-05-21T13:24:02+00:00","mainEntityOfPage":{"@id":"https:\/\/natureduca.com\/culturblog\/la-universidad-de-lima\/"},"wordCount":260,"commentCount":0,"publisher":{"@id":"https:\/\/natureduca.com\/culturblog\/#organization"},"image":{"@id":"https:\/\/natureduca.com\/culturblog\/la-universidad-de-lima\/#primaryimage"},"thumbnailUrl":"http:\/\/www.natureduca.com\/logos\/logo_infoblog1.gif","keywords":["arte","industria","universidad"],"articleSection":["Instituciones"],"inLanguage":"es","potentialAction":[{"@type":"CommentAction","name":"Comment","target":["https:\/\/natureduca.com\/culturblog\/la-universidad-de-lima\/#respond"]}]},{"@type":"WebPage","@id":"https:\/\/natureduca.com\/culturblog\/la-universidad-de-lima\/","url":"https:\/\/natureduca.com\/culturblog\/la-universidad-de-lima\/","name":"La Universidad de Lima - Blog Cultureduca educativa","isPartOf":{"@id":"https:\/\/natureduca.com\/culturblog\/#website"},"primaryImageOfPage":{"@id":"https:\/\/natureduca.com\/culturblog\/la-universidad-de-lima\/#primaryimage"},"image":{"@id":"https:\/\/natureduca.com\/culturblog\/la-universidad-de-lima\/#primaryimage"},"thumbnailUrl":"http:\/\/www.natureduca.com\/logos\/logo_infoblog1.gif","datePublished":"2009-10-11T10:29:59+00:00","dateModified":"2015-05-21T13:24:02+00:00","description":"La Universidad de Lima - Blog Cultureduca educativa -","breadcrumb":{"@id":"https:\/\/natureduca.com\/culturblog\/la-universidad-de-lima\/#breadcrumb"},"inLanguage":"es","potentialAction":[{"@type":"ReadAction","target":["https:\/\/natureduca.com\/culturblog\/la-universidad-de-lima\/"]}]},{"@type":"ImageObject","inLanguage":"es","@id":"https:\/\/natureduca.com\/culturblog\/la-universidad-de-lima\/#primaryimage","url":"http:\/\/www.natureduca.com\/logos\/logo_infoblog1.gif","contentUrl":"http:\/\/www.natureduca.com\/logos\/logo_infoblog1.gif"},{"@type":"BreadcrumbList","@id":"https:\/\/natureduca.com\/culturblog\/la-universidad-de-lima\/#breadcrumb","itemListElement":[{"@type":"ListItem","position":1,"name":"Portada","item":"https:\/\/natureduca.com\/culturblog\/"},{"@type":"ListItem","position":2,"name":"La Universidad de Lima"}]},{"@type":"WebSite","@id":"https:\/\/natureduca.com\/culturblog\/#website","url":"https:\/\/natureduca.com\/culturblog\/","name":"Blog Cultureduca","description":"Blog educativo de las Letras y las Artes Pl\u00e1sticas y Est\u00e9ticas","publisher":{"@id":"https:\/\/natureduca.com\/culturblog\/#organization"},"alternateName":"Blog Cultura educativa","potentialAction":[{"@type":"SearchAction","target":{"@type":"EntryPoint","urlTemplate":"https:\/\/natureduca.com\/culturblog\/?s={search_term_string}"},"query-input":{"@type":"PropertyValueSpecification","valueRequired":true,"valueName":"search_term_string"}}],"inLanguage":"es"},{"@type":"Organization","@id":"https:\/\/natureduca.com\/culturblog\/#organization","name":"ASOCAE","alternateName":"Asociaci\u00f3n para la Cultura, el Arte y la Educaci\u00f3n","url":"https:\/\/natureduca.com\/culturblog\/","logo":{"@type":"ImageObject","inLanguage":"es","@id":"https:\/\/natureduca.com\/culturblog\/#\/schema\/logo\/image\/","url":"https:\/\/natureduca.com\/culturblog\/wp-content\/uploads\/cultureduca_ico_cab.png","contentUrl":"https:\/\/natureduca.com\/culturblog\/wp-content\/uploads\/cultureduca_ico_cab.png","width":22,"height":24,"caption":"ASOCAE"},"image":{"@id":"https:\/\/natureduca.com\/culturblog\/#\/schema\/logo\/image\/"},"sameAs":["https:\/\/www.facebook.com\/groups\/cultureduca\/","https:\/\/x.com\/Cultureduca"]},{"@type":"Person","@id":"https:\/\/natureduca.com\/culturblog\/#\/schema\/person\/2ede2c4f1845fa2eef27442aa5aa7200","name":"Admin","image":{"@type":"ImageObject","inLanguage":"es","@id":"https:\/\/secure.gravatar.com\/avatar\/808463f89cd51ccc00a865855b3a170f21d55c755eeccab37eef1fb553f48899?s=96&d=monsterid&r=g","url":"https:\/\/secure.gravatar.com\/avatar\/808463f89cd51ccc00a865855b3a170f21d55c755eeccab37eef1fb553f48899?s=96&d=monsterid&r=g","contentUrl":"https:\/\/secure.gravatar.com\/avatar\/808463f89cd51ccc00a865855b3a170f21d55c755eeccab37eef1fb553f48899?s=96&d=monsterid&r=g","caption":"Admin"},"url":"https:\/\/natureduca.com\/culturblog\/author\/jefe\/"}]}},"featured_image_src":null,"featured_image_src_square":null,"author_info":{"display_name":"Admin","author_link":"https:\/\/natureduca.com\/culturblog\/author\/jefe\/"},"uagb_featured_image_src":{"full":false,"thumbnail":false,"medium":false,"medium_large":false,"large":false,"1536x1536":false,"2048x2048":false,"custom":false,"gb-block-post-grid-landscape":false,"gb-block-post-grid-square":false,"post-thumbnail":false,"header":false,"slider":false,"columns":false},"uagb_author_info":{"display_name":"Admin","author_link":"https:\/\/natureduca.com\/culturblog\/author\/jefe\/"},"uagb_comment_info":0,"uagb_excerpt":"Durante los a\u00f1os 1960 y 1961, un grupo de profesores universitarios e importantes representantes del comercio y la industria, reunidos en la Asociaci\u00f3n Civil Prodies (Promoci\u00f3n del Desarrollo Industrial a trav\u00e9s de la Educaci\u00f3n Superior), decidi\u00f3 fundar una nueva universidad. Despu\u00e9s de dos a\u00f1os de esfuerzo se logr\u00f3 crear la\u2026 Seguir leyendo...","amp_enabled":true,"_links":{"self":[{"href":"https:\/\/natureduca.com\/culturblog\/wp-json\/wp\/v2\/posts\/405","targetHints":{"allow":["GET"]}}],"collection":[{"href":"https:\/\/natureduca.com\/culturblog\/wp-json\/wp\/v2\/posts"}],"about":[{"href":"https:\/\/natureduca.com\/culturblog\/wp-json\/wp\/v2\/types\/post"}],"author":[{"embeddable":true,"href":"https:\/\/natureduca.com\/culturblog\/wp-json\/wp\/v2\/users\/75"}],"replies":[{"embeddable":true,"href":"https:\/\/natureduca.com\/culturblog\/wp-json\/wp\/v2\/comments?post=405"}],"version-history":[{"count":0,"href":"https:\/\/natureduca.com\/culturblog\/wp-json\/wp\/v2\/posts\/405\/revisions"}],"wp:featuredmedia":[{"embeddable":true,"href":"https:\/\/natureduca.com\/culturblog\/wp-json\/"}],"wp:attachment":[{"href":"https:\/\/natureduca.com\/culturblog\/wp-json\/wp\/v2\/media?parent=405"}],"wp:term":[{"taxonomy":"category","embeddable":true,"href":"https:\/\/natureduca.com\/culturblog\/wp-json\/wp\/v2\/categories?post=405"},{"taxonomy":"post_tag","embeddable":true,"href":"https:\/\/natureduca.com\/culturblog\/wp-json\/wp\/v2\/tags?post=405"}],"curies":[{"name":"wp","href":"https:\/\/api.w.org\/{rel}","templated":true}]}}