{"id":375,"date":"2009-10-11T12:09:15","date_gmt":"2009-10-11T10:09:15","guid":{"rendered":"http:\/\/www.cultureduca.com\/blog\/?p=375"},"modified":"2010-12-27T00:26:28","modified_gmt":"2010-12-26T22:26:28","slug":"la-universidad-nacional-de-la-plata","status":"publish","type":"post","link":"https:\/\/natureduca.com\/culturblog\/la-universidad-nacional-de-la-plata\/","title":{"rendered":"La Universidad Nacional de La Plata"},"content":{"rendered":"<p>\u00a0<\/p>\n<p><strong><span style=\"color: #993300;\">Historia<\/span><\/strong><\/p>\n<p><img loading=\"lazy\" decoding=\"async\" src=\"http:\/\/www.unlp.edu.ar\/uploads\/assets\/Rectorado%20de%20frente_medium.jpg\" alt=\"utilizada para art\u00edculo de historia\" hspace=\"10\" width=\"200\" height=\"139\" align=\"right\" \/>Fundada en agosto de 1905 por el doctor Joaqu\u00edn V\u00edctor Gonz\u00e1lez, la UNLP surgi\u00f3 como una universidad moderna, alejada de la impronta academicista caracter\u00edstica de las tradicionales casas de altos estudios<\/p>\n<p class=\"paragraph\">La Historia de la Universidad Nacional de La Plata comienza a gestarse a fines del siglo XIX, cuando el entonces senador bonaerense <strong>Rafael Hern\u00e1ndez<\/strong> impuls\u00f3 la iniciativa de crear una Universidad que diera respuesta a las renovadas necesidades de formaci\u00f3n cient\u00edfica, t\u00e9cnica y cultural que manifestaban las j\u00f3venes generaciones que comenzaban a habitar la reci\u00e9n fundada ciudad de La Plata, nueva capital de la provincia de Buenos Aires.<\/p>\n<p class=\"paragraph\">A mediados de 1889 se form\u00f3 una importante corriente de opini\u00f3n a favor de la creaci\u00f3n de la casa de estudios provincial que deriv\u00f3 en la sanci\u00f3n, el 27 de diciembre de ese a\u00f1o, de la ley correspondiente. El 2 de enero de 1890 fue promulgada por el gobernador de M\u00e1ximo Paz. Sin embargo la norma no tuvo cumplimiento efectivo sino hasta el 8 de febrero de 1897, cuando el gobernador Guillermo Udaondo decret\u00f3 que se cumpliera la ley y se constituyera la Universidad Provincial de La Plata.<br \/>\nLa flamante casa de estudios qued\u00f3 inaugurada p\u00fablicamente en 18 de abril de 1897 bajo el mandato del Dr. Dardo Rocha, que fuera elegido como su primer Rector, y extendi\u00f3 su vida acad\u00e9mica hasta 1905. Comenz\u00f3 a funcionar con tres facultades -Derecho, Fisicomatem\u00e1ticas y Qu\u00edmica- y una Escuela de Parteras.<\/p>\n<p class=\"paragraph\">La Universidad funcion\u00f3 entre 1897 y 1905 en condiciones precarias por falta de recursos materiales y elementos para la ense\u00f1anza. Durante el transcurso del a\u00f1o 1904 la evidente decadencia de la Universidad Provincial no escapaba a la visi\u00f3n de intelectuales y pol\u00edticos, y esto se reflejaba principalmente en la escasa concurrencia de sus aulas.<\/p>\n<p class=\"paragraph\">Para ese entonces, el ministro de Justicia e Instrucci\u00f3n P\u00fablica de la Naci\u00f3n, el riojano <strong>Joaqu\u00edn V. Gonz\u00e1lez<\/strong>, comenz\u00f3 a elaborar en su mente la idea de instaurar en la ciudad una Universidad de car\u00e1cter Nacional, cimentada sobre las bases de la alica\u00edda Universidad Provincial y de otros institutos de instrucci\u00f3n superior ya existentes.<\/p>\n<p class=\"paragraph\">En ese a\u00f1o el entonces Ministro de Justicia e Instrucci\u00f3n P\u00fablica de la Naci\u00f3n, Dr. Joaqu\u00edn V\u00edctor Gonz\u00e1lez, concibi\u00f3 la idea de nacionalizarla, dotando a la capital de la provincia de una Universidad moderna, con base cient\u00edfica. Para ello puso especial \u00e9nfasis en la investigaci\u00f3n, la extensi\u00f3n universitaria, el intercambio permanente de profesores con los centros de excelencia del extranjero, y la necesidad de la educaci\u00f3n continua incluyendo con ese prop\u00f3sito una escuela primaria y otra secundaria, ambas de car\u00e1cter experimental.<\/p>\n<p class=\"paragraph\">El 12 de febrero de 1905, Gonz\u00e1lez env\u00eda al gobernador de Buenos Aires, Marcelino Ugarte, una <strong>amplia memoria<\/strong> donde analiza las ventajas de organizar una nueva universidad. Sobre la base de ese documento se firma el 12 de agosto del mismo a\u00f1o un convenio ad refer\u00e9ndum entre la Naci\u00f3n y la Provincia para la creaci\u00f3n de la Universidad Nacional. El convenio establec\u00eda la cesi\u00f3n a la Naci\u00f3n del Museo, el Observatorio Astron\u00f3mico, la Facultad de Astronom\u00eda y Veterinaria, la Escuela Pr\u00e1ctica de Santa Catalina, el Instituto de Artes y Oficios, el terreno donde luego fue edificado el Colegio Nacional, la Escuela Normal, el edificio del Banco Hipotecario, un lote de terreno sobre Plaza Rocha (la actual Biblioteca de la Universidad), y una serie de quintas y chacras.<\/p>\n<p class=\"paragraph\">El acuerdo fue aprobado por el Congreso Nacional y la Legislatura Provincial, y el 19 de septiembre fue sancionada la ley nacional de creaci\u00f3n que lleva el n\u00famero 4699; luego promulgada el 25 de septiembre por decreto del presidente Quintana.<\/p>\n<p class=\"paragraph\">El 17 de marzo de 1906 asum\u00eda como primer <strong>Presidente de la historia de la Universidad Nacional de La Plata<\/strong> el Dr. Joaqu\u00edn V. Gonz\u00e1lez, y a partir de entonces comenz\u00f3 su sostenido crecimiento. Con la incorporaci\u00f3n de varios institutos y la creaci\u00f3n de nuevas <strong>Escuelas Superiores y Facultades<\/strong>, la Universidad Nacional de La Plata cobr\u00f3 forma y prestigio como una de las m\u00e1s avanzadas dentro y fuera del pa\u00eds. El transcurso de los a\u00f1os afianz\u00f3 la concreci\u00f3n de esta idea totalizadora que, en la actualidad, constituye una instituci\u00f3n abierta a todas las ramas del saber y de la creaci\u00f3n. Los principios de respeto, libertad y justicia que impulsaron el movimiento de la Reforma Universitaria de 1918, encontraron eco no s\u00f3lo en la comunidad universitaria platense sino en toda la comunidad universitaria latinoamericana. No pod\u00eda ser de otra manera cuando los contenidos educativos a impartir coincid\u00edan con el nuevo paradigma de la Universidad Reformista, basada en el apoyo emp\u00edrico de los conocimientos y el alejamiento de todo dogmatismo.<\/p>\n<p><em>La Direcci\u00f3n de Portal Universitario agradece los aportes del profesor Fernando Barba, autor del\u00a0 libro\u00a0 Historia de la Universidad Nacional de La Plata <\/em><\/p>\n<p><span style=\"color: #993300; font-size: x-small;\">Informaci\u00f3n procedente de la Universidad Nacional de La Plata. M\u00e1s informaci\u00f3n en: <\/span><a href=\"http:\/\/www.unlp.edu.ar\/\" target=\"_blank\"><span style=\"color: #993300; font-size: x-small;\">www.unlp.edu.ar\/<\/span><\/a><\/p>\n","protected":false},"excerpt":{"rendered":"<p>\u00a0 Historia Fundada en agosto de 1905 por el doctor Joaqu\u00edn V\u00edctor Gonz\u00e1lez, la UNLP surgi\u00f3 como una universidad moderna, alejada de la impronta academicista caracter\u00edstica de las tradicionales casas de altos estudios La Historia de la Universidad Nacional de La Plata comienza a gestarse a fines del siglo XIX,\u2026<\/p>\n<p class=\"continue-reading-button\"> <a class=\"continue-reading-link\" href=\"https:\/\/natureduca.com\/culturblog\/la-universidad-nacional-de-la-plata\/\">Seguir leyendo&#8230;<i class=\"crycon-right-dir\"><\/i><\/a><\/p>\n","protected":false},"author":75,"featured_media":-1,"comment_status":"open","ping_status":"open","sticky":false,"template":"","format":"standard","meta":{"rop_custom_images_group":[],"rop_custom_messages_group":[],"rop_publish_now":"initial","rop_publish_now_accounts":{"twitter_226634691_226634691":""},"rop_publish_now_history":[],"rop_publish_now_status":"pending","_uag_custom_page_level_css":"","footnotes":""},"categories":[21],"tags":[1016,1139,1009,1121,1017,1115,1143,1142,1145,1056,1064],"class_list":["post-375","post","type-post","status-publish","format-standard","has-post-thumbnail","hentry","category-instituciones","tag-arte","tag-artes","tag-cultura","tag-cultural","tag-historia","tag-jovenes","tag-justicia","tag-ley","tag-libro","tag-museo","tag-universidad"],"yoast_head":"<!-- This site is optimized with the Yoast SEO plugin v27.4 - https:\/\/yoast.com\/product\/yoast-seo-wordpress\/ -->\n<title>La Universidad Nacional de La Plata - Blog Cultureduca educativa<\/title>\n<meta name=\"description\" content=\"La Universidad Nacional de La Plata - Blog Cultureduca educativa -\" \/>\n<meta name=\"robots\" content=\"index, follow, max-snippet:-1, max-image-preview:large, max-video-preview:-1\" \/>\n<link rel=\"canonical\" href=\"https:\/\/natureduca.com\/culturblog\/la-universidad-nacional-de-la-plata\/\" \/>\n<meta property=\"og:locale\" content=\"es_ES\" \/>\n<meta property=\"og:type\" content=\"article\" \/>\n<meta property=\"og:title\" content=\"La Universidad Nacional de La Plata - Blog Cultureduca educativa\" \/>\n<meta property=\"og:description\" content=\"La Universidad Nacional de La Plata - Blog Cultureduca educativa -\" \/>\n<meta property=\"og:url\" content=\"https:\/\/natureduca.com\/culturblog\/la-universidad-nacional-de-la-plata\/\" \/>\n<meta property=\"og:site_name\" content=\"Blog Cultureduca educativa\" \/>\n<meta property=\"article:publisher\" content=\"https:\/\/www.facebook.com\/groups\/cultureduca\/\" \/>\n<meta property=\"article:published_time\" content=\"2009-10-11T10:09:15+00:00\" \/>\n<meta property=\"article:modified_time\" content=\"2010-12-26T22:26:28+00:00\" \/>\n<meta property=\"og:image\" content=\"https:\/\/natureduca.com\/culturblog\/wp-content\/uploads\/cropped-cabecera-culturblog.jpg\" \/>\n\t<meta property=\"og:image:width\" content=\"1200\" \/>\n\t<meta property=\"og:image:height\" content=\"120\" \/>\n\t<meta property=\"og:image:type\" content=\"image\/jpeg\" \/>\n<meta name=\"author\" content=\"Admin\" \/>\n<meta name=\"twitter:label1\" content=\"Escrito por\" \/>\n\t<meta name=\"twitter:data1\" content=\"Admin\" \/>\n\t<meta name=\"twitter:label2\" content=\"Tiempo de lectura\" \/>\n\t<meta name=\"twitter:data2\" content=\"4 minutos\" \/>\n<script type=\"application\/ld+json\" class=\"yoast-schema-graph\">{\"@context\":\"https:\\\/\\\/schema.org\",\"@graph\":[{\"@type\":\"Article\",\"@id\":\"https:\\\/\\\/natureduca.com\\\/culturblog\\\/la-universidad-nacional-de-la-plata\\\/#article\",\"isPartOf\":{\"@id\":\"https:\\\/\\\/natureduca.com\\\/culturblog\\\/la-universidad-nacional-de-la-plata\\\/\"},\"author\":{\"name\":\"Admin\",\"@id\":\"https:\\\/\\\/natureduca.com\\\/culturblog\\\/#\\\/schema\\\/person\\\/2ede2c4f1845fa2eef27442aa5aa7200\"},\"headline\":\"La Universidad Nacional de La Plata\",\"datePublished\":\"2009-10-11T10:09:15+00:00\",\"dateModified\":\"2010-12-26T22:26:28+00:00\",\"mainEntityOfPage\":{\"@id\":\"https:\\\/\\\/natureduca.com\\\/culturblog\\\/la-universidad-nacional-de-la-plata\\\/\"},\"wordCount\":862,\"commentCount\":0,\"publisher\":{\"@id\":\"https:\\\/\\\/natureduca.com\\\/culturblog\\\/#organization\"},\"image\":{\"@id\":\"https:\\\/\\\/natureduca.com\\\/culturblog\\\/la-universidad-nacional-de-la-plata\\\/#primaryimage\"},\"thumbnailUrl\":\"http:\\\/\\\/www.unlp.edu.ar\\\/uploads\\\/assets\\\/Rectorado%20de%20frente_medium.jpg\",\"keywords\":[\"arte\",\"artes\",\"cultura\",\"cultural\",\"historia\",\"j\u00f3venes\",\"justicia\",\"ley\",\"libro\",\"museo\",\"universidad\"],\"articleSection\":[\"Instituciones\"],\"inLanguage\":\"es\",\"potentialAction\":[{\"@type\":\"CommentAction\",\"name\":\"Comment\",\"target\":[\"https:\\\/\\\/natureduca.com\\\/culturblog\\\/la-universidad-nacional-de-la-plata\\\/#respond\"]}]},{\"@type\":\"WebPage\",\"@id\":\"https:\\\/\\\/natureduca.com\\\/culturblog\\\/la-universidad-nacional-de-la-plata\\\/\",\"url\":\"https:\\\/\\\/natureduca.com\\\/culturblog\\\/la-universidad-nacional-de-la-plata\\\/\",\"name\":\"La Universidad Nacional de La Plata - Blog Cultureduca educativa\",\"isPartOf\":{\"@id\":\"https:\\\/\\\/natureduca.com\\\/culturblog\\\/#website\"},\"primaryImageOfPage\":{\"@id\":\"https:\\\/\\\/natureduca.com\\\/culturblog\\\/la-universidad-nacional-de-la-plata\\\/#primaryimage\"},\"image\":{\"@id\":\"https:\\\/\\\/natureduca.com\\\/culturblog\\\/la-universidad-nacional-de-la-plata\\\/#primaryimage\"},\"thumbnailUrl\":\"http:\\\/\\\/www.unlp.edu.ar\\\/uploads\\\/assets\\\/Rectorado%20de%20frente_medium.jpg\",\"datePublished\":\"2009-10-11T10:09:15+00:00\",\"dateModified\":\"2010-12-26T22:26:28+00:00\",\"description\":\"La Universidad Nacional de La Plata - Blog Cultureduca educativa -\",\"breadcrumb\":{\"@id\":\"https:\\\/\\\/natureduca.com\\\/culturblog\\\/la-universidad-nacional-de-la-plata\\\/#breadcrumb\"},\"inLanguage\":\"es\",\"potentialAction\":[{\"@type\":\"ReadAction\",\"target\":[\"https:\\\/\\\/natureduca.com\\\/culturblog\\\/la-universidad-nacional-de-la-plata\\\/\"]}]},{\"@type\":\"ImageObject\",\"inLanguage\":\"es\",\"@id\":\"https:\\\/\\\/natureduca.com\\\/culturblog\\\/la-universidad-nacional-de-la-plata\\\/#primaryimage\",\"url\":\"http:\\\/\\\/www.unlp.edu.ar\\\/uploads\\\/assets\\\/Rectorado%20de%20frente_medium.jpg\",\"contentUrl\":\"http:\\\/\\\/www.unlp.edu.ar\\\/uploads\\\/assets\\\/Rectorado%20de%20frente_medium.jpg\"},{\"@type\":\"BreadcrumbList\",\"@id\":\"https:\\\/\\\/natureduca.com\\\/culturblog\\\/la-universidad-nacional-de-la-plata\\\/#breadcrumb\",\"itemListElement\":[{\"@type\":\"ListItem\",\"position\":1,\"name\":\"Portada\",\"item\":\"https:\\\/\\\/natureduca.com\\\/culturblog\\\/\"},{\"@type\":\"ListItem\",\"position\":2,\"name\":\"La Universidad Nacional de La Plata\"}]},{\"@type\":\"WebSite\",\"@id\":\"https:\\\/\\\/natureduca.com\\\/culturblog\\\/#website\",\"url\":\"https:\\\/\\\/natureduca.com\\\/culturblog\\\/\",\"name\":\"Blog Cultureduca\",\"description\":\"Blog educativo de las Letras y las Artes Pl\u00e1sticas y Est\u00e9ticas\",\"publisher\":{\"@id\":\"https:\\\/\\\/natureduca.com\\\/culturblog\\\/#organization\"},\"alternateName\":\"Blog Cultura educativa\",\"potentialAction\":[{\"@type\":\"SearchAction\",\"target\":{\"@type\":\"EntryPoint\",\"urlTemplate\":\"https:\\\/\\\/natureduca.com\\\/culturblog\\\/?s={search_term_string}\"},\"query-input\":{\"@type\":\"PropertyValueSpecification\",\"valueRequired\":true,\"valueName\":\"search_term_string\"}}],\"inLanguage\":\"es\"},{\"@type\":\"Organization\",\"@id\":\"https:\\\/\\\/natureduca.com\\\/culturblog\\\/#organization\",\"name\":\"ASOCAE\",\"alternateName\":\"Asociaci\u00f3n para la Cultura, el Arte y la Educaci\u00f3n\",\"url\":\"https:\\\/\\\/natureduca.com\\\/culturblog\\\/\",\"logo\":{\"@type\":\"ImageObject\",\"inLanguage\":\"es\",\"@id\":\"https:\\\/\\\/natureduca.com\\\/culturblog\\\/#\\\/schema\\\/logo\\\/image\\\/\",\"url\":\"https:\\\/\\\/natureduca.com\\\/culturblog\\\/wp-content\\\/uploads\\\/cultureduca_ico_cab.png\",\"contentUrl\":\"https:\\\/\\\/natureduca.com\\\/culturblog\\\/wp-content\\\/uploads\\\/cultureduca_ico_cab.png\",\"width\":22,\"height\":24,\"caption\":\"ASOCAE\"},\"image\":{\"@id\":\"https:\\\/\\\/natureduca.com\\\/culturblog\\\/#\\\/schema\\\/logo\\\/image\\\/\"},\"sameAs\":[\"https:\\\/\\\/www.facebook.com\\\/groups\\\/cultureduca\\\/\",\"https:\\\/\\\/x.com\\\/Cultureduca\"]},{\"@type\":\"Person\",\"@id\":\"https:\\\/\\\/natureduca.com\\\/culturblog\\\/#\\\/schema\\\/person\\\/2ede2c4f1845fa2eef27442aa5aa7200\",\"name\":\"Admin\",\"image\":{\"@type\":\"ImageObject\",\"inLanguage\":\"es\",\"@id\":\"https:\\\/\\\/secure.gravatar.com\\\/avatar\\\/808463f89cd51ccc00a865855b3a170f21d55c755eeccab37eef1fb553f48899?s=96&d=monsterid&r=g\",\"url\":\"https:\\\/\\\/secure.gravatar.com\\\/avatar\\\/808463f89cd51ccc00a865855b3a170f21d55c755eeccab37eef1fb553f48899?s=96&d=monsterid&r=g\",\"contentUrl\":\"https:\\\/\\\/secure.gravatar.com\\\/avatar\\\/808463f89cd51ccc00a865855b3a170f21d55c755eeccab37eef1fb553f48899?s=96&d=monsterid&r=g\",\"caption\":\"Admin\"},\"url\":\"https:\\\/\\\/natureduca.com\\\/culturblog\\\/author\\\/jefe\\\/\"}]}<\/script>\n<!-- \/ Yoast SEO plugin. -->","yoast_head_json":{"title":"La Universidad Nacional de La Plata - Blog Cultureduca educativa","description":"La Universidad Nacional de La Plata - Blog Cultureduca educativa -","robots":{"index":"index","follow":"follow","max-snippet":"max-snippet:-1","max-image-preview":"max-image-preview:large","max-video-preview":"max-video-preview:-1"},"canonical":"https:\/\/natureduca.com\/culturblog\/la-universidad-nacional-de-la-plata\/","og_locale":"es_ES","og_type":"article","og_title":"La Universidad Nacional de La Plata - Blog Cultureduca educativa","og_description":"La Universidad Nacional de La Plata - Blog Cultureduca educativa -","og_url":"https:\/\/natureduca.com\/culturblog\/la-universidad-nacional-de-la-plata\/","og_site_name":"Blog Cultureduca educativa","article_publisher":"https:\/\/www.facebook.com\/groups\/cultureduca\/","article_published_time":"2009-10-11T10:09:15+00:00","article_modified_time":"2010-12-26T22:26:28+00:00","og_image":[{"width":1200,"height":120,"url":"https:\/\/natureduca.com\/culturblog\/wp-content\/uploads\/cropped-cabecera-culturblog.jpg","type":"image\/jpeg"}],"author":"Admin","twitter_misc":{"Escrito por":"Admin","Tiempo de lectura":"4 minutos"},"schema":{"@context":"https:\/\/schema.org","@graph":[{"@type":"Article","@id":"https:\/\/natureduca.com\/culturblog\/la-universidad-nacional-de-la-plata\/#article","isPartOf":{"@id":"https:\/\/natureduca.com\/culturblog\/la-universidad-nacional-de-la-plata\/"},"author":{"name":"Admin","@id":"https:\/\/natureduca.com\/culturblog\/#\/schema\/person\/2ede2c4f1845fa2eef27442aa5aa7200"},"headline":"La Universidad Nacional de La Plata","datePublished":"2009-10-11T10:09:15+00:00","dateModified":"2010-12-26T22:26:28+00:00","mainEntityOfPage":{"@id":"https:\/\/natureduca.com\/culturblog\/la-universidad-nacional-de-la-plata\/"},"wordCount":862,"commentCount":0,"publisher":{"@id":"https:\/\/natureduca.com\/culturblog\/#organization"},"image":{"@id":"https:\/\/natureduca.com\/culturblog\/la-universidad-nacional-de-la-plata\/#primaryimage"},"thumbnailUrl":"http:\/\/www.unlp.edu.ar\/uploads\/assets\/Rectorado%20de%20frente_medium.jpg","keywords":["arte","artes","cultura","cultural","historia","j\u00f3venes","justicia","ley","libro","museo","universidad"],"articleSection":["Instituciones"],"inLanguage":"es","potentialAction":[{"@type":"CommentAction","name":"Comment","target":["https:\/\/natureduca.com\/culturblog\/la-universidad-nacional-de-la-plata\/#respond"]}]},{"@type":"WebPage","@id":"https:\/\/natureduca.com\/culturblog\/la-universidad-nacional-de-la-plata\/","url":"https:\/\/natureduca.com\/culturblog\/la-universidad-nacional-de-la-plata\/","name":"La Universidad Nacional de La Plata - Blog Cultureduca educativa","isPartOf":{"@id":"https:\/\/natureduca.com\/culturblog\/#website"},"primaryImageOfPage":{"@id":"https:\/\/natureduca.com\/culturblog\/la-universidad-nacional-de-la-plata\/#primaryimage"},"image":{"@id":"https:\/\/natureduca.com\/culturblog\/la-universidad-nacional-de-la-plata\/#primaryimage"},"thumbnailUrl":"http:\/\/www.unlp.edu.ar\/uploads\/assets\/Rectorado%20de%20frente_medium.jpg","datePublished":"2009-10-11T10:09:15+00:00","dateModified":"2010-12-26T22:26:28+00:00","description":"La Universidad Nacional de La Plata - Blog Cultureduca educativa -","breadcrumb":{"@id":"https:\/\/natureduca.com\/culturblog\/la-universidad-nacional-de-la-plata\/#breadcrumb"},"inLanguage":"es","potentialAction":[{"@type":"ReadAction","target":["https:\/\/natureduca.com\/culturblog\/la-universidad-nacional-de-la-plata\/"]}]},{"@type":"ImageObject","inLanguage":"es","@id":"https:\/\/natureduca.com\/culturblog\/la-universidad-nacional-de-la-plata\/#primaryimage","url":"http:\/\/www.unlp.edu.ar\/uploads\/assets\/Rectorado%20de%20frente_medium.jpg","contentUrl":"http:\/\/www.unlp.edu.ar\/uploads\/assets\/Rectorado%20de%20frente_medium.jpg"},{"@type":"BreadcrumbList","@id":"https:\/\/natureduca.com\/culturblog\/la-universidad-nacional-de-la-plata\/#breadcrumb","itemListElement":[{"@type":"ListItem","position":1,"name":"Portada","item":"https:\/\/natureduca.com\/culturblog\/"},{"@type":"ListItem","position":2,"name":"La Universidad Nacional de La Plata"}]},{"@type":"WebSite","@id":"https:\/\/natureduca.com\/culturblog\/#website","url":"https:\/\/natureduca.com\/culturblog\/","name":"Blog Cultureduca","description":"Blog educativo de las Letras y las Artes Pl\u00e1sticas y Est\u00e9ticas","publisher":{"@id":"https:\/\/natureduca.com\/culturblog\/#organization"},"alternateName":"Blog Cultura educativa","potentialAction":[{"@type":"SearchAction","target":{"@type":"EntryPoint","urlTemplate":"https:\/\/natureduca.com\/culturblog\/?s={search_term_string}"},"query-input":{"@type":"PropertyValueSpecification","valueRequired":true,"valueName":"search_term_string"}}],"inLanguage":"es"},{"@type":"Organization","@id":"https:\/\/natureduca.com\/culturblog\/#organization","name":"ASOCAE","alternateName":"Asociaci\u00f3n para la Cultura, el Arte y la Educaci\u00f3n","url":"https:\/\/natureduca.com\/culturblog\/","logo":{"@type":"ImageObject","inLanguage":"es","@id":"https:\/\/natureduca.com\/culturblog\/#\/schema\/logo\/image\/","url":"https:\/\/natureduca.com\/culturblog\/wp-content\/uploads\/cultureduca_ico_cab.png","contentUrl":"https:\/\/natureduca.com\/culturblog\/wp-content\/uploads\/cultureduca_ico_cab.png","width":22,"height":24,"caption":"ASOCAE"},"image":{"@id":"https:\/\/natureduca.com\/culturblog\/#\/schema\/logo\/image\/"},"sameAs":["https:\/\/www.facebook.com\/groups\/cultureduca\/","https:\/\/x.com\/Cultureduca"]},{"@type":"Person","@id":"https:\/\/natureduca.com\/culturblog\/#\/schema\/person\/2ede2c4f1845fa2eef27442aa5aa7200","name":"Admin","image":{"@type":"ImageObject","inLanguage":"es","@id":"https:\/\/secure.gravatar.com\/avatar\/808463f89cd51ccc00a865855b3a170f21d55c755eeccab37eef1fb553f48899?s=96&d=monsterid&r=g","url":"https:\/\/secure.gravatar.com\/avatar\/808463f89cd51ccc00a865855b3a170f21d55c755eeccab37eef1fb553f48899?s=96&d=monsterid&r=g","contentUrl":"https:\/\/secure.gravatar.com\/avatar\/808463f89cd51ccc00a865855b3a170f21d55c755eeccab37eef1fb553f48899?s=96&d=monsterid&r=g","caption":"Admin"},"url":"https:\/\/natureduca.com\/culturblog\/author\/jefe\/"}]}},"featured_image_src":null,"featured_image_src_square":null,"author_info":{"display_name":"Admin","author_link":"https:\/\/natureduca.com\/culturblog\/author\/jefe\/"},"uagb_featured_image_src":{"full":false,"thumbnail":false,"medium":false,"medium_large":false,"large":false,"1536x1536":false,"2048x2048":false,"custom":false,"gb-block-post-grid-landscape":false,"gb-block-post-grid-square":false,"post-thumbnail":false,"header":false,"slider":false,"columns":false},"uagb_author_info":{"display_name":"Admin","author_link":"https:\/\/natureduca.com\/culturblog\/author\/jefe\/"},"uagb_comment_info":0,"uagb_excerpt":"\u00a0 Historia Fundada en agosto de 1905 por el doctor Joaqu\u00edn V\u00edctor Gonz\u00e1lez, la UNLP surgi\u00f3 como una universidad moderna, alejada de la impronta academicista caracter\u00edstica de las tradicionales casas de altos estudios La Historia de la Universidad Nacional de La Plata comienza a gestarse a fines del siglo XIX,\u2026 Seguir leyendo...","amp_enabled":true,"_links":{"self":[{"href":"https:\/\/natureduca.com\/culturblog\/wp-json\/wp\/v2\/posts\/375","targetHints":{"allow":["GET"]}}],"collection":[{"href":"https:\/\/natureduca.com\/culturblog\/wp-json\/wp\/v2\/posts"}],"about":[{"href":"https:\/\/natureduca.com\/culturblog\/wp-json\/wp\/v2\/types\/post"}],"author":[{"embeddable":true,"href":"https:\/\/natureduca.com\/culturblog\/wp-json\/wp\/v2\/users\/75"}],"replies":[{"embeddable":true,"href":"https:\/\/natureduca.com\/culturblog\/wp-json\/wp\/v2\/comments?post=375"}],"version-history":[{"count":0,"href":"https:\/\/natureduca.com\/culturblog\/wp-json\/wp\/v2\/posts\/375\/revisions"}],"wp:featuredmedia":[{"embeddable":true,"href":"https:\/\/natureduca.com\/culturblog\/wp-json\/"}],"wp:attachment":[{"href":"https:\/\/natureduca.com\/culturblog\/wp-json\/wp\/v2\/media?parent=375"}],"wp:term":[{"taxonomy":"category","embeddable":true,"href":"https:\/\/natureduca.com\/culturblog\/wp-json\/wp\/v2\/categories?post=375"},{"taxonomy":"post_tag","embeddable":true,"href":"https:\/\/natureduca.com\/culturblog\/wp-json\/wp\/v2\/tags?post=375"}],"curies":[{"name":"wp","href":"https:\/\/api.w.org\/{rel}","templated":true}]}}