{"id":3596,"date":"2014-05-07T23:41:38","date_gmt":"2014-05-07T21:41:38","guid":{"rendered":"http:\/\/www.cultureduca.com\/blog\/?p=3596"},"modified":"2018-12-22T11:08:10","modified_gmt":"2018-12-22T09:08:10","slug":"grandes-disenadores-de-sellos-ivan-strnad","status":"publish","type":"post","link":"https:\/\/natureduca.com\/culturblog\/grandes-disenadores-de-sellos-ivan-strnad\/","title":{"rendered":"GRANDES DISE\u00d1ADORES DE SELLOS: IVAN STRNAD"},"content":{"rendered":"<p><span style=\"font-size: small; font-family: arial, helvetica, sans-serif;\">Posiblemente pocos lo recuerden, aunque seguramente ser\u00e1 familiar para los oyentes de Radio Praga y su fabuloso \u201cNovedades Filat\u00e9licas\u201d que los domingos del \u00faltimo cuarto de siglo [XX] era una cita habitual para los filatelistas de medio mundo y, adem\u00e1s, hab\u00eda recompensa: la emisora te enviaba los preciosos sobres de primer d\u00eda con una puntualidad alemana, siempre por correo certificado [recuerden era \u00e9poca de miserias, pero los dineros p\u00fablicos se gestionaban con honradez, no como ahora que desde que la UE puso las reglas, el choriceo se ha embrutecido, se ha expandido y est\u00e1 al punto de (una vez m\u00e1s) dar al traste con la aventura de un continente unido, con cada una de sus peculiares particularidades] y uno ve\u00eda c\u00f3mo aumentaban los conocimientos sobre este hist\u00f3rico pa\u00eds centroeuropeo que entonces se conoc\u00eda como Rep\u00fablica Checoslovaca.\u00a0<\/span><\/p>\n<p><img decoding=\"async\" alt=\"\" src=\"https:\/\/natureduca.com\/images_culturblog\/grandesdisenadores.jpg\" \/><\/p>\n<p><span style=\"font-size: small; font-family: arial, helvetica, sans-serif;\">Ca\u00eddo el tel\u00f3n de acero, Occidente se dio prisa en alentar las independencias y de nuevo aparecieron los fantasmas en tierras donde parec\u00eda que, finalmente, se hab\u00edan esfumado. Ahora el paro y la miseria recorren el continente y las emisoras [tambi\u00e9n Radio Praga] ya no son audibles en la Onda Corta: los prebostes de Bruselas se afanaron en eliminar un modelo de medios que daban cultura y formaban al ciudadano. Un tiempo en donde lo que dec\u00eda una emisora ya no se cuestionaba. Pero claro, ahora es mucho mejor montar \u201cnuestros medios afines\u201d y de esta manera no habr\u00e1 voces disonantes. EUROPA: \u00a1Qui\u00e9n te ha visto y qui\u00e9n te ve! <\/span><\/p>\n<p><span style=\"font-size: small; font-family: arial, helvetica, sans-serif;\">Volvamos a los sellos, Ivan Strnad dise\u00f1\u00f3 casi un centenar de ellos en aquel per\u00edodo y a\u00fan lleg\u00f3 a confeccionar algunos m\u00e1s tras la ruptura y el nacimiento de la Rep\u00fablica Checa [al Este se estrenaba la Rep\u00fablica Eslovaca]. Con esos vientos, entre otras muchas cosas, los diexistas nos quedamos sin el programa filat\u00e9lico y, finalmente, sin las emisiones de Radio Praga [aunque desde Miami la emisora de Jeff White retransmite las emisiones en espa\u00f1ol para el continente americano en 9955 kHz] que durante cinco largos decenios nos hab\u00edan acompa\u00f1ado, formado e informado. \u00a1Siempre dije que la radio hab\u00eda sido mi particular universidad y visto el panorama del estudiantado actual en la piel de toro fue una GRAN UNIVERSIDAD que, curiosamente, no est\u00e1 en ning\u00fan estado y est\u00e1 en todos. Es esa ventana de aire fresco que se cuela tranquilamente en casa y en donde la Onda Corta, libre y voladora, desaf\u00eda el \u00e9ter y te cultiva en los m\u00e1s dis\u00edmiles saberes! <\/span><\/p>\n<p><span style=\"font-size: small; font-family: arial, helvetica, sans-serif;\">El famoso \u201cpostill\u00f3n\u201d o \u201ccuerno postal\u201d que daba entrada al corto, pero suculento encuentro con el mundo de los sellos era, para los filatelistas, el momento cumbre de la tarde del domingo si es que al mediod\u00eda se te hab\u00eda escapado (el programa se retransmit\u00eda varias veces al d\u00eda, s\u00f3lo las noticias eran repuestas para cada emisi\u00f3n si era necesario). Repetimos, el famoso postill\u00f3n desapareci\u00f3 de las ondas y nosotros nos quedamos hu\u00e9rfanos y sin continuidad en aquellos preciosos sobres que obsequiaba la radio a todos los filatelistas u oyentes que lo solicitaran. La rep\u00fablica checa es hoy, tambi\u00e9n, un pa\u00eds al que el paro le azota y la deuda asfixia. Por supuesto, tiene tambi\u00e9n todos los males de occidente y hasta un hombre lagarto (por su multitudinario tatuaje) que aspira a regir los destinos de uno de los pa\u00edses m\u00e1s euro esc\u00e9ptico de todo el panorama europeo. \u00a1Quiz\u00e1 ese estramb\u00f3tico personaje nos haga salir del letargo! <\/span><\/p>\n<p><span style=\"font-size: small; font-family: arial, helvetica, sans-serif;\">Strnad vuelve al mundo del sello en un sencillo efecto de diez coronas que le rinde homenaje en la tradicional serie dedicada a la TRADICI\u00d3N CHECA EN EL ARTE DEL SELLO (antes sal\u00edan, habitualmente, en diciembre, era la emisi\u00f3n que cerraba el programa del a\u00f1o para el correo checoslovaco de la \u00e9poca) que se puso en circulaci\u00f3n el 20 de enero de 2013. <\/span><\/p>\n<p><span style=\"font-size: small; font-family: arial, helvetica, sans-serif;\">Este sello se centra en el retrato del genial dise\u00f1ador y se complementa con dos ilustraciones o motivos que aparecieron en la filatelia checa y que, de una u otra manera, forman parte de la tem\u00e1tica telef\u00f3nica, astron\u00e1utica o simplemente las comunicaciones. En la parte superior izquierda, un detalle de la ilustraci\u00f3n empleada en 1975 dentro de los enteros postales que conmemoraban el 50 aniversario de la automatizaci\u00f3n del servicio telef\u00f3nico checoslovaco. En contrapunto, al lado derecho, un desnudo que ilustr\u00f3 un sello de 30h (haleru = c\u00e9ntimos) de la emisi\u00f3n INTERSPUTNIK aparecido un a\u00f1o antes, 1974. La cabeza que se ha empleado para el sobre de primer d\u00eda apareci\u00f3 en 1968 en la serie que se le dedic\u00f3 al XX aniversario de la Organizaci\u00f3n Mundial de la Salud. En el centro del sello aparece el rostro del famoso dise\u00f1ador checo. <\/span><\/p>\n<p><span style=\"font-size: small; font-family: arial, helvetica, sans-serif;\">Fue dise\u00f1ado por Pavel Sivko y el grabado lo realiz\u00f3 Jaroslav Tvrdon. Tama\u00f1o 40&#215;23 mm, facial de 10 coronas, impreso en fotograbado. Hubo dos versiones, la del carnet que contiene 8 ejemplares y cuatro vi\u00f1etas sin valor postal con la cabeza que apareci\u00f3 originalmente en un sello de 1 corona de la Exploraci\u00f3n Espacial en 1974, ahora esa vi\u00f1eta no tiene poder liberatorio y el filatelista debe conservar el d\u00edptico resultante unido para poder extraer todo el valor tem\u00e1tico. Las vi\u00f1etas aisladas no aportan nada a una colecci\u00f3n y no debieran mostrarse si existe material en el mercado que lo supla; en este caso ya tenemos el sello original (aunque se podr\u00eda argumentar con \u00e9xito, ese posterior uso conmemorativo). La otra versi\u00f3n es la tradicional en 30 ejemplares por pliego. En cuanto al matasellos de primer d\u00eda se ha confeccionado con las siglas de su nombre y apellido, una mano simboliza su trabajo con el l\u00e1piz que da la sensaci\u00f3n de movimiento. <\/span><\/p>\n<p><span style=\"font-size: small; font-family: arial, helvetica, sans-serif;\">Strnad naci\u00f3 el 3 de abril de 1926 en Praga y muri\u00f3 a finales de diciembre de 2004 (las exequias se realizaron ya en 2005). Era miembro de las asociaciones checas de artistas gr\u00e1ficos Hollar y Grafis; su formaci\u00f3n la realiz\u00f3 en la Academia de las Artes, Arquitectura y Dise\u00f1o de la capital checa, en la que destacar\u00eda como docente. <\/span><br \/>\n<span style=\"font-size: small; font-family: arial, helvetica, sans-serif;\">En el terreno art\u00edstico, al margen del casi centenar de sellos, realiz\u00f3 trabajos de ilustraci\u00f3n y obras para el mundo de la arquitectura, el textil, la medall\u00edstica, la notaf\u00edlia o logotipos para una veintena de empresas y corporaciones. Destac\u00f3 r\u00e1pidamente por su trabajo en seco y grabado, siendo las figuras humanas su especial atracci\u00f3n. Su obra le mereci\u00f3 numerosos galardones y reconocimientos en diferentes pa\u00edses. En el terreno filat\u00e9lico recibi\u00f3 varias veces el primer premio al mejor sello, por ejemplo en 1964 con la emisi\u00f3n del XX aniversario de la Rep\u00fablica de Checoslovaquia; dos a\u00f1os despu\u00e9s recib\u00eda otro premio con la serie Vanguardia 1965, galard\u00f3n que repetir\u00eda en tres convocatorias m\u00e1s y en varias ocasiones se alz\u00f3 como ganador absoluto por el sello m\u00e1s bonito del a\u00f1o. En 1980 lo logr\u00f3 por el billete m\u00e1s hermoso que ten\u00eda un facial de 500 coronas. <\/span><\/p>\n<p><span style=\"font-size: small; font-family: arial, helvetica, sans-serif;\">Muchos de sus sellos son visibles en cualquier web, basta colocar su apellido y luego clicar \u201cim\u00e1genes\u201d. Una de esas p\u00e1ginas la recogemos m\u00e1s abajo junto a la de la emisora checa en la que tambi\u00e9n pueden recoger m\u00e1s informaci\u00f3n sobre este grande dentro del mundo del dise\u00f1o del sello en Praga. De paso se\u00f1alaremos que la emisi\u00f3n dedicada al Campeonato Mundial de F\u00fatbol Espa\u00f1a 1982 fue tambi\u00e9n confeccionada por \u00e9l, as\u00ed que podr\u00edamos encuadrarlo, por esos ejemplares, en la tem\u00e1tica Hisp\u00e1nica. <\/span><\/p>\n<p><span style=\"font-size: small; font-family: arial, helvetica, sans-serif;\">CZECH POST &#8211; POSTFILA <\/span><br \/>\n<span style=\"font-size: small; font-family: arial, helvetica, sans-serif;\">ORTENOVO NAM. 16 <\/span><br \/>\n<span style=\"font-size: small; font-family: arial, helvetica, sans-serif;\">CZ-170 24 PRAGA 7 <\/span><br \/>\n<span style=\"font-size: small; font-family: arial, helvetica, sans-serif;\">(REPUBLICA CHECA) <\/span><br \/>\n<span style=\"font-size: small; font-family: arial, helvetica, sans-serif;\">CESK\u00c1 POSTA \u2013 SLUZBY FILATELISTUM <\/span><br \/>\n<span style=\"font-size: small; font-family: arial, helvetica, sans-serif;\">P O BOX 111 <\/span><br \/>\n<span style=\"font-size: small; font-family: arial, helvetica, sans-serif;\">CZ-360 02 KARLOVY VARY 2 <\/span><br \/>\n<span style=\"font-size: small; font-family: arial, helvetica, sans-serif;\">(REPUBLICA CHECA) www.cpost.cz <\/span><br \/>\n<span style=\"font-size: small; font-family: arial, helvetica, sans-serif;\">www.madeinczechoslovakia.org <\/span><br \/>\n<span style=\"font-size: small; font-family: arial, helvetica, sans-serif;\">www.tz.gstatic.com\/images <\/span><br \/>\n<span style=\"font-size: small; font-family: arial, helvetica, sans-serif;\">www.flickr.com\/photos <\/span><br \/>\n<span style=\"font-size: small; font-family: arial, helvetica, sans-serif;\">www.olivertomas.com\/design <\/span><br \/>\n<span style=\"font-size: small; font-family: arial, helvetica, sans-serif;\">www.radio.cz\/es<\/span><\/p>\n<p style=\"text-align: center;\"><span style=\"font-size: small; font-family: arial, helvetica, sans-serif;\">JUAN FRANCO CRESPO <\/span><br \/>\n<span style=\"font-size: small; font-family: arial, helvetica, sans-serif;\">lacandon999@yahoo.es<\/span><\/p>\n","protected":false},"excerpt":{"rendered":"<p>Posiblemente pocos lo recuerden, aunque seguramente ser\u00e1 familiar para los oyentes de Radio Praga y su fabuloso \u201cNovedades Filat\u00e9licas\u201d que los domingos del \u00faltimo cuarto de siglo [XX] era una cita habitual para los filatelistas de medio mundo y, adem\u00e1s, hab\u00eda recompensa: la emisora te enviaba los preciosos sobres de\u2026<\/p>\n<p class=\"continue-reading-button\"> <a class=\"continue-reading-link\" href=\"https:\/\/natureduca.com\/culturblog\/grandes-disenadores-de-sellos-ivan-strnad\/\">Seguir leyendo&#8230;<i class=\"crycon-right-dir\"><\/i><\/a><\/p>\n","protected":false},"author":8,"featured_media":-1,"comment_status":"open","ping_status":"open","sticky":false,"template":"","format":"standard","meta":{"rop_custom_images_group":[],"rop_custom_messages_group":[],"rop_publish_now":"initial","rop_publish_now_accounts":{"twitter_226634691_226634691":""},"rop_publish_now_history":[],"rop_publish_now_status":"pending","_uag_custom_page_level_css":"","footnotes":""},"categories":[14,7],"tags":[1626,1016,1139,1009,1042,1625,1030,1396,1064],"class_list":["post-3596","post","type-post","status-publish","format-standard","has-post-thumbnail","hentry","category-filatelia","category-personajes","tag-adores","tag-arte","tag-artes","tag-cultura","tag-filatelia-2","tag-grandes","tag-radio","tag-sellos","tag-universidad"],"yoast_head":"<!-- This site is optimized with the Yoast SEO plugin v27.5 - https:\/\/yoast.com\/product\/yoast-seo-wordpress\/ -->\n<title>GRANDES DISE\u00d1ADORES DE SELLOS: IVAN STRNAD<\/title>\n<meta name=\"description\" content=\"GRANDES DISE\u00d1ADORES DE SELLOS: IVAN STRNAD\" \/>\n<meta name=\"robots\" content=\"index, follow, max-snippet:-1, max-image-preview:large, max-video-preview:-1\" \/>\n<link rel=\"canonical\" href=\"https:\/\/natureduca.com\/culturblog\/grandes-disenadores-de-sellos-ivan-strnad\/\" \/>\n<meta property=\"og:locale\" content=\"es_ES\" \/>\n<meta property=\"og:type\" content=\"article\" \/>\n<meta property=\"og:title\" content=\"GRANDES DISE\u00d1ADORES DE SELLOS: IVAN STRNAD\" \/>\n<meta property=\"og:description\" content=\"GRANDES DISE\u00d1ADORES DE SELLOS: IVAN STRNAD\" \/>\n<meta property=\"og:url\" content=\"https:\/\/natureduca.com\/culturblog\/grandes-disenadores-de-sellos-ivan-strnad\/\" \/>\n<meta property=\"og:site_name\" content=\"Blog Cultureduca educativa\" \/>\n<meta property=\"article:publisher\" content=\"https:\/\/www.facebook.com\/groups\/cultureduca\/\" \/>\n<meta property=\"article:published_time\" content=\"2014-05-07T21:41:38+00:00\" \/>\n<meta property=\"article:modified_time\" content=\"2018-12-22T09:08:10+00:00\" \/>\n<meta property=\"og:image\" content=\"https:\/\/natureduca.com\/culturblog\/wp-content\/uploads\/cropped-cabecera-culturblog.jpg\" \/>\n\t<meta property=\"og:image:width\" content=\"1200\" \/>\n\t<meta property=\"og:image:height\" content=\"120\" \/>\n\t<meta property=\"og:image:type\" content=\"image\/jpeg\" \/>\n<meta name=\"author\" content=\"Juan Franco Crespo\" \/>\n<meta name=\"twitter:label1\" content=\"Escrito por\" \/>\n\t<meta name=\"twitter:data1\" content=\"Juan Franco Crespo\" \/>\n\t<meta name=\"twitter:label2\" content=\"Tiempo de lectura\" \/>\n\t<meta name=\"twitter:data2\" content=\"7 minutos\" \/>\n<script type=\"application\/ld+json\" class=\"yoast-schema-graph\">{\"@context\":\"https:\\\/\\\/schema.org\",\"@graph\":[{\"@type\":\"Article\",\"@id\":\"https:\\\/\\\/natureduca.com\\\/culturblog\\\/grandes-disenadores-de-sellos-ivan-strnad\\\/#article\",\"isPartOf\":{\"@id\":\"https:\\\/\\\/natureduca.com\\\/culturblog\\\/grandes-disenadores-de-sellos-ivan-strnad\\\/\"},\"author\":{\"name\":\"Juan Franco Crespo\",\"@id\":\"https:\\\/\\\/natureduca.com\\\/culturblog\\\/#\\\/schema\\\/person\\\/f6dccdcd6c23ee151a1d5a173ca21baf\"},\"headline\":\"GRANDES DISE\u00d1ADORES DE SELLOS: IVAN STRNAD\",\"datePublished\":\"2014-05-07T21:41:38+00:00\",\"dateModified\":\"2018-12-22T09:08:10+00:00\",\"mainEntityOfPage\":{\"@id\":\"https:\\\/\\\/natureduca.com\\\/culturblog\\\/grandes-disenadores-de-sellos-ivan-strnad\\\/\"},\"wordCount\":1374,\"commentCount\":0,\"publisher\":{\"@id\":\"https:\\\/\\\/natureduca.com\\\/culturblog\\\/#organization\"},\"image\":{\"@id\":\"https:\\\/\\\/natureduca.com\\\/culturblog\\\/grandes-disenadores-de-sellos-ivan-strnad\\\/#primaryimage\"},\"thumbnailUrl\":\"https:\\\/\\\/natureduca.com\\\/images_culturblog\\\/grandesdisenadores.jpg\",\"keywords\":[\"adores\",\"arte\",\"artes\",\"cultura\",\"filatelia\",\"grandes\",\"radio\",\"sellos\",\"universidad\"],\"articleSection\":[\"Filatelia\",\"Personajes\"],\"inLanguage\":\"es\",\"potentialAction\":[{\"@type\":\"CommentAction\",\"name\":\"Comment\",\"target\":[\"https:\\\/\\\/natureduca.com\\\/culturblog\\\/grandes-disenadores-de-sellos-ivan-strnad\\\/#respond\"]}]},{\"@type\":\"WebPage\",\"@id\":\"https:\\\/\\\/natureduca.com\\\/culturblog\\\/grandes-disenadores-de-sellos-ivan-strnad\\\/\",\"url\":\"https:\\\/\\\/natureduca.com\\\/culturblog\\\/grandes-disenadores-de-sellos-ivan-strnad\\\/\",\"name\":\"GRANDES DISE\u00d1ADORES DE SELLOS: IVAN STRNAD\",\"isPartOf\":{\"@id\":\"https:\\\/\\\/natureduca.com\\\/culturblog\\\/#website\"},\"primaryImageOfPage\":{\"@id\":\"https:\\\/\\\/natureduca.com\\\/culturblog\\\/grandes-disenadores-de-sellos-ivan-strnad\\\/#primaryimage\"},\"image\":{\"@id\":\"https:\\\/\\\/natureduca.com\\\/culturblog\\\/grandes-disenadores-de-sellos-ivan-strnad\\\/#primaryimage\"},\"thumbnailUrl\":\"https:\\\/\\\/natureduca.com\\\/images_culturblog\\\/grandesdisenadores.jpg\",\"datePublished\":\"2014-05-07T21:41:38+00:00\",\"dateModified\":\"2018-12-22T09:08:10+00:00\",\"description\":\"GRANDES DISE\u00d1ADORES DE SELLOS: IVAN STRNAD\",\"breadcrumb\":{\"@id\":\"https:\\\/\\\/natureduca.com\\\/culturblog\\\/grandes-disenadores-de-sellos-ivan-strnad\\\/#breadcrumb\"},\"inLanguage\":\"es\",\"potentialAction\":[{\"@type\":\"ReadAction\",\"target\":[\"https:\\\/\\\/natureduca.com\\\/culturblog\\\/grandes-disenadores-de-sellos-ivan-strnad\\\/\"]}]},{\"@type\":\"ImageObject\",\"inLanguage\":\"es\",\"@id\":\"https:\\\/\\\/natureduca.com\\\/culturblog\\\/grandes-disenadores-de-sellos-ivan-strnad\\\/#primaryimage\",\"url\":\"https:\\\/\\\/natureduca.com\\\/images_culturblog\\\/grandesdisenadores.jpg\",\"contentUrl\":\"https:\\\/\\\/natureduca.com\\\/images_culturblog\\\/grandesdisenadores.jpg\"},{\"@type\":\"BreadcrumbList\",\"@id\":\"https:\\\/\\\/natureduca.com\\\/culturblog\\\/grandes-disenadores-de-sellos-ivan-strnad\\\/#breadcrumb\",\"itemListElement\":[{\"@type\":\"ListItem\",\"position\":1,\"name\":\"Portada\",\"item\":\"https:\\\/\\\/natureduca.com\\\/culturblog\\\/\"},{\"@type\":\"ListItem\",\"position\":2,\"name\":\"GRANDES DISE\u00d1ADORES DE SELLOS: IVAN STRNAD\"}]},{\"@type\":\"WebSite\",\"@id\":\"https:\\\/\\\/natureduca.com\\\/culturblog\\\/#website\",\"url\":\"https:\\\/\\\/natureduca.com\\\/culturblog\\\/\",\"name\":\"Blog Cultureduca\",\"description\":\"Blog educativo de las Letras y las Artes Pl\u00e1sticas y Est\u00e9ticas\",\"publisher\":{\"@id\":\"https:\\\/\\\/natureduca.com\\\/culturblog\\\/#organization\"},\"alternateName\":\"Blog Cultura educativa\",\"potentialAction\":[{\"@type\":\"SearchAction\",\"target\":{\"@type\":\"EntryPoint\",\"urlTemplate\":\"https:\\\/\\\/natureduca.com\\\/culturblog\\\/?s={search_term_string}\"},\"query-input\":{\"@type\":\"PropertyValueSpecification\",\"valueRequired\":true,\"valueName\":\"search_term_string\"}}],\"inLanguage\":\"es\"},{\"@type\":\"Organization\",\"@id\":\"https:\\\/\\\/natureduca.com\\\/culturblog\\\/#organization\",\"name\":\"ASOCAE\",\"alternateName\":\"Asociaci\u00f3n para la Cultura, el Arte y la Educaci\u00f3n\",\"url\":\"https:\\\/\\\/natureduca.com\\\/culturblog\\\/\",\"logo\":{\"@type\":\"ImageObject\",\"inLanguage\":\"es\",\"@id\":\"https:\\\/\\\/natureduca.com\\\/culturblog\\\/#\\\/schema\\\/logo\\\/image\\\/\",\"url\":\"https:\\\/\\\/natureduca.com\\\/culturblog\\\/wp-content\\\/uploads\\\/cultureduca_ico_cab.png\",\"contentUrl\":\"https:\\\/\\\/natureduca.com\\\/culturblog\\\/wp-content\\\/uploads\\\/cultureduca_ico_cab.png\",\"width\":22,\"height\":24,\"caption\":\"ASOCAE\"},\"image\":{\"@id\":\"https:\\\/\\\/natureduca.com\\\/culturblog\\\/#\\\/schema\\\/logo\\\/image\\\/\"},\"sameAs\":[\"https:\\\/\\\/www.facebook.com\\\/groups\\\/cultureduca\\\/\",\"https:\\\/\\\/x.com\\\/Cultureduca\"]},{\"@type\":\"Person\",\"@id\":\"https:\\\/\\\/natureduca.com\\\/culturblog\\\/#\\\/schema\\\/person\\\/f6dccdcd6c23ee151a1d5a173ca21baf\",\"name\":\"Juan Franco Crespo\",\"image\":{\"@type\":\"ImageObject\",\"inLanguage\":\"es\",\"@id\":\"https:\\\/\\\/secure.gravatar.com\\\/avatar\\\/0a938c68d1292af5b03d9c8f39678b30bdf6e89857a75a3aa18efa5e77e33f8a?s=96&d=monsterid&r=g\",\"url\":\"https:\\\/\\\/secure.gravatar.com\\\/avatar\\\/0a938c68d1292af5b03d9c8f39678b30bdf6e89857a75a3aa18efa5e77e33f8a?s=96&d=monsterid&r=g\",\"contentUrl\":\"https:\\\/\\\/secure.gravatar.com\\\/avatar\\\/0a938c68d1292af5b03d9c8f39678b30bdf6e89857a75a3aa18efa5e77e33f8a?s=96&d=monsterid&r=g\",\"caption\":\"Juan Franco Crespo\"},\"url\":\"https:\\\/\\\/natureduca.com\\\/culturblog\\\/author\\\/juan\\\/\"}]}<\/script>\n<!-- \/ Yoast SEO plugin. -->","yoast_head_json":{"title":"GRANDES DISE\u00d1ADORES DE SELLOS: IVAN STRNAD","description":"GRANDES DISE\u00d1ADORES DE SELLOS: IVAN STRNAD","robots":{"index":"index","follow":"follow","max-snippet":"max-snippet:-1","max-image-preview":"max-image-preview:large","max-video-preview":"max-video-preview:-1"},"canonical":"https:\/\/natureduca.com\/culturblog\/grandes-disenadores-de-sellos-ivan-strnad\/","og_locale":"es_ES","og_type":"article","og_title":"GRANDES DISE\u00d1ADORES DE SELLOS: IVAN STRNAD","og_description":"GRANDES DISE\u00d1ADORES DE SELLOS: IVAN STRNAD","og_url":"https:\/\/natureduca.com\/culturblog\/grandes-disenadores-de-sellos-ivan-strnad\/","og_site_name":"Blog Cultureduca educativa","article_publisher":"https:\/\/www.facebook.com\/groups\/cultureduca\/","article_published_time":"2014-05-07T21:41:38+00:00","article_modified_time":"2018-12-22T09:08:10+00:00","og_image":[{"width":1200,"height":120,"url":"https:\/\/natureduca.com\/culturblog\/wp-content\/uploads\/cropped-cabecera-culturblog.jpg","type":"image\/jpeg"}],"author":"Juan Franco Crespo","twitter_misc":{"Escrito por":"Juan Franco Crespo","Tiempo de lectura":"7 minutos"},"schema":{"@context":"https:\/\/schema.org","@graph":[{"@type":"Article","@id":"https:\/\/natureduca.com\/culturblog\/grandes-disenadores-de-sellos-ivan-strnad\/#article","isPartOf":{"@id":"https:\/\/natureduca.com\/culturblog\/grandes-disenadores-de-sellos-ivan-strnad\/"},"author":{"name":"Juan Franco Crespo","@id":"https:\/\/natureduca.com\/culturblog\/#\/schema\/person\/f6dccdcd6c23ee151a1d5a173ca21baf"},"headline":"GRANDES DISE\u00d1ADORES DE SELLOS: IVAN STRNAD","datePublished":"2014-05-07T21:41:38+00:00","dateModified":"2018-12-22T09:08:10+00:00","mainEntityOfPage":{"@id":"https:\/\/natureduca.com\/culturblog\/grandes-disenadores-de-sellos-ivan-strnad\/"},"wordCount":1374,"commentCount":0,"publisher":{"@id":"https:\/\/natureduca.com\/culturblog\/#organization"},"image":{"@id":"https:\/\/natureduca.com\/culturblog\/grandes-disenadores-de-sellos-ivan-strnad\/#primaryimage"},"thumbnailUrl":"https:\/\/natureduca.com\/images_culturblog\/grandesdisenadores.jpg","keywords":["adores","arte","artes","cultura","filatelia","grandes","radio","sellos","universidad"],"articleSection":["Filatelia","Personajes"],"inLanguage":"es","potentialAction":[{"@type":"CommentAction","name":"Comment","target":["https:\/\/natureduca.com\/culturblog\/grandes-disenadores-de-sellos-ivan-strnad\/#respond"]}]},{"@type":"WebPage","@id":"https:\/\/natureduca.com\/culturblog\/grandes-disenadores-de-sellos-ivan-strnad\/","url":"https:\/\/natureduca.com\/culturblog\/grandes-disenadores-de-sellos-ivan-strnad\/","name":"GRANDES DISE\u00d1ADORES DE SELLOS: IVAN STRNAD","isPartOf":{"@id":"https:\/\/natureduca.com\/culturblog\/#website"},"primaryImageOfPage":{"@id":"https:\/\/natureduca.com\/culturblog\/grandes-disenadores-de-sellos-ivan-strnad\/#primaryimage"},"image":{"@id":"https:\/\/natureduca.com\/culturblog\/grandes-disenadores-de-sellos-ivan-strnad\/#primaryimage"},"thumbnailUrl":"https:\/\/natureduca.com\/images_culturblog\/grandesdisenadores.jpg","datePublished":"2014-05-07T21:41:38+00:00","dateModified":"2018-12-22T09:08:10+00:00","description":"GRANDES DISE\u00d1ADORES DE SELLOS: IVAN STRNAD","breadcrumb":{"@id":"https:\/\/natureduca.com\/culturblog\/grandes-disenadores-de-sellos-ivan-strnad\/#breadcrumb"},"inLanguage":"es","potentialAction":[{"@type":"ReadAction","target":["https:\/\/natureduca.com\/culturblog\/grandes-disenadores-de-sellos-ivan-strnad\/"]}]},{"@type":"ImageObject","inLanguage":"es","@id":"https:\/\/natureduca.com\/culturblog\/grandes-disenadores-de-sellos-ivan-strnad\/#primaryimage","url":"https:\/\/natureduca.com\/images_culturblog\/grandesdisenadores.jpg","contentUrl":"https:\/\/natureduca.com\/images_culturblog\/grandesdisenadores.jpg"},{"@type":"BreadcrumbList","@id":"https:\/\/natureduca.com\/culturblog\/grandes-disenadores-de-sellos-ivan-strnad\/#breadcrumb","itemListElement":[{"@type":"ListItem","position":1,"name":"Portada","item":"https:\/\/natureduca.com\/culturblog\/"},{"@type":"ListItem","position":2,"name":"GRANDES DISE\u00d1ADORES DE SELLOS: IVAN STRNAD"}]},{"@type":"WebSite","@id":"https:\/\/natureduca.com\/culturblog\/#website","url":"https:\/\/natureduca.com\/culturblog\/","name":"Blog Cultureduca","description":"Blog educativo de las Letras y las Artes Pl\u00e1sticas y Est\u00e9ticas","publisher":{"@id":"https:\/\/natureduca.com\/culturblog\/#organization"},"alternateName":"Blog Cultura educativa","potentialAction":[{"@type":"SearchAction","target":{"@type":"EntryPoint","urlTemplate":"https:\/\/natureduca.com\/culturblog\/?s={search_term_string}"},"query-input":{"@type":"PropertyValueSpecification","valueRequired":true,"valueName":"search_term_string"}}],"inLanguage":"es"},{"@type":"Organization","@id":"https:\/\/natureduca.com\/culturblog\/#organization","name":"ASOCAE","alternateName":"Asociaci\u00f3n para la Cultura, el Arte y la Educaci\u00f3n","url":"https:\/\/natureduca.com\/culturblog\/","logo":{"@type":"ImageObject","inLanguage":"es","@id":"https:\/\/natureduca.com\/culturblog\/#\/schema\/logo\/image\/","url":"https:\/\/natureduca.com\/culturblog\/wp-content\/uploads\/cultureduca_ico_cab.png","contentUrl":"https:\/\/natureduca.com\/culturblog\/wp-content\/uploads\/cultureduca_ico_cab.png","width":22,"height":24,"caption":"ASOCAE"},"image":{"@id":"https:\/\/natureduca.com\/culturblog\/#\/schema\/logo\/image\/"},"sameAs":["https:\/\/www.facebook.com\/groups\/cultureduca\/","https:\/\/x.com\/Cultureduca"]},{"@type":"Person","@id":"https:\/\/natureduca.com\/culturblog\/#\/schema\/person\/f6dccdcd6c23ee151a1d5a173ca21baf","name":"Juan Franco Crespo","image":{"@type":"ImageObject","inLanguage":"es","@id":"https:\/\/secure.gravatar.com\/avatar\/0a938c68d1292af5b03d9c8f39678b30bdf6e89857a75a3aa18efa5e77e33f8a?s=96&d=monsterid&r=g","url":"https:\/\/secure.gravatar.com\/avatar\/0a938c68d1292af5b03d9c8f39678b30bdf6e89857a75a3aa18efa5e77e33f8a?s=96&d=monsterid&r=g","contentUrl":"https:\/\/secure.gravatar.com\/avatar\/0a938c68d1292af5b03d9c8f39678b30bdf6e89857a75a3aa18efa5e77e33f8a?s=96&d=monsterid&r=g","caption":"Juan Franco Crespo"},"url":"https:\/\/natureduca.com\/culturblog\/author\/juan\/"}]}},"featured_image_src":null,"featured_image_src_square":null,"author_info":{"display_name":"Juan Franco Crespo","author_link":"https:\/\/natureduca.com\/culturblog\/author\/juan\/"},"uagb_featured_image_src":{"full":false,"thumbnail":false,"medium":false,"medium_large":false,"large":false,"1536x1536":false,"2048x2048":false,"custom":false,"gb-block-post-grid-landscape":false,"gb-block-post-grid-square":false,"post-thumbnail":false,"header":false,"slider":false,"columns":false},"uagb_author_info":{"display_name":"Juan Franco Crespo","author_link":"https:\/\/natureduca.com\/culturblog\/author\/juan\/"},"uagb_comment_info":0,"uagb_excerpt":"Posiblemente pocos lo recuerden, aunque seguramente ser\u00e1 familiar para los oyentes de Radio Praga y su fabuloso \u201cNovedades Filat\u00e9licas\u201d que los domingos del \u00faltimo cuarto de siglo [XX] era una cita habitual para los filatelistas de medio mundo y, adem\u00e1s, hab\u00eda recompensa: la emisora te enviaba los preciosos sobres de\u2026 Seguir leyendo...","amp_enabled":true,"_links":{"self":[{"href":"https:\/\/natureduca.com\/culturblog\/wp-json\/wp\/v2\/posts\/3596","targetHints":{"allow":["GET"]}}],"collection":[{"href":"https:\/\/natureduca.com\/culturblog\/wp-json\/wp\/v2\/posts"}],"about":[{"href":"https:\/\/natureduca.com\/culturblog\/wp-json\/wp\/v2\/types\/post"}],"author":[{"embeddable":true,"href":"https:\/\/natureduca.com\/culturblog\/wp-json\/wp\/v2\/users\/8"}],"replies":[{"embeddable":true,"href":"https:\/\/natureduca.com\/culturblog\/wp-json\/wp\/v2\/comments?post=3596"}],"version-history":[{"count":0,"href":"https:\/\/natureduca.com\/culturblog\/wp-json\/wp\/v2\/posts\/3596\/revisions"}],"wp:featuredmedia":[{"embeddable":true,"href":"https:\/\/natureduca.com\/culturblog\/wp-json\/"}],"wp:attachment":[{"href":"https:\/\/natureduca.com\/culturblog\/wp-json\/wp\/v2\/media?parent=3596"}],"wp:term":[{"taxonomy":"category","embeddable":true,"href":"https:\/\/natureduca.com\/culturblog\/wp-json\/wp\/v2\/categories?post=3596"},{"taxonomy":"post_tag","embeddable":true,"href":"https:\/\/natureduca.com\/culturblog\/wp-json\/wp\/v2\/tags?post=3596"}],"curies":[{"name":"wp","href":"https:\/\/api.w.org\/{rel}","templated":true}]}}