{"id":2902,"date":"2012-03-31T21:25:26","date_gmt":"2012-03-31T19:25:26","guid":{"rendered":"http:\/\/www.cultureduca.com\/blog\/?p=2902"},"modified":"2020-02-24T19:14:26","modified_gmt":"2020-02-24T17:14:26","slug":"arquitectura-y-filatelia-palacio-de-verano","status":"publish","type":"post","link":"https:\/\/natureduca.com\/culturblog\/arquitectura-y-filatelia-palacio-de-verano\/","title":{"rendered":"ARQUITECTURA Y FILATELIA: VISITA AL PALACIO DE VERANO DE PEK\u00cdN"},"content":{"rendered":"<p>Viajar por China ha sido todo un descubrimiento. Conocer algunos de sus lugares patrimonio de la humanidad un verdadero placer que pocos mortales deber\u00edan perderse ya que, con toda la raz\u00f3n del mundo, merece la pena deleitarse [o extasiarse] ante tan majestuoso espect\u00e1culo creado por el hombre y uno se pregunta \u00bfqu\u00e9 legaremos nosotros a las futuras generaciones?<\/p>\n<p>Vayamos a uno de tantos lugares que aparecen en la lista mundial del patrimonio de la humanidad creada por la UNESCO. Si sus prebostes quieren trabajar en serio, en China tienen un fil\u00f3n, me atrever\u00eda a decir inabarcable, para varias generaciones de sesudos bur\u00f3cratas.<\/p>\n<p>El Palacio de Verano [Yihe Yuan o Palacio de la Armon\u00eda ], se localiza a una veintena de kil\u00f3metros de la c\u00e9lebre Ciudad Prohibida en Pek\u00edn, se extiende sobre 290 hect\u00e1reas y cuenta con 3.000 habitaciones. Fue la obra visionaria que un d\u00eda se dise\u00f1\u00f3 para huir del sofocante calor de la temporada estival en la corte imperial pequinesa [en estos momentos, a ese fen\u00f3meno meteorol\u00f3gico tendr\u00edamos que a\u00f1adir la contaminaci\u00f3n que, para mi experiencia personal, supera ya la del DF de M\u00e9xico o la Ciudad Condal en Espa\u00f1a, en fin un verdadero drama de la sociedad de nuestro tiempo] de la dinast\u00eda Qing para uso de la amplia clase imperial china. Qian Long dio su aspecto actual, su reinado dur\u00f3 del 1736 al 1795; el parque se construy\u00f3 en 1750 y se le conoc\u00eda como Parque Qingyi, lo construy\u00f3 en honor de su madre para celebrar su 60\u00ba aniversario y originalmente bautizado como Parque del Agua Ondulada y Transparente; se gast\u00f3 140 toneladas de plata y se trabaj\u00f3 durante quince ininterrumpidos a\u00f1os. Sin embargo es la emperatriz Cixi [que mand\u00f3 reconstruirlo en dos ocasiones, tras la destrucci\u00f3n galo-brit\u00e1nica en 1860, rehecho en 1886, dos a\u00f1os m\u00e1s tarde se le dio el nombre actual, la nueva destrucci\u00f3n fue con la rebeli\u00f3n de los b\u00f3xers en 1902] la que se lleva los honores de esta impresionante joya del ingenio humano. Entre sus caprichos est\u00e1 el famoso barco de m\u00e1rmol que serv\u00eda para fiestas de todo tipo [la parte superior de tan peculiar nav\u00edo es de madera e imita a tan dura e imperecedera roca que lo sujeta al lecho del lago creado de manera artificial]. El coste de aquella reconstrucci\u00f3n fue de 30 millones de onzas de plata y tras la ca\u00edda de Puyi, en 1914 queda abierto al p\u00fablico y est\u00e1 considerado el jard\u00edn imperial m\u00e1s grande de China.<\/p>\n<p><img loading=\"lazy\" decoding=\"async\" src=\"https:\/\/natureduca.com\/images_culturblog\/palacio_pekin1.jpg\" alt=\"\" width=\"700\" height=\"525\" \/><\/p>\n<p>El palacio de verano lleg\u00f3 en diferentes oportunidades a la filatelia china; en el 2008 fue motivo de una preciosa serie de seis sellos y una hojita centrada en el oto\u00f1o y su colina de la longevidad coronada por la Torre de la Fragancia de Buda que domina una grandiosa loma repleta de edificios religiosos; justo detr\u00e1s est\u00e1 el Templo del Mar de la Sabidur\u00eda. Pero , personalmente, no es lo que m\u00e1s me impresion\u00f3 de tan gigantesco recinto ajardinado. Lo que m\u00e1s me impact\u00f3, tras acceder al inmenso palacio, fue el fr\u00edo que nos obsequi\u00f3 el tiempo aquel 30 de diciembre de 2011. Tras penetrar por la Puerta del Este [Gong Dong Men] y quedar con la boca abierta [el fr\u00edo era terriblemente glaciar y unas semanas despu\u00e9s sorprendi\u00f3 a gran parte del territorio catal\u00e1n] me topaba con el inicio de la pasarela que utilizaban las m\u00e1s altas autoridades para disfrutar del espect\u00e1culo creado por la imaginaci\u00f3n de sus arquitectos varios siglos atr\u00e1s y la monta\u00f1a Wanshou (Diez Mil A\u00f1os) \u2013tambi\u00e9n artificial- creada con las tierras que fueron extray\u00e9ndose de lo que ser\u00eda el lago Kunning ideado para los ejercicios de la armada imperial.<\/p>\n<p>La pasarela de la Gran Galer\u00eda recorre m\u00e1s de 700 metros que arrancan poco despu\u00e9s de acceder por la puerta principal, nos deja frente al barco de m\u00e1rmol que queda reflejado en otro de los sellos. Encierra una pinacoteca de m\u00e1s de 14.000 cuadros que se conservan al aire libre y que son, pr\u00e1cticamente, toda una lecci\u00f3n de historia de la vida y costumbres del pueblo chino agrupados en lo que parece un conjunto sinf\u00edn de cuatro hileras [dos en el pasillo central y dos a ambos laterales, \u00e9stas visibles desde el exterior del pasillo que aquel d\u00eda estaba sometido a una constante limpieza para evitar las capas de hielo que, en alg\u00fan momento, llev\u00f3 al suelo a m\u00e1s de un visitante] que totalizan casi tres kil\u00f3metros de la peculiar pintura tradicional china.<\/p>\n<p>El parque es todo un hito universal en cuanto a su estilo arquitect\u00f3nico y el dise\u00f1o de su recinto ajardinado; hay que resaltar tambi\u00e9n el Pabell\u00f3n Baoyun (Nubes Preciosas, popularmente conocido como el Pabell\u00f3n de Cobre), el Puente de los 17 arcos, el Puente Bin Feng que recibe ese nombre de uno de los poemas m\u00e1s famosos del Libro de Cantos (Canto de Bin) o el Puente del Cintur\u00f3n de Jade. El recinto en su conjunto tiene forma de murci\u00e9lago (la monta\u00f1a) y el lago se asemeja al durazno, s\u00edmbolos de la felicidad y la longevidad en la cultura tradicional china.<\/p>\n<p>Cixi es un personaje de gran significado en la historia de China, decisivo su apoyo a los b\u00f3xers para derribar la \u00faltima dinast\u00eda del milenario reino chino. En 1911 la dinast\u00eda Qing cerraba una p\u00e1gina de la historia [vean El \u00faltimo emperador y disfr\u00fatenla, si pueden viajen luego a Pek\u00edn y, con toda seguridad, creer\u00e1n que est\u00e1n participando de aquellos hist\u00f3ricos hechos por la frialdad en que son tratados y el rigor hist\u00f3rico con el que se narran] en algunos de los lugares en que se escribieron las \u00faltimas p\u00e1ginas de la legendaria clase imperial china.<\/p>\n<p>La serie que comentamos consta de seis efectos que, seg\u00fan el servicio postal chino, van numerados sucesivamente y el coleccionista sabe en todo momento el facial que le falta. Todos ten\u00edan el mismo valor y nos recrean aspectos del gigantesco palacio imperial. Fueron puestos en circulaci\u00f3n el 10 de mayo de 2008, tama\u00f1o horizontal (50&#215;38 mm) y la hojita (120&#215;90 mm, la zona del sello que es vertical 50&#215;62 mm).<\/p>\n<table border=\"0\" cellspacing=\"0\" cellpadding=\"0\">\n<tbody>\n<tr>\n<td valign=\"top\" width=\"109\"><strong>N\u00daMERO<\/strong><\/td>\n<td valign=\"top\" width=\"100\"><strong>FACIAL<\/strong><\/td>\n<td valign=\"top\" width=\"509\"><strong>MOTIVO CENTRAL DEL SELLO<\/strong><\/td>\n<\/tr>\n<tr>\n<td valign=\"top\" width=\"109\">6-1<\/td>\n<td valign=\"top\" width=\"100\">120 fen<\/td>\n<td valign=\"top\" width=\"509\">Puente Shiqikong. Este facial tambi\u00e9n se emple\u00f3 para la Prueba de Imprenta de la Exposici\u00f3n Filat\u00e9lica de 2008, tr\u00edptico de 2&#215;130 fen y en el centro la prueba de color en negro sin valor facial.<\/td>\n<\/tr>\n<tr>\n<td valign=\"top\" width=\"109\">6-2<\/td>\n<td valign=\"top\" width=\"100\">120 fen<\/td>\n<td valign=\"top\" width=\"509\">La Gran Galer\u00eda o Pasillo central.<\/td>\n<\/tr>\n<tr>\n<td valign=\"top\" width=\"109\">6-3<\/td>\n<td valign=\"top\" width=\"100\">120 fen<\/td>\n<td valign=\"top\" width=\"509\">El barco de m\u00e1rmol<\/td>\n<\/tr>\n<tr>\n<td valign=\"top\" width=\"109\">6-4<\/td>\n<td valign=\"top\" width=\"100\">120 fen<\/td>\n<td valign=\"top\" width=\"509\">Los jardines de la armon\u00eda<\/td>\n<\/tr>\n<tr>\n<td valign=\"top\" width=\"109\">6-5<\/td>\n<td valign=\"top\" width=\"100\">120 fen<\/td>\n<td valign=\"top\" width=\"509\">Puente de Yudai<\/td>\n<\/tr>\n<tr>\n<td valign=\"top\" width=\"109\">6-6<\/td>\n<td valign=\"top\" width=\"100\">120 fen<\/td>\n<td valign=\"top\" width=\"509\">Lago Houhu<\/td>\n<\/tr>\n<tr>\n<td valign=\"top\" width=\"109\">Hojita<\/td>\n<td valign=\"top\" width=\"100\">600 fen<\/td>\n<td valign=\"top\" width=\"509\">La Torre de la Fragancia de Buda<\/td>\n<\/tr>\n<\/tbody>\n<\/table>\n<p>Si tiene tiempo -all\u00ed todo es a lo grande- puede disfrutar de largos paseos en barca o de interminables caminatas, todo depender\u00e1 de su fortaleza f\u00edsica, del tiempo que haga y de lo sorprendido que est\u00e9 ante tan impresionante palacio imperial. Algunas cosas le chocar\u00e1n, por ejemplo la antena de comunicaciones, pero eso es algo que ya es inevitable para los amantes de la telefon\u00eda m\u00f3vil; un suplicio para el viajero ya que hay gente que no s\u00f3lo no disfruta del viaje, sino que se pasa el d\u00eda relatando lo que ocurre en casa: vamos que a miles de kil\u00f3metros, en lugar de disfrutar de un irrepetible periplo, transportan, cual tortuga, su carga de amargura. \u00a1Qu\u00e9 pena y qu\u00e9 derroche!<\/p>\n<table border=\"0\" cellspacing=\"0\" cellpadding=\"0\">\n<tbody>\n<tr>\n<td valign=\"top\" width=\"177\">www.cpi.com.cn<br \/>\nwww.cri.cn<br \/>\nwww.xabusiness.cn<\/td>\n<td valign=\"top\" width=\"312\">CHINA NATIONAL PHILATELIC CORPORATION<br \/>\n2 EAST XUANWUMEN STREET<br \/>\nXUANWU DISTRICT<br \/>\n<strong>BEIJING 100051<br \/>\n<\/strong>REP\u00daBLICA. POPULAR CHINA<\/td>\n<td valign=\"top\" width=\"238\">\n<p align=\"center\">JUAN FRANCO CRESPO<br \/>\nlacandon999@yahoo.es<\/p>\n<\/td>\n<\/tr>\n<\/tbody>\n<\/table>\n<div align=\"center\">\n<hr align=\"center\" size=\"3\" width=\"100%\" \/>\n<\/div>\n","protected":false},"excerpt":{"rendered":"<p>Viajar por China ha sido todo un descubrimiento. Conocer algunos de sus lugares patrimonio de la humanidad un verdadero placer que pocos mortales deber\u00edan perderse ya que, con toda la raz\u00f3n del mundo, merece la pena deleitarse [o extasiarse] ante tan majestuoso espect\u00e1culo creado por el hombre y uno se\u2026<\/p>\n<p class=\"continue-reading-button\"> <a class=\"continue-reading-link\" href=\"https:\/\/natureduca.com\/culturblog\/arquitectura-y-filatelia-palacio-de-verano\/\">Seguir leyendo&#8230;<i class=\"crycon-right-dir\"><\/i><\/a><\/p>\n","protected":false},"author":8,"featured_media":-1,"comment_status":"open","ping_status":"open","sticky":false,"template":"","format":"standard","meta":{"rop_custom_images_group":[],"rop_custom_messages_group":[],"rop_publish_now":"initial","rop_publish_now_accounts":{"twitter_226634691_226634691":""},"rop_publish_now_history":[],"rop_publish_now_status":"pending","_uag_custom_page_level_css":"","footnotes":""},"categories":[14,17,28],"tags":[2606,1383,1009,1042,1017,2607,1382,1021],"class_list":["post-2902","post","type-post","status-publish","format-standard","has-post-thumbnail","hentry","category-filatelia","category-patrimonio","category-viajes","tag-arquitectura","tag-china","tag-cultura","tag-filatelia-2","tag-historia","tag-palacio","tag-pekin","tag-sociedad"],"yoast_head":"<!-- This site is optimized with the Yoast SEO plugin v27.5 - https:\/\/yoast.com\/product\/yoast-seo-wordpress\/ -->\n<title>ARQUITECTURA Y FILATELIA: VISITA AL PALACIO DE VERANO DE PEK\u00cdN<\/title>\n<meta name=\"description\" content=\"ARQUITECTURA Y FILATELIA: VISITA AL PALACIO DE VERANO DE PEK\u00cdN\" \/>\n<meta name=\"robots\" content=\"index, follow, max-snippet:-1, max-image-preview:large, max-video-preview:-1\" \/>\n<link rel=\"canonical\" href=\"https:\/\/natureduca.com\/culturblog\/arquitectura-y-filatelia-palacio-de-verano\/\" \/>\n<meta property=\"og:locale\" content=\"es_ES\" \/>\n<meta property=\"og:type\" content=\"article\" \/>\n<meta property=\"og:title\" content=\"ARQUITECTURA Y FILATELIA: VISITA AL PALACIO DE VERANO DE PEK\u00cdN\" \/>\n<meta property=\"og:description\" content=\"ARQUITECTURA Y FILATELIA: VISITA AL PALACIO DE VERANO DE PEK\u00cdN\" \/>\n<meta property=\"og:url\" content=\"https:\/\/natureduca.com\/culturblog\/arquitectura-y-filatelia-palacio-de-verano\/\" \/>\n<meta property=\"og:site_name\" content=\"Blog Cultureduca educativa\" \/>\n<meta property=\"article:publisher\" content=\"https:\/\/www.facebook.com\/groups\/cultureduca\/\" \/>\n<meta property=\"article:published_time\" content=\"2012-03-31T19:25:26+00:00\" \/>\n<meta property=\"article:modified_time\" content=\"2020-02-24T17:14:26+00:00\" \/>\n<meta property=\"og:image\" content=\"https:\/\/natureduca.com\/culturblog\/wp-content\/uploads\/cropped-cabecera-culturblog.jpg\" \/>\n\t<meta property=\"og:image:width\" content=\"1200\" \/>\n\t<meta property=\"og:image:height\" content=\"120\" \/>\n\t<meta property=\"og:image:type\" content=\"image\/jpeg\" \/>\n<meta name=\"author\" content=\"Juan Franco Crespo\" \/>\n<meta name=\"twitter:label1\" content=\"Escrito por\" \/>\n\t<meta name=\"twitter:data1\" content=\"Juan Franco Crespo\" \/>\n\t<meta name=\"twitter:label2\" content=\"Tiempo de lectura\" \/>\n\t<meta name=\"twitter:data2\" content=\"7 minutos\" \/>\n<script type=\"application\/ld+json\" class=\"yoast-schema-graph\">{\"@context\":\"https:\\\/\\\/schema.org\",\"@graph\":[{\"@type\":\"Article\",\"@id\":\"https:\\\/\\\/natureduca.com\\\/culturblog\\\/arquitectura-y-filatelia-palacio-de-verano\\\/#article\",\"isPartOf\":{\"@id\":\"https:\\\/\\\/natureduca.com\\\/culturblog\\\/arquitectura-y-filatelia-palacio-de-verano\\\/\"},\"author\":{\"name\":\"Juan Franco Crespo\",\"@id\":\"https:\\\/\\\/natureduca.com\\\/culturblog\\\/#\\\/schema\\\/person\\\/f6dccdcd6c23ee151a1d5a173ca21baf\"},\"headline\":\"ARQUITECTURA Y FILATELIA: VISITA AL PALACIO DE VERANO DE PEK\u00cdN\",\"datePublished\":\"2012-03-31T19:25:26+00:00\",\"dateModified\":\"2020-02-24T17:14:26+00:00\",\"mainEntityOfPage\":{\"@id\":\"https:\\\/\\\/natureduca.com\\\/culturblog\\\/arquitectura-y-filatelia-palacio-de-verano\\\/\"},\"wordCount\":1332,\"commentCount\":0,\"publisher\":{\"@id\":\"https:\\\/\\\/natureduca.com\\\/culturblog\\\/#organization\"},\"image\":{\"@id\":\"https:\\\/\\\/natureduca.com\\\/culturblog\\\/arquitectura-y-filatelia-palacio-de-verano\\\/#primaryimage\"},\"thumbnailUrl\":\"https:\\\/\\\/natureduca.com\\\/images_culturblog\\\/palacio_pekin1.jpg\",\"keywords\":[\"arquitectura\",\"china\",\"cultura\",\"filatelia\",\"historia\",\"palacio\",\"pek\u00edn\",\"sociedad\"],\"articleSection\":[\"Filatelia\",\"Patrimonio\",\"Viajes\"],\"inLanguage\":\"es\",\"potentialAction\":[{\"@type\":\"CommentAction\",\"name\":\"Comment\",\"target\":[\"https:\\\/\\\/natureduca.com\\\/culturblog\\\/arquitectura-y-filatelia-palacio-de-verano\\\/#respond\"]}]},{\"@type\":\"WebPage\",\"@id\":\"https:\\\/\\\/natureduca.com\\\/culturblog\\\/arquitectura-y-filatelia-palacio-de-verano\\\/\",\"url\":\"https:\\\/\\\/natureduca.com\\\/culturblog\\\/arquitectura-y-filatelia-palacio-de-verano\\\/\",\"name\":\"ARQUITECTURA Y FILATELIA: VISITA AL PALACIO DE VERANO DE PEK\u00cdN\",\"isPartOf\":{\"@id\":\"https:\\\/\\\/natureduca.com\\\/culturblog\\\/#website\"},\"primaryImageOfPage\":{\"@id\":\"https:\\\/\\\/natureduca.com\\\/culturblog\\\/arquitectura-y-filatelia-palacio-de-verano\\\/#primaryimage\"},\"image\":{\"@id\":\"https:\\\/\\\/natureduca.com\\\/culturblog\\\/arquitectura-y-filatelia-palacio-de-verano\\\/#primaryimage\"},\"thumbnailUrl\":\"https:\\\/\\\/natureduca.com\\\/images_culturblog\\\/palacio_pekin1.jpg\",\"datePublished\":\"2012-03-31T19:25:26+00:00\",\"dateModified\":\"2020-02-24T17:14:26+00:00\",\"description\":\"ARQUITECTURA Y FILATELIA: VISITA AL PALACIO DE VERANO DE PEK\u00cdN\",\"breadcrumb\":{\"@id\":\"https:\\\/\\\/natureduca.com\\\/culturblog\\\/arquitectura-y-filatelia-palacio-de-verano\\\/#breadcrumb\"},\"inLanguage\":\"es\",\"potentialAction\":[{\"@type\":\"ReadAction\",\"target\":[\"https:\\\/\\\/natureduca.com\\\/culturblog\\\/arquitectura-y-filatelia-palacio-de-verano\\\/\"]}]},{\"@type\":\"ImageObject\",\"inLanguage\":\"es\",\"@id\":\"https:\\\/\\\/natureduca.com\\\/culturblog\\\/arquitectura-y-filatelia-palacio-de-verano\\\/#primaryimage\",\"url\":\"https:\\\/\\\/natureduca.com\\\/images_culturblog\\\/palacio_pekin1.jpg\",\"contentUrl\":\"https:\\\/\\\/natureduca.com\\\/images_culturblog\\\/palacio_pekin1.jpg\"},{\"@type\":\"BreadcrumbList\",\"@id\":\"https:\\\/\\\/natureduca.com\\\/culturblog\\\/arquitectura-y-filatelia-palacio-de-verano\\\/#breadcrumb\",\"itemListElement\":[{\"@type\":\"ListItem\",\"position\":1,\"name\":\"Portada\",\"item\":\"https:\\\/\\\/natureduca.com\\\/culturblog\\\/\"},{\"@type\":\"ListItem\",\"position\":2,\"name\":\"ARQUITECTURA Y FILATELIA: VISITA AL PALACIO DE VERANO DE PEK\u00cdN\"}]},{\"@type\":\"WebSite\",\"@id\":\"https:\\\/\\\/natureduca.com\\\/culturblog\\\/#website\",\"url\":\"https:\\\/\\\/natureduca.com\\\/culturblog\\\/\",\"name\":\"Blog Cultureduca\",\"description\":\"Blog educativo de las Letras y las Artes Pl\u00e1sticas y Est\u00e9ticas\",\"publisher\":{\"@id\":\"https:\\\/\\\/natureduca.com\\\/culturblog\\\/#organization\"},\"alternateName\":\"Blog Cultura educativa\",\"potentialAction\":[{\"@type\":\"SearchAction\",\"target\":{\"@type\":\"EntryPoint\",\"urlTemplate\":\"https:\\\/\\\/natureduca.com\\\/culturblog\\\/?s={search_term_string}\"},\"query-input\":{\"@type\":\"PropertyValueSpecification\",\"valueRequired\":true,\"valueName\":\"search_term_string\"}}],\"inLanguage\":\"es\"},{\"@type\":\"Organization\",\"@id\":\"https:\\\/\\\/natureduca.com\\\/culturblog\\\/#organization\",\"name\":\"ASOCAE\",\"alternateName\":\"Asociaci\u00f3n para la Cultura, el Arte y la Educaci\u00f3n\",\"url\":\"https:\\\/\\\/natureduca.com\\\/culturblog\\\/\",\"logo\":{\"@type\":\"ImageObject\",\"inLanguage\":\"es\",\"@id\":\"https:\\\/\\\/natureduca.com\\\/culturblog\\\/#\\\/schema\\\/logo\\\/image\\\/\",\"url\":\"https:\\\/\\\/natureduca.com\\\/culturblog\\\/wp-content\\\/uploads\\\/cultureduca_ico_cab.png\",\"contentUrl\":\"https:\\\/\\\/natureduca.com\\\/culturblog\\\/wp-content\\\/uploads\\\/cultureduca_ico_cab.png\",\"width\":22,\"height\":24,\"caption\":\"ASOCAE\"},\"image\":{\"@id\":\"https:\\\/\\\/natureduca.com\\\/culturblog\\\/#\\\/schema\\\/logo\\\/image\\\/\"},\"sameAs\":[\"https:\\\/\\\/www.facebook.com\\\/groups\\\/cultureduca\\\/\",\"https:\\\/\\\/x.com\\\/Cultureduca\"]},{\"@type\":\"Person\",\"@id\":\"https:\\\/\\\/natureduca.com\\\/culturblog\\\/#\\\/schema\\\/person\\\/f6dccdcd6c23ee151a1d5a173ca21baf\",\"name\":\"Juan Franco Crespo\",\"image\":{\"@type\":\"ImageObject\",\"inLanguage\":\"es\",\"@id\":\"https:\\\/\\\/secure.gravatar.com\\\/avatar\\\/0a938c68d1292af5b03d9c8f39678b30bdf6e89857a75a3aa18efa5e77e33f8a?s=96&d=monsterid&r=g\",\"url\":\"https:\\\/\\\/secure.gravatar.com\\\/avatar\\\/0a938c68d1292af5b03d9c8f39678b30bdf6e89857a75a3aa18efa5e77e33f8a?s=96&d=monsterid&r=g\",\"contentUrl\":\"https:\\\/\\\/secure.gravatar.com\\\/avatar\\\/0a938c68d1292af5b03d9c8f39678b30bdf6e89857a75a3aa18efa5e77e33f8a?s=96&d=monsterid&r=g\",\"caption\":\"Juan Franco Crespo\"},\"url\":\"https:\\\/\\\/natureduca.com\\\/culturblog\\\/author\\\/juan\\\/\"}]}<\/script>\n<!-- \/ Yoast SEO plugin. -->","yoast_head_json":{"title":"ARQUITECTURA Y FILATELIA: VISITA AL PALACIO DE VERANO DE PEK\u00cdN","description":"ARQUITECTURA Y FILATELIA: VISITA AL PALACIO DE VERANO DE PEK\u00cdN","robots":{"index":"index","follow":"follow","max-snippet":"max-snippet:-1","max-image-preview":"max-image-preview:large","max-video-preview":"max-video-preview:-1"},"canonical":"https:\/\/natureduca.com\/culturblog\/arquitectura-y-filatelia-palacio-de-verano\/","og_locale":"es_ES","og_type":"article","og_title":"ARQUITECTURA Y FILATELIA: VISITA AL PALACIO DE VERANO DE PEK\u00cdN","og_description":"ARQUITECTURA Y FILATELIA: VISITA AL PALACIO DE VERANO DE PEK\u00cdN","og_url":"https:\/\/natureduca.com\/culturblog\/arquitectura-y-filatelia-palacio-de-verano\/","og_site_name":"Blog Cultureduca educativa","article_publisher":"https:\/\/www.facebook.com\/groups\/cultureduca\/","article_published_time":"2012-03-31T19:25:26+00:00","article_modified_time":"2020-02-24T17:14:26+00:00","og_image":[{"width":1200,"height":120,"url":"https:\/\/natureduca.com\/culturblog\/wp-content\/uploads\/cropped-cabecera-culturblog.jpg","type":"image\/jpeg"}],"author":"Juan Franco Crespo","twitter_misc":{"Escrito por":"Juan Franco Crespo","Tiempo de lectura":"7 minutos"},"schema":{"@context":"https:\/\/schema.org","@graph":[{"@type":"Article","@id":"https:\/\/natureduca.com\/culturblog\/arquitectura-y-filatelia-palacio-de-verano\/#article","isPartOf":{"@id":"https:\/\/natureduca.com\/culturblog\/arquitectura-y-filatelia-palacio-de-verano\/"},"author":{"name":"Juan Franco Crespo","@id":"https:\/\/natureduca.com\/culturblog\/#\/schema\/person\/f6dccdcd6c23ee151a1d5a173ca21baf"},"headline":"ARQUITECTURA Y FILATELIA: VISITA AL PALACIO DE VERANO DE PEK\u00cdN","datePublished":"2012-03-31T19:25:26+00:00","dateModified":"2020-02-24T17:14:26+00:00","mainEntityOfPage":{"@id":"https:\/\/natureduca.com\/culturblog\/arquitectura-y-filatelia-palacio-de-verano\/"},"wordCount":1332,"commentCount":0,"publisher":{"@id":"https:\/\/natureduca.com\/culturblog\/#organization"},"image":{"@id":"https:\/\/natureduca.com\/culturblog\/arquitectura-y-filatelia-palacio-de-verano\/#primaryimage"},"thumbnailUrl":"https:\/\/natureduca.com\/images_culturblog\/palacio_pekin1.jpg","keywords":["arquitectura","china","cultura","filatelia","historia","palacio","pek\u00edn","sociedad"],"articleSection":["Filatelia","Patrimonio","Viajes"],"inLanguage":"es","potentialAction":[{"@type":"CommentAction","name":"Comment","target":["https:\/\/natureduca.com\/culturblog\/arquitectura-y-filatelia-palacio-de-verano\/#respond"]}]},{"@type":"WebPage","@id":"https:\/\/natureduca.com\/culturblog\/arquitectura-y-filatelia-palacio-de-verano\/","url":"https:\/\/natureduca.com\/culturblog\/arquitectura-y-filatelia-palacio-de-verano\/","name":"ARQUITECTURA Y FILATELIA: VISITA AL PALACIO DE VERANO DE PEK\u00cdN","isPartOf":{"@id":"https:\/\/natureduca.com\/culturblog\/#website"},"primaryImageOfPage":{"@id":"https:\/\/natureduca.com\/culturblog\/arquitectura-y-filatelia-palacio-de-verano\/#primaryimage"},"image":{"@id":"https:\/\/natureduca.com\/culturblog\/arquitectura-y-filatelia-palacio-de-verano\/#primaryimage"},"thumbnailUrl":"https:\/\/natureduca.com\/images_culturblog\/palacio_pekin1.jpg","datePublished":"2012-03-31T19:25:26+00:00","dateModified":"2020-02-24T17:14:26+00:00","description":"ARQUITECTURA Y FILATELIA: VISITA AL PALACIO DE VERANO DE PEK\u00cdN","breadcrumb":{"@id":"https:\/\/natureduca.com\/culturblog\/arquitectura-y-filatelia-palacio-de-verano\/#breadcrumb"},"inLanguage":"es","potentialAction":[{"@type":"ReadAction","target":["https:\/\/natureduca.com\/culturblog\/arquitectura-y-filatelia-palacio-de-verano\/"]}]},{"@type":"ImageObject","inLanguage":"es","@id":"https:\/\/natureduca.com\/culturblog\/arquitectura-y-filatelia-palacio-de-verano\/#primaryimage","url":"https:\/\/natureduca.com\/images_culturblog\/palacio_pekin1.jpg","contentUrl":"https:\/\/natureduca.com\/images_culturblog\/palacio_pekin1.jpg"},{"@type":"BreadcrumbList","@id":"https:\/\/natureduca.com\/culturblog\/arquitectura-y-filatelia-palacio-de-verano\/#breadcrumb","itemListElement":[{"@type":"ListItem","position":1,"name":"Portada","item":"https:\/\/natureduca.com\/culturblog\/"},{"@type":"ListItem","position":2,"name":"ARQUITECTURA Y FILATELIA: VISITA AL PALACIO DE VERANO DE PEK\u00cdN"}]},{"@type":"WebSite","@id":"https:\/\/natureduca.com\/culturblog\/#website","url":"https:\/\/natureduca.com\/culturblog\/","name":"Blog Cultureduca","description":"Blog educativo de las Letras y las Artes Pl\u00e1sticas y Est\u00e9ticas","publisher":{"@id":"https:\/\/natureduca.com\/culturblog\/#organization"},"alternateName":"Blog Cultura educativa","potentialAction":[{"@type":"SearchAction","target":{"@type":"EntryPoint","urlTemplate":"https:\/\/natureduca.com\/culturblog\/?s={search_term_string}"},"query-input":{"@type":"PropertyValueSpecification","valueRequired":true,"valueName":"search_term_string"}}],"inLanguage":"es"},{"@type":"Organization","@id":"https:\/\/natureduca.com\/culturblog\/#organization","name":"ASOCAE","alternateName":"Asociaci\u00f3n para la Cultura, el Arte y la Educaci\u00f3n","url":"https:\/\/natureduca.com\/culturblog\/","logo":{"@type":"ImageObject","inLanguage":"es","@id":"https:\/\/natureduca.com\/culturblog\/#\/schema\/logo\/image\/","url":"https:\/\/natureduca.com\/culturblog\/wp-content\/uploads\/cultureduca_ico_cab.png","contentUrl":"https:\/\/natureduca.com\/culturblog\/wp-content\/uploads\/cultureduca_ico_cab.png","width":22,"height":24,"caption":"ASOCAE"},"image":{"@id":"https:\/\/natureduca.com\/culturblog\/#\/schema\/logo\/image\/"},"sameAs":["https:\/\/www.facebook.com\/groups\/cultureduca\/","https:\/\/x.com\/Cultureduca"]},{"@type":"Person","@id":"https:\/\/natureduca.com\/culturblog\/#\/schema\/person\/f6dccdcd6c23ee151a1d5a173ca21baf","name":"Juan Franco Crespo","image":{"@type":"ImageObject","inLanguage":"es","@id":"https:\/\/secure.gravatar.com\/avatar\/0a938c68d1292af5b03d9c8f39678b30bdf6e89857a75a3aa18efa5e77e33f8a?s=96&d=monsterid&r=g","url":"https:\/\/secure.gravatar.com\/avatar\/0a938c68d1292af5b03d9c8f39678b30bdf6e89857a75a3aa18efa5e77e33f8a?s=96&d=monsterid&r=g","contentUrl":"https:\/\/secure.gravatar.com\/avatar\/0a938c68d1292af5b03d9c8f39678b30bdf6e89857a75a3aa18efa5e77e33f8a?s=96&d=monsterid&r=g","caption":"Juan Franco Crespo"},"url":"https:\/\/natureduca.com\/culturblog\/author\/juan\/"}]}},"featured_image_src":null,"featured_image_src_square":null,"author_info":{"display_name":"Juan Franco Crespo","author_link":"https:\/\/natureduca.com\/culturblog\/author\/juan\/"},"uagb_featured_image_src":{"full":false,"thumbnail":false,"medium":false,"medium_large":false,"large":false,"1536x1536":false,"2048x2048":false,"custom":false,"gb-block-post-grid-landscape":false,"gb-block-post-grid-square":false,"post-thumbnail":false,"header":false,"slider":false,"columns":false},"uagb_author_info":{"display_name":"Juan Franco Crespo","author_link":"https:\/\/natureduca.com\/culturblog\/author\/juan\/"},"uagb_comment_info":0,"uagb_excerpt":"Viajar por China ha sido todo un descubrimiento. Conocer algunos de sus lugares patrimonio de la humanidad un verdadero placer que pocos mortales deber\u00edan perderse ya que, con toda la raz\u00f3n del mundo, merece la pena deleitarse [o extasiarse] ante tan majestuoso espect\u00e1culo creado por el hombre y uno se\u2026 Seguir leyendo...","amp_enabled":true,"_links":{"self":[{"href":"https:\/\/natureduca.com\/culturblog\/wp-json\/wp\/v2\/posts\/2902","targetHints":{"allow":["GET"]}}],"collection":[{"href":"https:\/\/natureduca.com\/culturblog\/wp-json\/wp\/v2\/posts"}],"about":[{"href":"https:\/\/natureduca.com\/culturblog\/wp-json\/wp\/v2\/types\/post"}],"author":[{"embeddable":true,"href":"https:\/\/natureduca.com\/culturblog\/wp-json\/wp\/v2\/users\/8"}],"replies":[{"embeddable":true,"href":"https:\/\/natureduca.com\/culturblog\/wp-json\/wp\/v2\/comments?post=2902"}],"version-history":[{"count":0,"href":"https:\/\/natureduca.com\/culturblog\/wp-json\/wp\/v2\/posts\/2902\/revisions"}],"wp:featuredmedia":[{"embeddable":true,"href":"https:\/\/natureduca.com\/culturblog\/wp-json\/"}],"wp:attachment":[{"href":"https:\/\/natureduca.com\/culturblog\/wp-json\/wp\/v2\/media?parent=2902"}],"wp:term":[{"taxonomy":"category","embeddable":true,"href":"https:\/\/natureduca.com\/culturblog\/wp-json\/wp\/v2\/categories?post=2902"},{"taxonomy":"post_tag","embeddable":true,"href":"https:\/\/natureduca.com\/culturblog\/wp-json\/wp\/v2\/tags?post=2902"}],"curies":[{"name":"wp","href":"https:\/\/api.w.org\/{rel}","templated":true}]}}