{"id":139,"date":"2023-07-07T14:59:58","date_gmt":"2023-07-07T12:59:58","guid":{"rendered":"http:\/\/www.cultureduca.com\/blog\/?p=139"},"modified":"2023-07-07T14:59:58","modified_gmt":"2023-07-07T12:59:58","slug":"la-banda-de-musica-de-alba-de-tormes-espana","status":"publish","type":"post","link":"https:\/\/natureduca.com\/culturblog\/la-banda-de-musica-de-alba-de-tormes-espana\/","title":{"rendered":"La Banda de M\u00fasica de Alba de Tormes (Salamanca)"},"content":{"rendered":"<p align=\"justify\"><span class=\"body\">Con or\u00edgenes en el siglo XIX, y tras un lapsus de 25 a\u00f1os, la actual Banda de Alba de Tormes (Salamanca) fue fundada en enero de 1992 con j\u00f3venes alumnos de la reci\u00e9n creada Escuela Municipal de M\u00fasica dirigida por Mario Vercher Grau. Desde entonces la Banda de Alba de Tormes ha actuado en m\u00e1s de dos centenares de ocasiones en diversos lugares de la geograf\u00eda nacional (todas las provincias de Castilla y Le\u00f3n, as\u00ed como Pontevedra, Zaragoza, C\u00e1ceres, Badajoz, Madrid, Guadalajara, Almer\u00eda, Valencia y Alicante). Asimismo ha participado en festivales y conciertos en Portugal.<\/span><\/p>\n<p align=\"center\"><span class=\"body\"><\/span><\/p>\n<p align=\"justify\"><span class=\"body\">Entre sus actuaciones destacan el concierto monogr\u00e1fico dedicado al compositor valenciano Joaqu\u00edn Geric\u00f3 en 2002 y la participaci\u00f3n en el V Ciclo de RNE en 2004, ambos en el Palau de la M\u00fasica de Valencia. La versatilidad de la Banda de Alba de Tormes hace que sea requerida para gran variedad de actos: Semana Santa de Salamanca y Zamora, Feria taurina de Salamanca, Corrida de la Beneficencia en la Plaza de las Ventas de Madrid (1993) as\u00ed como otros espect\u00e1culos. Ha realizado diversos estrenos absolutos de autores como Joaqu\u00edn Geric\u00f3 y Abel Moreno. Solistas como Xavier Richart y Alejandro Blay (dol\u00e7aina), Pilar Grande (casta\u00f1uelas) y Paz Carrasco (soprano) han colaborado con la Banda de Alba de Tormes en estrenos y grabaciones.<\/span><\/p>\n<p align=\"justify\"><span class=\"body\">Es la primera Banda de Castilla y Le\u00f3n que ha participado en el Certamen Internacional de Bandas de M\u00fasica Ciudad de Valencia, habi\u00e9ndolo hecho en 1994 y 1995 (tercera secci\u00f3n), en el Certamen Nacional de Bandas de Legan\u00e9s (1995, 1999 y 2001) y en el Certamen Internacional de Aranda de Duero (2005), obteniendo premio en todos ellos. En 2002 es galardonada con el V Premio ASCUA a la Defensa del Patrimonio y la Cultura. En 2006 ha logrado el primer premio en el III Certamen Nacional de Villa de Alginet (Valencia) y el segundo premio en el I Certamen Nacional de Magall\u00f3n (Zaragoza). En 2007 el tercer premio en el Certamen Nacional de Campo de Criptana. El 6 de julio de 2007 ha participado por primera vez en la Primera Seccci\u00f3n del Certamen Internacional de Bandas de M\u00fasica Ciudad de Valencia, consiguiendo el tercer premio. <\/span><\/p>\n<p align=\"justify\"><span class=\"body\">De entre los siete trabajos discogr\u00e1ficos de la Banda de Alba de Tormes destacan \u00abSalamanca Taurina. Pasodobles a los toreros de Salamanca\u00bb (1998), \u00abAlba en Concierto\u00bb (1999) y un doble CD grabado en directo en el Palau de la M\u00fasica de Valencia (en preparaci\u00f3n). En varias ocasiones se han emitido sus actuaciones en el programa \u00abPlaza Mayor\u00bb de Radio Cl\u00e1sica. El 27 de junio de 2004 actu\u00f3 de nuevo en el Palau de Valencia dentro del V Ciclo de Bandas de Radio Nacional de Espa\u00f1a (RNE), que inclu\u00eda por primera vez bandas no valencianas. Una selecci\u00f3n del concierto forma parte del doble CD \u00abPlaza Mayor. Bandas de Espa\u00f1a\u00bb editado por el sello RTVE M\u00fasica en 2005 y con difusi\u00f3n internacional.<\/span><\/p>\n<p align=\"justify\"><span class=\"body\">La Banda de M\u00fasica de Alba de Tormes tiene como director titular desde su fundaci\u00f3n al m\u00fasico valenciano Mario Vercher Grau.<\/span><\/p>\n<p><strong><span class=\"Estilo39\"><font color=\"#993300\">Una Banda m\u00e1s que centenaria: del Maestro Santaf\u00e9 a D. Juli\u00e1n Rodr\u00edguez<\/font><\/span><\/strong><\/p>\n<p><strong><span class=\"Estilo39\"><\/span><\/strong>Cuando Fernando Ara\u00fajo publica en 1882 su \u201cGu\u00eda hist\u00f3rico-descriptiva de Alba de Tormes\u201d, no menciona en el cap\u00edtulo XVII, dedicado a \u201cBeneficencia, instrucci\u00f3n y recreo\u201d, la existencia de una Banda de M\u00fasica entre las instituciones culturales de la villa, que por aquel entonces se limitaban a las funciones del Teatro del Hospital y la organizaci\u00f3n de festejos taurinos. Es posible, sin embargo, que ya ese a\u00f1o existiese una agrupaci\u00f3n musical, e incluso que fuera creada con motivo de los festejos religiosos y civiles del III Centenario de la Muerte de Santa Teresa. Cabe pensar en la creaci\u00f3n de una banda que acompa\u00f1ase las solemnes procesiones y amenizase con diversos conciertos el ambiente festivo de aquellos d\u00edas en que las calles de Alba eran un hervidero de peregrinos. La ocasi\u00f3n bien lo merec\u00eda.<\/p>\n<p>\u00a0Lo cierto es que en el peri\u00f3dico local \u201cEl TERESIANO\u201d, fundado en 1887, aparece citado entre sus colaboradores y promotores un tal <strong>Santaf\u00e9<\/strong>, profesor de m\u00fasica y \u201cdirector de la banda municipal\u201d, con lo cual, en todo caso, se demuestra su origen m\u00e1s que centenario. El maestro Santaf\u00e9 debi\u00f3 de ser una personalidad cultural de la villa que, adem\u00e1s de tomar la batuta y colaborar con \u201cEL TERESIANO\u201d, organizaba veladas y bailes en el Teatro y dirig\u00eda un coro de j\u00f3venes y una rondalla.<\/p>\n<p>En otra de las publicaciones albenses de fin de siglo podemos leer:<\/p>\n<blockquote><p><span class=\"Estilo17\">\u201cDesde el pr\u00f3ximo domingo amenizar\u00e1 el paseo por la Plaza Mayor de 9 a 11 de la noche la Banda de M\u00fasica que dirige el Se\u00f1or Santaf\u00e9\u201d<\/span><br \/>\n(\u201cLA C\u00c1MARA AGR\u00cdCOLA\u201d, N\u00ba 35, 2 de julio de 1891)<\/p><\/blockquote>\n<p>\u00a0El programa que se interpretaba era variado, y as\u00ed nos encontramos con que el 9 de agosto de ese mismo a\u00f1o el p\u00fablico pudo escuchar desde arias de Verdi a una jota de C\u00e1diz, una Polka o un pasacalles. En el centro de la Plaza se colocaba un templete de madera a tal efecto, que en presupuesto de las fiestas patronales de 1891 contaba con una partida de 75 pesetas. La fachada del Ayuntamiento se adornaba con \u201cvistosa y elegante iluminaci\u00f3n\u201d y, asimismo, el quiosco de m\u00fasica ostentaba otra \u201cno menos profusa, a la veneciana\u201d. Hace exactamente un siglo desde la fundaci\u00f3n de la actual banda, en las fiestas de octubre de 1892, figuraba en el programa:<\/p>\n<blockquote><p><span class=\"Estilo17\">\u201cDianas por la Banda Municipal y concierto por la ma\u00f1ana de 12 a 2\u201d<\/span><\/p><\/blockquote>\n<p>Pero no todo eran festejos ni acontecimientos alegres: pocos d\u00edas despu\u00e9s de la Octava de Santa Teresa del a\u00f1o 91, la Banda desfilaba una vez m\u00e1s por las calles de la villa. Esta vez no se acompa\u00f1aba la imagen de la Santa, sino el f\u00e9retro de D. Vicente Manterola, muerto en el convento de los Padres Carmelitas despu\u00e9s de caer enfermo mientras predicaba desde el p\u00falpito. En el entierro se interpret\u00f3 una marcha f\u00fanebre compuesta, al parecer, por el Sr. Santaf\u00e9. El sucesor de este maestro fue <strong>D. Juli\u00e1n Rodr\u00edguez<\/strong>, del que se sabe poco m\u00e1s que compuso una \u201cPlegaria a la Virgen\u201d. \u00a0<\/p>\n<p><strong><span class=\"Estilo39\"><font color=\"#993300\">Cuando las palmeras no daban sombra: el Sr. Isidro y el piano-manubrio<\/font><\/span><\/strong><\/p>\n<p>A D. Juli\u00e1n sigui\u00f3<strong> D. Isidro P\u00e9rez<\/strong>, \u201cel Se\u00f1or Isidro\u201d, que aparte de m\u00fasico fue sacrist\u00e1n y autor de una pieza titulada \u201cGalloferos y Hampones\u201d. Florentino Guti\u00e9rrez, en su art\u00edculo \u201cRecuerdos de ni\u00f1o y otras cosas\u201d, publicado en el anuario de la Escuela y Banda Municipal de Alba de Tormes (1992), al repasar los estatutos y contratos de las antiguas bandas afirma:<\/p>\n<blockquote><p><span class=\"Estilo17\">\u00abEl contrato m\u00e1s antiguo que conozco est\u00e1 firmado por Tom\u00e1s Hern\u00e1ndez Garc\u00eda, alcalde, y Juan Almaraz S\u00e1nchez, Teodoro Ballesteros Llorente, Pedro S\u00e1nchez Fuentes, Isidro P\u00e9rez Dom\u00ednguez y Antonio Bl\u00e1zquez Mu\u00f1oz. Se firm\u00f3 en 1907.\u201d<\/span><\/p><\/blockquote>\n<p align=\"center\">\n<p align=\"left\">En otro lugar consta que en 1925 se funda la Academia de M\u00fasica, siendo alcalde D. Jes\u00fas Andr\u00e9s Sinobas, maestro de Alba, que entre otras cosas hizo plantar las caracter\u00edsticas palmeras de la Plaza Mayor. F. Guti\u00e9rrez cita tambi\u00e9n unos estatutos de 1928 de la \u201cCompa\u00f1\u00eda Filarm\u00f3nica de Alba de Tormes\u201d. Por esta \u00e9poca el director es el citado Isidro P\u00e9rez. Bajo su batuta los miembros de la Banda amenizaron los festejos albenses de los a\u00f1os treinta, como las veladas en la Plaza, en cuyos descansos eran sustituidos por un piano-manubrio mientras recuperaban fuerzas en alg\u00fan bar cercano. Esta promoci\u00f3n tuvo que comprar la mayor\u00eda de los instrumentos, que en ese momento eran: caja, bombo, platillos, bajo, trombones, trompetas, saxofones, clarinetes, flaut\u00edn y requinto. El 1 de enero de 1932, de nuevo volvieron a escucharse los sones de una marcha f\u00fanebre para otro entierro hist\u00f3rico. Del sal\u00f3n de plenos del Ayuntamiento, donde hab\u00eda sido velado toda la noche, sal\u00eda portado por estudiantes y obreros el ata\u00fad con los restos del escritor albense Jos\u00e9 S\u00e1nchez Rojas.<\/p>\n<p align=\"left\">En otro art\u00edculo publicado en el anuario de 1992, Jos\u00e9 S\u00e1nchez Rueda cita la menci\u00f3n que de la Banda del Sr. Isidro hizo Fray Manuel P\u00e9rez Garc\u00eda-Cervino en el preg\u00f3n de fiestas del 14 de Octubre de 1982:<\/p>\n<blockquote>\n<p align=\"left\"><span class=\"Estilo17\">\u00abEn la Plaza, la Banda dispuesta al ataque, bajo la batuta del Maestro P\u00e9rez (Sr. Isidro), Maestre (Eustaquio), bombardino; Mat\u00edas Hern\u00e1ndez, saxo alto; Germ\u00e1n Barrado, saxo tenor; hermanos P\u00e9rez, clarinetes y trompeta; Pedro, su padre, el bombo; Tomas\u00edn padre, cornet\u00edn y bajo; su hijo Chiquete, bombo y redoblante; Juan Santos, tromb\u00f3n; Tat\u00edn, fliscorno; Tadeo, bombo; Antonio Barba, trompeta; Pepe L\u00f3pez, fliscorno; y Pedro Serrano, tromb\u00f3n\u201d.<\/span><\/p>\n<\/blockquote>\n<p align=\"left\">Por esta relaci\u00f3n podemos conocer que la Banda estaba formada por un n\u00famero muy reducido (poco m\u00e1s de una docena) y con predominio del metal.<\/p>\n<p align=\"left\"><strong><span class=\"Estilo39\"><font color=\"#993300\">Tiempo de Pasodoble: D. Miguel Guti\u00e9rrez<\/font><\/span><\/strong><\/p>\n<p align=\"left\">Tras el Sr. Isidro, toma la batuta D. Miguel Guti\u00e9rrez, padre de Florentino Guti\u00e9rrez, el actual p\u00e1rroco de Alba de Tormes, al que volvemos a citar:<\/p>\n<blockquote>\n<p align=\"left\"><span class=\"Estilo17\">\u00abTambi\u00e9n es curioso el contrato que firma mi padre, Miguel Guti\u00e9rrez con el entonces alcalde, Antonio Rodr\u00edguez Garc\u00eda, para formar la Academia Municipal de M\u00fasica en febrero del a\u00f1o 47. A ra\u00edz de estas firmas todos los aspirantes a la Academia han de rellenar una petici\u00f3n, suficientemente acompa\u00f1ada de los timbres del Estado, justificando su deseo de entrar a formar parte del grupo de alumnos, cuyas plazas no podr\u00e1n exceder de ocho entre chicos y chicas\u201d<\/span><\/p>\n<\/blockquote>\n<p align=\"left\">Florentino recuerda las clases de solfeo e, incluso, los ensayos de la Banda en una sala de su propia casa, en la calle de Manterola:<\/p>\n<blockquote>\n<p align=\"left\"><span class=\"Estilo17\">\u201cEl canario que colgaba en la galer\u00eda se volv\u00eda loco cuando los m\u00fasicos ya empezaban a afinar sus instrumentos\u201d<\/span><\/p>\n<\/blockquote>\n<p align=\"left\">D. Miguel, adem\u00e1s de dirigir y ense\u00f1ar solfeo, fue autor de los pasodobles \u201cTomas\u00edn\u201d y \u201cCurro Caro\u201d, recuperados por la Banda actual.\u00a0 Curro Caro fue un torero que tom\u00f3 la alternativa en 1934. S\u00e1nchez Rueda afirma que el primer club taurino de Curro Caro se fund\u00f3 en Alba de Tormes en 1933 y estuvo en activo hasta 1950 aproximadamente. El pasodoble que D. Miguel le compuso puede escucharse en el C.D. \u201cSalamanca Taurina\u201d, grabado por la Banda actual en 1998. Para poder interpretar \u201cTomas\u00edn\u201d, Mario Vercher realiz\u00f3 un arreglo a partir de lo que se conservaba de la partitura. Con este pasodoble la Banda de Alba de Tormes desfil\u00f3 el 10 de Julio de 1994 por las calles de Valencia hasta el balc\u00f3n del Ayuntamiento, donde fue interpretado ante la alcaldesa Rita Barber\u00e1 y otras autoridades. Otras obras del maestro Guti\u00e9rrez fueron un \u201cHimno a Santa Luc\u00eda\u201d, \u201cFeliz d\u00eda\u2026 Teresa\u201d y \u201cTabarjuan\u201d, una \u201cmarcha militar un tanto jocosa dedicada a tres de sus alumnos: Tat\u00edn, Barba y Juan\u201d.<\/p>\n<div align=\"center\"> <\/div>\n<p>Los m\u00fasicos de esta etapa recuerdan c\u00f3mo los conciertos en la Plaza comenzaban a celebrarse el 13 de Junio, feria de San Antonio, hasta el d\u00eda de la Octava de Santa Teresa (22 de octubre). Tambi\u00e9n tocaban en Semana Santa, San Jos\u00e9 y otras procesiones, y organizaban bailes en el Teatro y en el antiguo front\u00f3n de pelota para obtener dinero y poder celebrar a la patrona, Santa Cecilia. A fin de a\u00f1o se proced\u00eda al reparto de los beneficios que a alguno no le llegaban para pagar las penalizaciones, y es que exist\u00eda un reglamento de r\u00e9gimen interno en el que se contemplaban multas por no asistir a los ensayos, llegar tarde a los conciertos, etc.\u00a0As\u00ed recuerda Jos\u00e9 A. P\u00e9rez \u201cCervino\u201d su paso por la Banda de D. Miguel:\u00a0<\/p>\n<div align=\"center\"><\/div>\n<blockquote><p><span class=\"Estilo17\">\u00abRecuerdo mucho aquellos ensayos en casa del director, en la calle Manterola. \u00a1Qu\u00e9 grandes ratos! Cu\u00e1nto recuerdo al Sr. Mat\u00edas que nos hac\u00eda las cuentas \u2013como tesorero que era de la banda- con decimales; los hermanos Cotobal; los hermanos P\u00e9rez; el Sr. Antonio Rodil con el Bajo; los hermanos L\u00f3pez Salinero (hijos de la Sra. Fec\u00f3tida); el Guerrita; Perico el de la tartana con el Bombo; Paco Mosquete con la caja y el hijo del Sr. Antonio Roll\u00e1n con los platillos (no s\u00e9 si me dejo alguno). <\/span><span class=\"Estilo17\">Tampoco olvidar\u00e9 el d\u00eda de la fiesta de Santa Cecilia. Por la ma\u00f1ana, la diana, que terminaba en casa de Fernando el de la Sra. Ploti a comer los churros con el aguardiente. Misa muy solemne en San Juan, acompa\u00f1ados al armonium por el director. (\u2026) A la salida y despu\u00e9s de tomar los chatos, a comer en casa del Sr. Berna (cerca del castillo). Por la tarde sac\u00e1bamos las \u201cgigantillas\u201d, nos pon\u00edamos las cabezotas y pas\u00e1bamos la tarde con la fiesta a nuestro aire. Ya anochecido ten\u00edamos baile en el Sal\u00f3n del Sr. Ezequiel para todo el p\u00fablico\u201d <\/span><\/p><\/blockquote>\n<p>Hay que decir que la Banda de Alba fue durante varios a\u00f1os la encargada de amenizar las corridas de la Feria de Salamanca y estuvo presente en numerosos actos oficiales y festivos de toda la provincia, como procesiones y conciertos en Guijuelo, B\u00e9jar, Pe\u00f1aranda y Piedrah\u00edta (\u00c1vila), y las inauguraciones del canal de riego de los huertos de la Dehesa, el Cuartel de la Guardia Civil de Alba, la primera Feria Monogr\u00e1fica de Salamanca, etc. Hace un par de a\u00f1os pudimos comprobar en Montemayor del R\u00edo c\u00f3mo los m\u00e1s mayores recordaban perfectamente y hasta el m\u00e1s m\u00ednimo detalle el paso de la Banda de Alba de Tormes\u2026 \u00a1despu\u00e9s de medio siglo!. Como dato curioso podemos recordar su participaci\u00f3n en la pel\u00edcula \u201cEl fotog\u00e9nico\u201d, con Jos\u00e9 Luis Ozores y Lolita Sevilla, en la escena del recibimiento en la estaci\u00f3n que, por obra y arte del s\u00e9ptimo arte, no era la de Alba de Tormes, sino la de \u201cSolera del R\u00edo\u201d.<\/p>\n<p>Tras la muerte de D. Miguel, los m\u00fasicos continuaron actuando durante alg\u00fan tiempo, principalmente en las corridas de Salamanca<\/p>\n<p><strong><span class=\"Estilo39\"><font color=\"#993300\">Del Turia al Tormes: D. Mario Vercher, \u201cel mestre\u201d<\/font><\/span><\/strong><\/p>\n<p>Tras un lapsus de unos 25 a\u00f1os, en 1991 se funda la Escuela Municipal de M\u00fasica de Alba de Tormes y, poco despu\u00e9s, el 6 de Enero de 1992 se hace el acto de entrega de instrumentos musicales a los alumnos en el Ayuntamiento con la presencia del diputado de cultura D. \u00c1ngel Calvo, el alcalde de la villa D. Jos\u00e9 Y\u00e1\u00f1ez y el joven director de la Escuela de M\u00fasica, un valenciano afincado en Alba de Tormes y profesor de flauta travesera de la Banda Municipal de Salamanca,<strong> D. Mario Vercher Grau<\/strong>. Tras un intenso trabajo de alumnos y profesores, apenas tres meses despu\u00e9s, el 18 de abril (S\u00e1bado Santo) la nueva Banda ofrece su primer concierto en la iglesia de San Juan, tras la procesi\u00f3n de la Soledad y una audici\u00f3n de alumnos. La actuaci\u00f3n, anunciada como \u201cReencuentro con nuestra historia\u201d se convierte en todo un acontecimiento, y la Banda es acogida con emoci\u00f3n por el p\u00fablico albense, entre el que se encuentran antiguos miembros de la Banda de D. Miguel Guti\u00e9rrez, su viuda Teresa S\u00e1nchez\u00a0 y su hijo.<\/p>\n<p>La primera formaci\u00f3n de la Banda incluy\u00f3 43 m\u00fasicos, de los que algo m\u00e1s de la mitad contin\u00faa en la misma:<\/p>\n<p>FLAUTAS: Maravillas Ca\u00f1izal, M\u00aa Carmen Garc\u00eda, Elena P\u00e9rez, Beatriz Reyes, Rub\u00e9n L\u00f3pez, Aida Vercher, Sandra Mart\u00ednez; OBOES: Visitaci\u00f3n Vicente, Gertru Sansaloni; CLARINETES: Jos\u00e9 Javier Juanes, Fernando Garc\u00eda, Francisco Merino, David Hern\u00e1ndez, Julia Ramos, Adolfo Gonz\u00e1lez, M\u00aa Jos\u00e9 Hern\u00e1ndez, Mat\u00edas Ca\u00f1izal; SAXOS ALTOS: Gabriel de las Heras, Rosa Cojo, Antonia Juanes; SAXOS TENORES: Jos\u00e9 Ignacio Cotobal, \u00c1ngel P\u00e9rez Pinto, Andr\u00e9s Aparicio; TROMPETAS: Rub\u00e9n Gonz\u00e1lez, Leonor Armenteros, Juan Antonio Elices, Ra\u00fal P\u00e9rez, Manuel Reyes, Javier Hern\u00e1ndez; TROMBONES: Jos\u00e9 Alberto Mart\u00edn, Javier Corredera, Jos\u00e9 M\u00aa de las Heras; TUBA: Jes\u00fas M\u00aa Garc\u00eda; TROMPAS: Francisco Javier Rodr\u00edguez, Jes\u00fas Gonz\u00e1lez; PERCUSI\u00d3N: Ra\u00fal Madrid, David Bartolom\u00e9, Lucio Reyes, V\u00edctor Vicente, Pablo Vicente, Mary P\u00e9rez, Lucas Mu\u00f1oz, Jaime Polo.<\/p>\n<div align=\"center\"> <\/div>\n<p>R\u00e1pidamente se suceden las primeras actuaciones de la nueva agrupaci\u00f3n: el primer encuentro de Escuelas de M\u00fasica en Pe\u00f1aranda (26 de Mayo); la novillada que inaugur\u00f3 el anillo de exhibiciones de la Feria Universal Ganadera de Salamanca, en la que la Banda estren\u00f3 sus uniformes (12 de Junio); las inauguraciones de la IX Feria de Muestras de Alba de Tormes y de la exposici\u00f3n de hallazgos arqueol\u00f3gicos del castillo (13 de Junio), el primer concierto en la Plaza Mayor (14 de Junio), la corrida de las Hermanitas de los Pobres en la plaza de toros de Salamanca (esa misma tarde); \u00a1cinco actuaciones en tres d\u00edas!\u00a0El resto del a\u00f1o la Banda actu\u00f3 en varias ocasiones m\u00e1s en Alba: fiestas de la Transverberaci\u00f3n (agosto), fiestas de Santa Teresa (octubre) y fiestas de Santa Cecilia (noviembre, con un programa cargado de actos entre conciertos,\u00a0 actividades deportivas, exposici\u00f3n de pintura, misa y comida de confraternidad). Tambi\u00e9n se hicieron salidas a Pe\u00f1aranda (22 y 23 de agosto), Navales (10 de septiembre), Salamanca (concierto en el teatro de la Caja el 27 de Noviembre) y la base a\u00e9rea de Matac\u00e1n (10 de diciembre)<\/p>\n<p><strong><span class=\"Estilo39\"><font color=\"#993300\">Tendiendo lazos con la historia<\/font><\/span><\/strong><\/p>\n<p>La uni\u00f3n de la nueva Banda con el pasado tuvo un momento especialmente emocionante el 14 de noviembre de ese mismo a\u00f1o 1992, tal y como se recogi\u00f3 en el anuario:<\/p>\n<blockquote><p><span class=\"Estilo17\">\u201cCon la misma m\u00fasica que acompa\u00f1\u00f3 a Santa Teresa a la Clausura conventual, la marcha f\u00fanebre \u201cEl Cristo de la Lanzada\u201d, la Banda Municipal acompa\u00f1\u00f3 por las calles de Alba el cuerpo sin vida de D\u00aa Teresa S\u00e1nchez, \u201cTita\u201d, viuda de D. Miguel Guti\u00e9rrez, el anterior director de m\u00fasica. Su propio hijo, D. Florentino Guti\u00e9rrez, p\u00e1rroco de la Villa, se dirigi\u00f3 emocionado durante la homil\u00eda a la Banda de M\u00fasica -que interpret\u00f3 tambi\u00e9n algunas piezas durante el funeral- con palabras de agradecimiento. <\/span><\/p>\n<p><span class=\"Estilo17\">Especialmente emotivo para todos fue el momento en que el director, Mario Vercher , interpret\u00f3 en solitario, con la flauta, el Ave Mar\u00eda de Schubert. <\/span><\/p>\n<p><span class=\"Estilo17\">Teresa S\u00e1nchez, \u201cTita\u201d para todos, hab\u00eda vivido emocionada y con inter\u00e9s la recuperaci\u00f3n de algo tan importante en su vida como la Banda de M\u00fasica, que le proporcion\u00f3 el placer de escuchar al cabo de muchos a\u00f1os, y pocos meses antes de morir, el pasodoble \u201cCurro Caro\u201d compuesto por su marido.\u201d <\/span><\/p><\/blockquote>\n<p>Tras la muerte de su madre, Florentino Guti\u00e9rrez don\u00f3 a la Banda el piano de D. Miguel, que permanece guardado junto con la ya numerosa colecci\u00f3n de placas y premios de la Banda de M\u00fasica a la espera de un local donde puedan ser expuestos.<\/p>\n<p>Pero los lazos hist\u00f3ricos de la actual Banda con la tradici\u00f3n de las agrupaciones anteriores est\u00e1n hoy personalizados en Jer\u00f3nimo Cotobal, \u201cMito\u201d, el mayor de los m\u00fasicos que es tambi\u00e9n el \u00fanico que ha formado parte de la Banda de D. Miguel y de la actual. Mito naci\u00f3 a muy pocos metros del quiosco de la Plaza Mayor en que el Sr. Isidro y sus m\u00fasicos amenizaban el paseo de los albenses. Siendo ni\u00f1o escuchaba tocar el piano a su madre y el clarinete a su hermano Pedro \u201cviruta\u201d. Jer\u00f3nimo toc\u00f3 la caja antes de empezar con el saxo alto en la banda de D. Miguel Guti\u00e9rrez. Como \u00e9l dir\u00eda con su humor peculiar, \u201cyo podr\u00eda haber tocado otro instrumento, pero siempre que fuera de madera\u2026, de madera de Robles\u201d. Mito no entr\u00f3 en la Banda actual en 1992, sino un par de a\u00f1os despu\u00e9s, animado por Mario para que se hiciera cargo del saxo bar\u00edtono, y ah\u00ed sigue cargando con el \u201cmuerto\u201d hasta en las procesiones de Zamora, arreglando atriles y los mil \u201cchaperones\u201d que Mario le encarga, siempre a la hora de la siesta. Muchas m\u00e1s cosas podr\u00eda decir de \u00e9l, pero se notar\u00eda demasiado que soy hijo suyo.<\/p>\n<div align=\"center\">\n<table border=\"0\" width=\"500\" cellPadding=\"10\" cellSpacing=\"0\">\n<tr>\n<td><\/td>\n<\/tr>\n<\/table>\n<div align=\"center\">\n<table border=\"0\" bgColor=\"#e9e9d1\" width=\"500\" cellPadding=\"2\" cellSpacing=\"0\">\n<tr>\n<td width=\"5\">\u00a0<\/td>\n<td>\n<p align=\"left\"><font size=\"2\"><img loading=\"lazy\" decoding=\"async\" border=\"0\" align=\"absMiddle\" width=\"15\" src=\"http:\/\/www.natureduca.com\/logos\/logo_infoblog1.gif\" height=\"15\" \/><\/font><font color=\"#993300\"> Informaci\u00f3n procedente de la Banda de M\u00fasica de Alba de Tormes<br \/>\n<\/font><img loading=\"lazy\" decoding=\"async\" border=\"0\" align=\"absMiddle\" width=\"15\" src=\"http:\/\/www.natureduca.com\/logos\/logo_infoblog2.gif\" height=\"15\" \/> <font size=\"2\" color=\"#993300\">M\u00e1s informaci\u00f3n en la web de la Instituci\u00f3n &#8211;&gt;<\/font><font size=\"2\">Aqu\u00ed<\/font><\/p>\n<\/td>\n<\/tr>\n<\/table>\n<div align=\"center\">\n<table border=\"0\" width=\"500\" cellPadding=\"10\" cellSpacing=\"0\">\n<tr>\n<td><\/td>\n<\/tr>\n<\/table>\n<\/div>\n<\/div>\n<\/div>\n","protected":false},"excerpt":{"rendered":"<p>Con or\u00edgenes en el siglo XIX, y tras un lapsus de 25 a\u00f1os, la actual Banda de Alba de Tormes (Salamanca) fue fundada en enero de 1992 con j\u00f3venes alumnos de la reci\u00e9n creada Escuela Municipal de M\u00fasica dirigida por Mario Vercher Grau. Desde entonces la Banda de Alba de\u2026<\/p>\n<p class=\"continue-reading-button\"> <a class=\"continue-reading-link\" href=\"https:\/\/natureduca.com\/culturblog\/la-banda-de-musica-de-alba-de-tormes-espana\/\">Seguir leyendo&#8230;<i class=\"crycon-right-dir\"><\/i><\/a><\/p>\n","protected":false},"author":75,"featured_media":-1,"comment_status":"open","ping_status":"open","sticky":false,"template":"","format":"standard","meta":{"rop_custom_images_group":[],"rop_custom_messages_group":[],"rop_publish_now":"initial","rop_publish_now_accounts":{"twitter_226634691_226634691":""},"rop_publish_now_history":[],"rop_publish_now_status":"pending","_uag_custom_page_level_css":"","footnotes":""},"categories":[21,20],"tags":[1081,1010,1016,1012,1009,1121,1053,1140,1032,1015,1017,1052,1115,1027,1079,1028,1138,1051,1030,1025,1026,1033],"class_list":["post-139","post","type-post","status-publish","format-standard","has-post-thumbnail","hentry","category-instituciones","category-musica","tag-ambiente","tag-amor","tag-arte","tag-ave","tag-cultura","tag-cultural","tag-dinero","tag-escena","tag-estilo","tag-flor","tag-historia","tag-iglesia","tag-jovenes","tag-militar","tag-mito","tag-musica-2","tag-patrimonio-2","tag-planta","tag-radio","tag-rosa","tag-teatro","tag-vino"],"yoast_head":"<!-- This site is optimized with the Yoast SEO plugin v27.5 - https:\/\/yoast.com\/product\/yoast-seo-wordpress\/ -->\n<title>La Banda de M\u00fasica de Alba de Tormes (Salamanca) - Blog Cultureduca educativa<\/title>\n<meta name=\"description\" content=\"La Banda de M\u00fasica de Alba de Tormes (Salamanca) - Blog Cultureduca educativa -\" \/>\n<meta name=\"robots\" content=\"index, follow, max-snippet:-1, max-image-preview:large, max-video-preview:-1\" \/>\n<link rel=\"canonical\" href=\"https:\/\/natureduca.com\/culturblog\/la-banda-de-musica-de-alba-de-tormes-espana\/\" \/>\n<meta property=\"og:locale\" content=\"es_ES\" \/>\n<meta property=\"og:type\" content=\"article\" \/>\n<meta property=\"og:title\" content=\"La Banda de M\u00fasica de Alba de Tormes (Salamanca) - Blog Cultureduca educativa\" \/>\n<meta property=\"og:description\" content=\"La Banda de M\u00fasica de Alba de Tormes (Salamanca) - Blog Cultureduca educativa -\" \/>\n<meta property=\"og:url\" content=\"https:\/\/natureduca.com\/culturblog\/la-banda-de-musica-de-alba-de-tormes-espana\/\" \/>\n<meta property=\"og:site_name\" content=\"Blog Cultureduca educativa\" \/>\n<meta property=\"article:publisher\" content=\"https:\/\/www.facebook.com\/groups\/cultureduca\/\" \/>\n<meta property=\"article:published_time\" content=\"2023-07-07T12:59:58+00:00\" \/>\n<meta property=\"og:image\" content=\"https:\/\/natureduca.com\/culturblog\/wp-content\/uploads\/cropped-cabecera-culturblog.jpg\" \/>\n\t<meta property=\"og:image:width\" content=\"1200\" \/>\n\t<meta property=\"og:image:height\" content=\"120\" \/>\n\t<meta property=\"og:image:type\" content=\"image\/jpeg\" \/>\n<meta name=\"author\" content=\"Admin\" \/>\n<meta name=\"twitter:label1\" content=\"Escrito por\" \/>\n\t<meta name=\"twitter:data1\" content=\"Admin\" \/>\n\t<meta name=\"twitter:label2\" content=\"Tiempo de lectura\" \/>\n\t<meta name=\"twitter:data2\" content=\"17 minutos\" \/>\n<script type=\"application\/ld+json\" class=\"yoast-schema-graph\">{\"@context\":\"https:\\\/\\\/schema.org\",\"@graph\":[{\"@type\":\"Article\",\"@id\":\"https:\\\/\\\/natureduca.com\\\/culturblog\\\/la-banda-de-musica-de-alba-de-tormes-espana\\\/#article\",\"isPartOf\":{\"@id\":\"https:\\\/\\\/natureduca.com\\\/culturblog\\\/la-banda-de-musica-de-alba-de-tormes-espana\\\/\"},\"author\":{\"name\":\"Admin\",\"@id\":\"https:\\\/\\\/natureduca.com\\\/culturblog\\\/#\\\/schema\\\/person\\\/2ede2c4f1845fa2eef27442aa5aa7200\"},\"headline\":\"La Banda de M\u00fasica de Alba de Tormes (Salamanca)\",\"datePublished\":\"2023-07-07T12:59:58+00:00\",\"mainEntityOfPage\":{\"@id\":\"https:\\\/\\\/natureduca.com\\\/culturblog\\\/la-banda-de-musica-de-alba-de-tormes-espana\\\/\"},\"wordCount\":3478,\"commentCount\":0,\"publisher\":{\"@id\":\"https:\\\/\\\/natureduca.com\\\/culturblog\\\/#organization\"},\"image\":{\"@id\":\"https:\\\/\\\/natureduca.com\\\/culturblog\\\/la-banda-de-musica-de-alba-de-tormes-espana\\\/#primaryimage\"},\"thumbnailUrl\":\"http:\\\/\\\/www.natureduca.com\\\/logos\\\/logo_infoblog1.gif\",\"keywords\":[\"ambiente\",\"amor\",\"arte\",\"ave\",\"cultura\",\"cultural\",\"dinero\",\"escena\",\"estilo\",\"flor\",\"historia\",\"iglesia\",\"j\u00f3venes\",\"militar\",\"mito\",\"musica\",\"patrimonio\",\"planta\",\"radio\",\"rosa\",\"teatro\",\"vino\"],\"articleSection\":[\"Instituciones\",\"M\u00fasica\"],\"inLanguage\":\"es\",\"potentialAction\":[{\"@type\":\"CommentAction\",\"name\":\"Comment\",\"target\":[\"https:\\\/\\\/natureduca.com\\\/culturblog\\\/la-banda-de-musica-de-alba-de-tormes-espana\\\/#respond\"]}]},{\"@type\":\"WebPage\",\"@id\":\"https:\\\/\\\/natureduca.com\\\/culturblog\\\/la-banda-de-musica-de-alba-de-tormes-espana\\\/\",\"url\":\"https:\\\/\\\/natureduca.com\\\/culturblog\\\/la-banda-de-musica-de-alba-de-tormes-espana\\\/\",\"name\":\"La Banda de M\u00fasica de Alba de Tormes (Salamanca) - Blog Cultureduca educativa\",\"isPartOf\":{\"@id\":\"https:\\\/\\\/natureduca.com\\\/culturblog\\\/#website\"},\"primaryImageOfPage\":{\"@id\":\"https:\\\/\\\/natureduca.com\\\/culturblog\\\/la-banda-de-musica-de-alba-de-tormes-espana\\\/#primaryimage\"},\"image\":{\"@id\":\"https:\\\/\\\/natureduca.com\\\/culturblog\\\/la-banda-de-musica-de-alba-de-tormes-espana\\\/#primaryimage\"},\"thumbnailUrl\":\"http:\\\/\\\/www.natureduca.com\\\/logos\\\/logo_infoblog1.gif\",\"datePublished\":\"2023-07-07T12:59:58+00:00\",\"description\":\"La Banda de M\u00fasica de Alba de Tormes (Salamanca) - Blog Cultureduca educativa -\",\"breadcrumb\":{\"@id\":\"https:\\\/\\\/natureduca.com\\\/culturblog\\\/la-banda-de-musica-de-alba-de-tormes-espana\\\/#breadcrumb\"},\"inLanguage\":\"es\",\"potentialAction\":[{\"@type\":\"ReadAction\",\"target\":[\"https:\\\/\\\/natureduca.com\\\/culturblog\\\/la-banda-de-musica-de-alba-de-tormes-espana\\\/\"]}]},{\"@type\":\"ImageObject\",\"inLanguage\":\"es\",\"@id\":\"https:\\\/\\\/natureduca.com\\\/culturblog\\\/la-banda-de-musica-de-alba-de-tormes-espana\\\/#primaryimage\",\"url\":\"http:\\\/\\\/www.natureduca.com\\\/logos\\\/logo_infoblog1.gif\",\"contentUrl\":\"http:\\\/\\\/www.natureduca.com\\\/logos\\\/logo_infoblog1.gif\"},{\"@type\":\"BreadcrumbList\",\"@id\":\"https:\\\/\\\/natureduca.com\\\/culturblog\\\/la-banda-de-musica-de-alba-de-tormes-espana\\\/#breadcrumb\",\"itemListElement\":[{\"@type\":\"ListItem\",\"position\":1,\"name\":\"Portada\",\"item\":\"https:\\\/\\\/natureduca.com\\\/culturblog\\\/\"},{\"@type\":\"ListItem\",\"position\":2,\"name\":\"La Banda de M\u00fasica de Alba de Tormes (Salamanca)\"}]},{\"@type\":\"WebSite\",\"@id\":\"https:\\\/\\\/natureduca.com\\\/culturblog\\\/#website\",\"url\":\"https:\\\/\\\/natureduca.com\\\/culturblog\\\/\",\"name\":\"Blog Cultureduca\",\"description\":\"Blog educativo de las Letras y las Artes Pl\u00e1sticas y Est\u00e9ticas\",\"publisher\":{\"@id\":\"https:\\\/\\\/natureduca.com\\\/culturblog\\\/#organization\"},\"alternateName\":\"Blog Cultura educativa\",\"potentialAction\":[{\"@type\":\"SearchAction\",\"target\":{\"@type\":\"EntryPoint\",\"urlTemplate\":\"https:\\\/\\\/natureduca.com\\\/culturblog\\\/?s={search_term_string}\"},\"query-input\":{\"@type\":\"PropertyValueSpecification\",\"valueRequired\":true,\"valueName\":\"search_term_string\"}}],\"inLanguage\":\"es\"},{\"@type\":\"Organization\",\"@id\":\"https:\\\/\\\/natureduca.com\\\/culturblog\\\/#organization\",\"name\":\"ASOCAE\",\"alternateName\":\"Asociaci\u00f3n para la Cultura, el Arte y la Educaci\u00f3n\",\"url\":\"https:\\\/\\\/natureduca.com\\\/culturblog\\\/\",\"logo\":{\"@type\":\"ImageObject\",\"inLanguage\":\"es\",\"@id\":\"https:\\\/\\\/natureduca.com\\\/culturblog\\\/#\\\/schema\\\/logo\\\/image\\\/\",\"url\":\"https:\\\/\\\/natureduca.com\\\/culturblog\\\/wp-content\\\/uploads\\\/cultureduca_ico_cab.png\",\"contentUrl\":\"https:\\\/\\\/natureduca.com\\\/culturblog\\\/wp-content\\\/uploads\\\/cultureduca_ico_cab.png\",\"width\":22,\"height\":24,\"caption\":\"ASOCAE\"},\"image\":{\"@id\":\"https:\\\/\\\/natureduca.com\\\/culturblog\\\/#\\\/schema\\\/logo\\\/image\\\/\"},\"sameAs\":[\"https:\\\/\\\/www.facebook.com\\\/groups\\\/cultureduca\\\/\",\"https:\\\/\\\/x.com\\\/Cultureduca\"]},{\"@type\":\"Person\",\"@id\":\"https:\\\/\\\/natureduca.com\\\/culturblog\\\/#\\\/schema\\\/person\\\/2ede2c4f1845fa2eef27442aa5aa7200\",\"name\":\"Admin\",\"image\":{\"@type\":\"ImageObject\",\"inLanguage\":\"es\",\"@id\":\"https:\\\/\\\/secure.gravatar.com\\\/avatar\\\/808463f89cd51ccc00a865855b3a170f21d55c755eeccab37eef1fb553f48899?s=96&d=monsterid&r=g\",\"url\":\"https:\\\/\\\/secure.gravatar.com\\\/avatar\\\/808463f89cd51ccc00a865855b3a170f21d55c755eeccab37eef1fb553f48899?s=96&d=monsterid&r=g\",\"contentUrl\":\"https:\\\/\\\/secure.gravatar.com\\\/avatar\\\/808463f89cd51ccc00a865855b3a170f21d55c755eeccab37eef1fb553f48899?s=96&d=monsterid&r=g\",\"caption\":\"Admin\"},\"url\":\"https:\\\/\\\/natureduca.com\\\/culturblog\\\/author\\\/jefe\\\/\"}]}<\/script>\n<!-- \/ Yoast SEO plugin. -->","yoast_head_json":{"title":"La Banda de M\u00fasica de Alba de Tormes (Salamanca) - Blog Cultureduca educativa","description":"La Banda de M\u00fasica de Alba de Tormes (Salamanca) - Blog Cultureduca educativa -","robots":{"index":"index","follow":"follow","max-snippet":"max-snippet:-1","max-image-preview":"max-image-preview:large","max-video-preview":"max-video-preview:-1"},"canonical":"https:\/\/natureduca.com\/culturblog\/la-banda-de-musica-de-alba-de-tormes-espana\/","og_locale":"es_ES","og_type":"article","og_title":"La Banda de M\u00fasica de Alba de Tormes (Salamanca) - Blog Cultureduca educativa","og_description":"La Banda de M\u00fasica de Alba de Tormes (Salamanca) - Blog Cultureduca educativa -","og_url":"https:\/\/natureduca.com\/culturblog\/la-banda-de-musica-de-alba-de-tormes-espana\/","og_site_name":"Blog Cultureduca educativa","article_publisher":"https:\/\/www.facebook.com\/groups\/cultureduca\/","article_published_time":"2023-07-07T12:59:58+00:00","og_image":[{"width":1200,"height":120,"url":"https:\/\/natureduca.com\/culturblog\/wp-content\/uploads\/cropped-cabecera-culturblog.jpg","type":"image\/jpeg"}],"author":"Admin","twitter_misc":{"Escrito por":"Admin","Tiempo de lectura":"17 minutos"},"schema":{"@context":"https:\/\/schema.org","@graph":[{"@type":"Article","@id":"https:\/\/natureduca.com\/culturblog\/la-banda-de-musica-de-alba-de-tormes-espana\/#article","isPartOf":{"@id":"https:\/\/natureduca.com\/culturblog\/la-banda-de-musica-de-alba-de-tormes-espana\/"},"author":{"name":"Admin","@id":"https:\/\/natureduca.com\/culturblog\/#\/schema\/person\/2ede2c4f1845fa2eef27442aa5aa7200"},"headline":"La Banda de M\u00fasica de Alba de Tormes (Salamanca)","datePublished":"2023-07-07T12:59:58+00:00","mainEntityOfPage":{"@id":"https:\/\/natureduca.com\/culturblog\/la-banda-de-musica-de-alba-de-tormes-espana\/"},"wordCount":3478,"commentCount":0,"publisher":{"@id":"https:\/\/natureduca.com\/culturblog\/#organization"},"image":{"@id":"https:\/\/natureduca.com\/culturblog\/la-banda-de-musica-de-alba-de-tormes-espana\/#primaryimage"},"thumbnailUrl":"http:\/\/www.natureduca.com\/logos\/logo_infoblog1.gif","keywords":["ambiente","amor","arte","ave","cultura","cultural","dinero","escena","estilo","flor","historia","iglesia","j\u00f3venes","militar","mito","musica","patrimonio","planta","radio","rosa","teatro","vino"],"articleSection":["Instituciones","M\u00fasica"],"inLanguage":"es","potentialAction":[{"@type":"CommentAction","name":"Comment","target":["https:\/\/natureduca.com\/culturblog\/la-banda-de-musica-de-alba-de-tormes-espana\/#respond"]}]},{"@type":"WebPage","@id":"https:\/\/natureduca.com\/culturblog\/la-banda-de-musica-de-alba-de-tormes-espana\/","url":"https:\/\/natureduca.com\/culturblog\/la-banda-de-musica-de-alba-de-tormes-espana\/","name":"La Banda de M\u00fasica de Alba de Tormes (Salamanca) - Blog Cultureduca educativa","isPartOf":{"@id":"https:\/\/natureduca.com\/culturblog\/#website"},"primaryImageOfPage":{"@id":"https:\/\/natureduca.com\/culturblog\/la-banda-de-musica-de-alba-de-tormes-espana\/#primaryimage"},"image":{"@id":"https:\/\/natureduca.com\/culturblog\/la-banda-de-musica-de-alba-de-tormes-espana\/#primaryimage"},"thumbnailUrl":"http:\/\/www.natureduca.com\/logos\/logo_infoblog1.gif","datePublished":"2023-07-07T12:59:58+00:00","description":"La Banda de M\u00fasica de Alba de Tormes (Salamanca) - Blog Cultureduca educativa -","breadcrumb":{"@id":"https:\/\/natureduca.com\/culturblog\/la-banda-de-musica-de-alba-de-tormes-espana\/#breadcrumb"},"inLanguage":"es","potentialAction":[{"@type":"ReadAction","target":["https:\/\/natureduca.com\/culturblog\/la-banda-de-musica-de-alba-de-tormes-espana\/"]}]},{"@type":"ImageObject","inLanguage":"es","@id":"https:\/\/natureduca.com\/culturblog\/la-banda-de-musica-de-alba-de-tormes-espana\/#primaryimage","url":"http:\/\/www.natureduca.com\/logos\/logo_infoblog1.gif","contentUrl":"http:\/\/www.natureduca.com\/logos\/logo_infoblog1.gif"},{"@type":"BreadcrumbList","@id":"https:\/\/natureduca.com\/culturblog\/la-banda-de-musica-de-alba-de-tormes-espana\/#breadcrumb","itemListElement":[{"@type":"ListItem","position":1,"name":"Portada","item":"https:\/\/natureduca.com\/culturblog\/"},{"@type":"ListItem","position":2,"name":"La Banda de M\u00fasica de Alba de Tormes (Salamanca)"}]},{"@type":"WebSite","@id":"https:\/\/natureduca.com\/culturblog\/#website","url":"https:\/\/natureduca.com\/culturblog\/","name":"Blog Cultureduca","description":"Blog educativo de las Letras y las Artes Pl\u00e1sticas y Est\u00e9ticas","publisher":{"@id":"https:\/\/natureduca.com\/culturblog\/#organization"},"alternateName":"Blog Cultura educativa","potentialAction":[{"@type":"SearchAction","target":{"@type":"EntryPoint","urlTemplate":"https:\/\/natureduca.com\/culturblog\/?s={search_term_string}"},"query-input":{"@type":"PropertyValueSpecification","valueRequired":true,"valueName":"search_term_string"}}],"inLanguage":"es"},{"@type":"Organization","@id":"https:\/\/natureduca.com\/culturblog\/#organization","name":"ASOCAE","alternateName":"Asociaci\u00f3n para la Cultura, el Arte y la Educaci\u00f3n","url":"https:\/\/natureduca.com\/culturblog\/","logo":{"@type":"ImageObject","inLanguage":"es","@id":"https:\/\/natureduca.com\/culturblog\/#\/schema\/logo\/image\/","url":"https:\/\/natureduca.com\/culturblog\/wp-content\/uploads\/cultureduca_ico_cab.png","contentUrl":"https:\/\/natureduca.com\/culturblog\/wp-content\/uploads\/cultureduca_ico_cab.png","width":22,"height":24,"caption":"ASOCAE"},"image":{"@id":"https:\/\/natureduca.com\/culturblog\/#\/schema\/logo\/image\/"},"sameAs":["https:\/\/www.facebook.com\/groups\/cultureduca\/","https:\/\/x.com\/Cultureduca"]},{"@type":"Person","@id":"https:\/\/natureduca.com\/culturblog\/#\/schema\/person\/2ede2c4f1845fa2eef27442aa5aa7200","name":"Admin","image":{"@type":"ImageObject","inLanguage":"es","@id":"https:\/\/secure.gravatar.com\/avatar\/808463f89cd51ccc00a865855b3a170f21d55c755eeccab37eef1fb553f48899?s=96&d=monsterid&r=g","url":"https:\/\/secure.gravatar.com\/avatar\/808463f89cd51ccc00a865855b3a170f21d55c755eeccab37eef1fb553f48899?s=96&d=monsterid&r=g","contentUrl":"https:\/\/secure.gravatar.com\/avatar\/808463f89cd51ccc00a865855b3a170f21d55c755eeccab37eef1fb553f48899?s=96&d=monsterid&r=g","caption":"Admin"},"url":"https:\/\/natureduca.com\/culturblog\/author\/jefe\/"}]}},"featured_image_src":null,"featured_image_src_square":null,"author_info":{"display_name":"Admin","author_link":"https:\/\/natureduca.com\/culturblog\/author\/jefe\/"},"uagb_featured_image_src":{"full":false,"thumbnail":false,"medium":false,"medium_large":false,"large":false,"1536x1536":false,"2048x2048":false,"custom":false,"gb-block-post-grid-landscape":false,"gb-block-post-grid-square":false,"post-thumbnail":false,"header":false,"slider":false,"columns":false},"uagb_author_info":{"display_name":"Admin","author_link":"https:\/\/natureduca.com\/culturblog\/author\/jefe\/"},"uagb_comment_info":0,"uagb_excerpt":"Con or\u00edgenes en el siglo XIX, y tras un lapsus de 25 a\u00f1os, la actual Banda de Alba de Tormes (Salamanca) fue fundada en enero de 1992 con j\u00f3venes alumnos de la reci\u00e9n creada Escuela Municipal de M\u00fasica dirigida por Mario Vercher Grau. Desde entonces la Banda de Alba de\u2026 Seguir leyendo...","amp_enabled":true,"_links":{"self":[{"href":"https:\/\/natureduca.com\/culturblog\/wp-json\/wp\/v2\/posts\/139","targetHints":{"allow":["GET"]}}],"collection":[{"href":"https:\/\/natureduca.com\/culturblog\/wp-json\/wp\/v2\/posts"}],"about":[{"href":"https:\/\/natureduca.com\/culturblog\/wp-json\/wp\/v2\/types\/post"}],"author":[{"embeddable":true,"href":"https:\/\/natureduca.com\/culturblog\/wp-json\/wp\/v2\/users\/75"}],"replies":[{"embeddable":true,"href":"https:\/\/natureduca.com\/culturblog\/wp-json\/wp\/v2\/comments?post=139"}],"version-history":[{"count":0,"href":"https:\/\/natureduca.com\/culturblog\/wp-json\/wp\/v2\/posts\/139\/revisions"}],"wp:featuredmedia":[{"embeddable":true,"href":"https:\/\/natureduca.com\/culturblog\/wp-json\/"}],"wp:attachment":[{"href":"https:\/\/natureduca.com\/culturblog\/wp-json\/wp\/v2\/media?parent=139"}],"wp:term":[{"taxonomy":"category","embeddable":true,"href":"https:\/\/natureduca.com\/culturblog\/wp-json\/wp\/v2\/categories?post=139"},{"taxonomy":"post_tag","embeddable":true,"href":"https:\/\/natureduca.com\/culturblog\/wp-json\/wp\/v2\/tags?post=139"}],"curies":[{"name":"wp","href":"https:\/\/api.w.org\/{rel}","templated":true}]}}