{"id":1052,"date":"2010-12-17T19:59:50","date_gmt":"2010-12-17T17:59:50","guid":{"rendered":"http:\/\/www.cultureduca.com\/blog\/?p=1052"},"modified":"2018-12-22T03:12:37","modified_gmt":"2018-12-22T01:12:37","slug":"don-quijote-de-la-mancha-primera-parte-capitulo-xix-de-lii-miguel-de-cervantes-saavedra","status":"publish","type":"post","link":"https:\/\/natureduca.com\/culturblog\/don-quijote-de-la-mancha-primera-parte-capitulo-xix-de-lii-miguel-de-cervantes-saavedra\/","title":{"rendered":"\u00abDon Quijote de La Mancha\u00bb (Primera parte &#8211; cap\u00edtulo XIX de LII) [Miguel de Cervantes Saavedra]"},"content":{"rendered":"<p>Primera parte<\/p>\n<p><strong>CAP\u00cdTULO XIX<\/strong><\/p>\n<p><strong>De las discretas razones que Sancho pasaba con su amo, y de la aventura que le sucedi\u00f3 con un cuerpo muerto, con otros acontecimientos famosos<\/strong><\/p>\n<p>-Par\u00e9ceme, se\u00f1or m\u00edo, que todas estas desventuras que estos d\u00edas nos han sucedido, sin duda alguna han sido pena del pecado cometido por vuestra merced contra la orden de su caballer\u00eda, no habiendo cumplido el juramento que hizo de no comer pan a manteles ni con la reina folgar, con todo aquello que a esto se sigue y vuestra merced jur\u00f3 de cumplir, hasta quitar aquel almete de Malandrino, o como se llama el moro, que no me acuerdo bien.<\/p>\n<p>-Tienes mucha raz\u00f3n, Sancho -dijo don Quijote-; mas, para decirte verdad, ello se me hab\u00eda pasado de la memoria; y tambi\u00e9n puedes tener por cierto que por la culpa de no hab\u00e9rmelo t\u00fa acordado en tiempo te sucedi\u00f3 aquello de la manta; pero yo har\u00e9 la enmienda, que modos hay de composici\u00f3n en la orden de la caballer\u00eda para todo.<\/p>\n<p>-Pues, \u00bfjur\u00e9 yo algo, por dicha? -respondi\u00f3 Sancho.<\/p>\n<p>-No importa que no hayas jurado -dijo don Quijote-: basta que yo entiendo que de participantes no est\u00e1s muy seguro, y, por s\u00ed o por no, no ser\u00e1 malo proveernos de remedio.<\/p>\n<p>-Pues si ello es as\u00ed -dijo Sancho-, mire vuestra merced no se le torne a olvidar esto, como lo del juramento; quiz\u00e1 les volver\u00e1 la gana a las fantasmas de solazarse otra vez conmigo, y aun con vuestra merced si le ven tan pertinaz.<\/p>\n<p>En estas y otras pl\u00e1ticas les tom\u00f3 la noche en mitad del camino, sin tener ni descubrir donde aquella noche se recogiesen; y lo que no hab\u00eda de bueno en ello era que perec\u00edan de hambre; que, con la falta de las alforjas, les falt\u00f3 toda la despensa y matalotaje. Y, para acabar de confirmar esta desgracia, les sucedi\u00f3 una aventura que, sin artificio alguno, verdaderamente lo parec\u00eda. Y fue que la noche cerr\u00f3 con alguna escuridad; pero, con todo esto, caminaban, creyendo Sancho que, pues aquel camino era real, a una o dos leguas, de buena raz\u00f3n, hallar\u00eda en \u00e9l alguna venta.<\/p>\n<p>Yendo, pues, desta manera, la noche escura, el escudero hambriento y el amo con gana de comer, vieron que por el mesmo camino que iban ven\u00edan hacia ellos gran multitud de lumbres, que no parec\u00edan sino estrellas que se mov\u00edan. Pasm\u00f3se Sancho en vi\u00e9ndolas, y don Quijote no las tuvo todas consigo; tir\u00f3 el uno del cabestro a su asno, y el otro de las riendas a su rocino, y estuvieron quedos, mirando atentamente lo que pod\u00eda ser aquello, y vieron que las lumbres se iban acercando a ellos, y mientras m\u00e1s se llegaban, mayores parec\u00edan; a cuya vista Sancho comenz\u00f3 a temblar como un azogado, y los cabellos de la cabeza se le erizaron a don Quijote; el cual, anim\u00e1ndose un poco, dijo:<\/p>\n<p>-\u00c9sta, sin duda, Sancho, debe de ser grand\u00edsima y peligros\u00edsima aventura, donde ser\u00e1 necesario que yo muestre todo mi valor y esfuerzo.<\/p>\n<p>-\u00a1Desdichado de m\u00ed! -respondi\u00f3 Sancho-; si acaso esta aventura fuese de fantasmas, como me lo va pareciendo, \u00bfad\u00f3nde habr\u00e1 costillas que la sufran?<\/p>\n<p>-Por m\u00e1s fantasmas que sean -dijo don Quijote-, no consentir\u00e9 yo que te toque en el pelo de la ropa; que si la otra vez se burlaron contigo, fue porque no pude yo saltar las paredes del corral, pero ahora estamos en campo raso, donde podr\u00e9 yo como quisiere esgremir mi espada.<\/p>\n<p>-Y si le encantan y entomecen, como la otra vez lo hicieron -dijo Sancho-, \u00bfqu\u00e9 aprovechar\u00e1 estar en campo abierto o no?<\/p>\n<p>-Con todo eso -replic\u00f3 don Quijote-, te ruego, Sancho, que tengas buen \u00e1nimo, que la experiencia te dar\u00e1 a entender el que yo tengo.<\/p>\n<p>-S\u00ed tendr\u00e9, si a Dios place -respondi\u00f3 Sancho.<\/p>\n<p>Y, apart\u00e1ndose los dos a un lado del camino, tornaron a mirar atentamente lo que aquello de aquellas lumbres que caminaban pod\u00eda ser; y de all\u00ed a muy poco descubrieron muchos encamisados, cuya temerosa visi\u00f3n de todo punto remat\u00f3 el \u00e1nimo de Sancho Panza, el cual comenz\u00f3 a dar diente con diente, como quien tiene fr\u00edo de cuartana; y creci\u00f3 m\u00e1s el batir y dentellear cuando distintamente vieron lo que era, porque descubrieron hasta veinte encamisados, todos a caballo, con sus hachas encendidas en las manos; detr\u00e1s de los cuales ven\u00eda una litera cubierta de luto, a la cual segu\u00edan otros seis de a caballo, enlutados hasta los pies de las mulas; que bien vieron que no eran caballos en el sosiego con que caminaban. Iban los encamisados murmurando entre s\u00ed, con una voz baja y compasiva. Esta estra\u00f1a visi\u00f3n, a tales horas y en tal despoblado, bien bastaba para poner miedo en el coraz\u00f3n de Sancho, y aun en el de su amo; y as\u00ed fuera en cuanto a don Quijote, que ya Sancho hab\u00eda dado al trav\u00e9s con todo su esfuerzo. Lo contrario le avino a su amo, al cual en aquel punto se le represent\u00f3 en su imaginaci\u00f3n al vivo que aqu\u00e9lla era una de las aventuras de sus libros.<\/p>\n<p>Figur\u00f3sele que la litera eran andas donde deb\u00eda de ir alg\u00fan mal ferido o muerto caballero, cuya venganza a \u00e9l solo estaba reservada; y, sin hacer otro discurso, enristr\u00f3 su lanz\u00f3n, p\u00fasose bien en la silla, y con gentil br\u00edo y continente se puso en la mitad del camino por donde los encamisados forzosamente hab\u00edan de pasar, y cuando los vio cerca alz\u00f3 la voz y dijo:<\/p>\n<p>-Deteneos, caballeros, o quienquiera que se\u00e1is, y dadme cuenta de qui\u00e9n sois, de d\u00f3nde ven\u00eds, ad\u00f3nde vais, qu\u00e9 es lo que en aquellas andas llev\u00e1is; que, seg\u00fan las muestras, o vosotros hab\u00e9is fecho, o vos han fecho, alg\u00fan desaguisado, y conviene y es menester que yo lo sepa, o bien para castigaros del mal que fecistes, o bien para vengaros del tuerto que vos ficieron.<\/p>\n<p>-Vamos de priesa -respondi\u00f3 uno de los encamisados- y est\u00e1 la venta lejos, y no nos podemos detener a dar tanta cuenta como ped\u00eds.<\/p>\n<p>Y, picando la mula, pas\u00f3 adelante. Sinti\u00f3se desta respuesta grandemente don Quijote, y, trabando del freno, dijo:<\/p>\n<p>-Deteneos y sed m\u00e1s bien criado, y dadme cuenta de lo que os he preguntado; si no, conmigo sois todos en batalla.<\/p>\n<p>Era la mula asombradiza, y al tomarla del freno se espant\u00f3 de manera que, alz\u00e1ndose en los pies, dio con su due\u00f1o por las ancas en el suelo. Un mozo que iba a pie, viendo caer al encamisado, comenz\u00f3 a denostar a don Quijote, el cual, ya encolerizado, sin esperar m\u00e1s, enristrando su lanz\u00f3n, arremeti\u00f3 a uno de los enlutados, y, mal ferido, dio con \u00e9l en tierra; y, revolvi\u00e9ndose por los dem\u00e1s, era cosa de ver con la presteza que los acomet\u00eda y desbarataba; que no parec\u00eda sino que en aquel instante le hab\u00edan nacido alas a Rocinante, seg\u00fan andaba de ligero y orgulloso.<\/p>\n<p>Todos los encamisados era gente medrosa y sin armas, y as\u00ed, con facilidad, en un momento dejaron la refriega y comenzaron a correr por aquel campo con las hachas encendidas, que no parec\u00edan sino a los de las m\u00e1scaras que en noche de regocijo y fiesta corren. Los enlutados, asimesmo, revueltos y envueltos en sus faldamentos y lobas, no se pod\u00edan mover; as\u00ed que, muy a su salvo, don Quijote los apale\u00f3 a todos y les hizo dejar el sitio mal de su grado, porque todos pensaron que aqu\u00e9l no era hombre, sino diablo del infierno que les sal\u00eda a quitar el cuerpo muerto que en la litera llevaban.<\/p>\n<p>Todo lo miraba Sancho, admirado del ardimiento de su se\u00f1or, y dec\u00eda entre s\u00ed:<\/p>\n<p>-Sin duda este mi amo es tan valiente y esforzado como \u00e9l dice.<\/p>\n<p>Estaba una hacha ardiendo en el suelo, junto al primero que derrib\u00f3 la mula, a cuya luz le pudo ver don Quijote; y, lleg\u00e1ndose a \u00e9l, le puso la punta del lanz\u00f3n en el rostro, dici\u00e9ndole que se rindiese; si no, que le matar\u00eda. A lo cual respondi\u00f3 el ca\u00eddo:<\/p>\n<p>-Harto rendido estoy, pues no me puedo mover, que tengo una pierna quebrada; suplico a vuestra merced, si es caballero cristiano, que no me mate; que cometer\u00e1 un gran sacrilegio, que soy licenciado y tengo las primeras \u00f3rdenes.<\/p>\n<p>-Pues, \u00bfqui\u00e9n diablos os ha tra\u00eddo aqu\u00ed -dijo don Quijote-, siendo hombre de Iglesia?<\/p>\n<p>-\u00bfQui\u00e9n, se\u00f1or? -replic\u00f3 el ca\u00eddo-: mi desventura.<\/p>\n<p>-Pues otra mayor os amenaza -dijo don Quijote-, si no me satisfac\u00e9is a todo cuanto primero os pregunt\u00e9.<\/p>\n<p>-Con facilidad ser\u00e1 vuestra merced satisfecho -respondi\u00f3 el licenciado-; y as\u00ed, sabr\u00e1 vuestra merced que, aunque denantes dije que yo era licenciado, no soy sino bachiller, y ll\u00e1mome Alonso L\u00f3pez; soy natural de Alcobendas; vengo de la ciudad de Baeza con otros once sacerdotes, que son los que huyeron con las hachas; vamos a la ciudad de Segovia acompa\u00f1ando un cuerpo muerto, que va en aquella litera, que es de un caballero que muri\u00f3 en Baeza, donde fue depositado; y ahora, como digo, llev\u00e1bamos sus huesos a su sepultura, que est\u00e1 en Segovia, de donde es natural.<\/p>\n<p>-\u00bfY qui\u00e9n le mat\u00f3? -pregunt\u00f3 don Quijote.<\/p>\n<p>-Dios, por medio de unas calenturas pestilentes que le dieron -respondi\u00f3 el bachiller.<\/p>\n<p>-Desa suerte -dijo don Quijote-, quitado me ha Nuestro Se\u00f1or del trabajo que hab\u00eda de tomar en vengar su muerte si otro alguno le hubiera muerto; pero, habi\u00e9ndole muerto quien le mat\u00f3, no hay sino callar y encoger los hombros, porque lo mesmo hiciera si a m\u00ed mismo me matara. Y quiero que sepa vuestra reverencia que yo soy un caballero de la Mancha, llamado don Quijote, y es mi oficio y ejercicio andar por el mundo enderezando tuertos y desfaciendo agravios.<\/p>\n<p>-No s\u00e9 c\u00f3mo pueda ser eso de enderezar tuertos -dijo el bachiller-, pues a m\u00ed de derecho me hab\u00e9is vuelto tuerto, dej\u00e1ndome una pierna quebrada, la cual no se ver\u00e1 derecha en todos los d\u00edas de su vida; y el agravio que en m\u00ed hab\u00e9is deshecho ha sido dejarme agraviado de manera que me quedar\u00e9 agraviado para siempre; y harta desventura ha sido topar con vos, que vais buscando aventuras.<\/p>\n<p>-No todas las cosas -respondi\u00f3 don Quijote- suceden de un mismo modo. El da\u00f1o estuvo, se\u00f1or bachiller Alonso L\u00f3pez, en venir, como ven\u00edades, de noche, vestidos con aquellas sobrepellices, con las hachas encendidas, rezando, cubiertos de luto, que propiamente semej\u00e1bades cosa mala y del otro mundo; y as\u00ed, yo no pude dejar de cumplir con mi obligaci\u00f3n acometi\u00e9ndoos, y os acometiera aunque verdaderamente supiera que \u00e9rades los memos satanases del infierno, que por tales os juzgu\u00e9 y tuve siempre.<\/p>\n<p>-Ya que as\u00ed lo ha querido mi suerte -dijo el bachiller-, suplico a vuestra merced, se\u00f1or caballero andante (que tan mala andanza me ha dado), me ayude a salir de debajo desta mula, que me tiene tomada una pierna entre el estribo y la silla.<\/p>\n<p>-\u00a1Hablara yo para ma\u00f1ana! -dijo don Quijote-. Y \u00bfhasta cu\u00e1ndo aguard\u00e1bades a decirme vuestro af\u00e1n?<\/p>\n<p>Dio luego voces a Sancho Panza que viniese; pero \u00e9l no se cur\u00f3 de venir, porque andaba ocupado desvalijando una ac\u00e9mila de repuesto que tra\u00edan aquellos buenos se\u00f1ores, bien bastecida de cosas de comer. Hizo Sancho costal de su gab\u00e1n, y, recogiendo todo lo que pudo y cupo en el talego, carg\u00f3 su jumento, y luego acudi\u00f3 a las voces de su amo y ayud\u00f3 a sacar al se\u00f1or bachiller de la opresi\u00f3n de la mula; y, poni\u00e9ndole encima della, le dio la hacha, y don Quijote le dijo que siguiese la derrota de sus compa\u00f1eros, a quien de su parte pidiese perd\u00f3n del agravio, que no hab\u00eda sido en su mano dejar de haberle hecho. D\u00edjole tambi\u00e9n Sancho:<\/p>\n<p>-Si acaso quisieren saber esos se\u00f1ores qui\u00e9n ha sido el valeroso que tales los puso, dir\u00e1les vuestra merced que es el famoso don Quijote de la Mancha, que por otro nombre se llama el Caballero de la Triste Figura.<\/p>\n<p>Con esto, se fue el bachiller; y don Quijote pregunt\u00f3 a Sancho que qu\u00e9 le hab\u00eda movido a llamarle el Caballero de la Triste Figura, m\u00e1s entonces que nunca.<\/p>\n<p>-Yo se lo dir\u00e9 -respondi\u00f3 Sancho-: porque le he estado mirando un rato a la luz de aquella hacha que lleva aquel malandante, y verdaderamente tiene vuestra merced la m\u00e1s mala figura, de poco ac\u00e1, que jam\u00e1s he visto; y d\u00e9belo de haber causado, o ya el cansancio deste combate, o ya la falta de las muelas y dientes.<\/p>\n<p>-No es eso -respondi\u00f3 don Quijote-, sino que el sabio, a cuyo cargo debe de estar el escribir la historia de mis haza\u00f1as, le habr\u00e1 parecido que ser\u00e1 bien que yo tome alg\u00fan nombre apelativo, como lo tomaban todos los caballeros pasados: cu\u00e1l se llamaba el de la Ardiente Espada; cu\u00e1l, el del Unicornio; aquel, de las Doncellas; aqu\u00e9ste, el del Ave F\u00e9nix; el otro, el Caballero del Grifo; estotro, el de la Muerte; y por estos nombres e insignias eran conocidos por toda la redondez de la tierra. Y as\u00ed, digo que el sabio ya dicho te habr\u00e1 puesto en la lengua y en el pensamiento ahora que me llamases el Caballero de la Triste Figura, como pienso llamarme desde hoy en adelante; y, para que mejor me cuadre tal nombre, determino de hacer pintar, cuando haya lugar, en mi escudo una muy triste figura.<\/p>\n<p>-No hay para qu\u00e9 gastar tiempo y dineros en hacer esa figura -dijo Sancho-, sino lo que se ha de hacer es que vuestra merced descubra la suya y d\u00e9 rostro a los que le miraren; que, sin m\u00e1s ni m\u00e1s, y sin otra imagen ni escudo, le llamar\u00e1n el de la Triste Figura; y cr\u00e9ame que le digo verdad, porque le prometo a vuestra merced, se\u00f1or, y esto sea dicho en burlas, que le hace tan mala cara la hambre y la falta de las muelas, que, como ya tengo dicho, se podr\u00e1 muy bien escusar la triste pintura.<\/p>\n<p>Ri\u00f3se don Quijote del donaire de Sancho, pero, con todo, propuso de llamarse de aquel nombre en pudiendo pintar su escudo, o rodela, como hab\u00eda imaginado.<\/p>\n<p>En esto volvi\u00f3 el bachiller y le dijo a don Quijote:<\/p>\n<p>-Olvid\u00e1baseme de decir que advierta vuestra merced que queda descomulgado por haber puesto las manos violentamente en cosa sagrada: juxta illud: Si quis suadente diabolo, etc.<\/p>\n<p>-No entiendo ese lat\u00edn -respondi\u00f3 don Quijote-, mas yo s\u00e9 bien que no puse las manos, sino este lanz\u00f3n; cuanto m\u00e1s, que yo no pens\u00e9 que ofend\u00eda a sacerdotes ni a cosas de la Iglesia, a quien respeto y adoro como cat\u00f3lico y fiel cristiano que soy, sino a fantasmas y a vestiglos del otro mundo; y, cuando eso as\u00ed fuese, en la memoria tengo lo que le pas\u00f3 al Cid Ruy D\u00edaz, cuando quebr\u00f3 la silla del embajador de aquel rey delante de Su Santidad del Papa, por lo cual lo descomulg\u00f3, y anduvo aquel d\u00eda el buen Rodrigo de Vivar como muy honrado y valiente caballero.<\/p>\n<p>En oyendo esto el bachiller, se fue, como queda dicho, sin replicarle palabra. Quisiera don Quijote mirar si el cuerpo que ven\u00eda en la litera eran huesos o no, pero no lo consinti\u00f3 Sancho, dici\u00e9ndole:<\/p>\n<p>-Se\u00f1or, vuestra merced ha acabado esta peligrosa aventura lo m\u00e1s a su salvo de todas las que yo he visto; esta gente, aunque vencida y desbaratada, podr\u00eda ser que cayese en la cuenta de que los venci\u00f3 sola una persona, y, corridos y avergonzados desto, volviesen a rehacerse y a buscarnos, y nos diesen en qu\u00e9 entender. El jumento est\u00e1 como conviene, la monta\u00f1a cerca, la hambre carga, no hay que hacer sino retirarnos con gentil comp\u00e1s de pies, y, como dicen, v\u00e1yase el muerto a la sepultura y el vivo a la hogaza.<\/p>\n<p>Y, antecogiendo su asno, rog\u00f3 a su se\u00f1or que le siguiese; el cual, pareci\u00e9ndole que Sancho ten\u00eda raz\u00f3n, sin volverle a replicar, le sigui\u00f3. Y, a poco trecho que caminaban por entre dos monta\u00f1uelas, se hallaron en un espacioso y escondido valle, donde se apearon; y Sancho alivi\u00f3 el jumento, y, tendidos sobre la verde yerba, con la salsa de su hambre, almorzaron, comieron, merendaron y cenaron a un mesmo punto, satisfaciendo sus est\u00f3magos con m\u00e1s de una fiambrera que los se\u00f1ores cl\u00e9rigos del difunto -que pocas veces se dejan mal pasar- en la ac\u00e9mila de su repuesto tra\u00edan.<\/p>\n<p>Mas sucedi\u00f3les otra desgracia, que Sancho la tuvo por la peor de todas, y fue que no ten\u00edan vino que beber, ni aun agua que llegar a la boca; y, acosados de la sed, dijo Sancho, viendo que el prado donde estaban estaba colmado de verde y menuda yerba, lo que se dir\u00e1 en el siguiente cap\u00edtulo.<\/p>\n","protected":false},"excerpt":{"rendered":"<p>Primera parte CAP\u00cdTULO XIX De las discretas razones que Sancho pasaba con su amo, y de la aventura que le sucedi\u00f3 con un cuerpo muerto, con otros acontecimientos famosos -Par\u00e9ceme, se\u00f1or m\u00edo, que todas estas desventuras que estos d\u00edas nos han sucedido, sin duda alguna han sido pena del pecado\u2026<\/p>\n<p class=\"continue-reading-button\"> <a class=\"continue-reading-link\" href=\"https:\/\/natureduca.com\/culturblog\/don-quijote-de-la-mancha-primera-parte-capitulo-xix-de-lii-miguel-de-cervantes-saavedra\/\">Seguir leyendo&#8230;<i class=\"crycon-right-dir\"><\/i><\/a><\/p>\n","protected":false},"author":75,"featured_media":0,"comment_status":"open","ping_status":"open","sticky":false,"template":"","format":"standard","meta":{"rop_custom_images_group":[],"rop_custom_messages_group":[],"rop_publish_now":"initial","rop_publish_now_accounts":{"twitter_226634691_226634691":""},"rop_publish_now_history":[],"rop_publish_now_status":"pending","_uag_custom_page_level_css":"","footnotes":""},"categories":[5,1109],"tags":[1016,1012,2685,2687,1053,1017,1052,1060,1149,1165,2686,1466,1057,2684,2683,1025,1033],"class_list":["post-1052","post","type-post","status-publish","format-standard","hentry","category-literatura","category-textos-literarios","tag-arte","tag-ave","tag-capitulo","tag-cervantes","tag-dinero","tag-historia","tag-iglesia","tag-lengua","tag-libros-2","tag-mancha","tag-miguel","tag-parte","tag-pensamiento","tag-primera","tag-quijote","tag-rosa","tag-vino"],"yoast_head":"<!-- This site is optimized with the Yoast SEO plugin v27.4 - https:\/\/yoast.com\/product\/yoast-seo-wordpress\/ -->\n<title>&quot;Don Quijote de La Mancha&quot; (Primera parte - cap\u00edtulo XIX de LII) [Miguel de Cervantes Saavedra] - Blog Cultureduca educativa<\/title>\n<meta name=\"description\" content=\"&quot;Don Quijote de La Mancha&quot; (Primera parte - cap\u00edtulo XIX de LII) [Miguel de Cervantes Saavedra] - Blog Cultureduca educativa -\" \/>\n<meta name=\"robots\" content=\"index, follow, max-snippet:-1, max-image-preview:large, max-video-preview:-1\" \/>\n<link rel=\"canonical\" href=\"https:\/\/natureduca.com\/culturblog\/don-quijote-de-la-mancha-primera-parte-capitulo-xix-de-lii-miguel-de-cervantes-saavedra\/\" \/>\n<meta property=\"og:locale\" content=\"es_ES\" \/>\n<meta property=\"og:type\" content=\"article\" \/>\n<meta property=\"og:title\" content=\"&quot;Don Quijote de La Mancha&quot; (Primera parte - cap\u00edtulo XIX de LII) [Miguel de Cervantes Saavedra] - Blog Cultureduca educativa\" \/>\n<meta property=\"og:description\" content=\"&quot;Don Quijote de La Mancha&quot; (Primera parte - cap\u00edtulo XIX de LII) [Miguel de Cervantes Saavedra] - Blog Cultureduca educativa -\" \/>\n<meta property=\"og:url\" content=\"https:\/\/natureduca.com\/culturblog\/don-quijote-de-la-mancha-primera-parte-capitulo-xix-de-lii-miguel-de-cervantes-saavedra\/\" \/>\n<meta property=\"og:site_name\" content=\"Blog Cultureduca educativa\" \/>\n<meta property=\"article:publisher\" content=\"https:\/\/www.facebook.com\/groups\/cultureduca\/\" \/>\n<meta property=\"article:published_time\" content=\"2010-12-17T17:59:50+00:00\" \/>\n<meta property=\"article:modified_time\" content=\"2018-12-22T01:12:37+00:00\" \/>\n<meta property=\"og:image\" content=\"https:\/\/natureduca.com\/culturblog\/wp-content\/uploads\/cropped-cabecera-culturblog.jpg\" \/>\n\t<meta property=\"og:image:width\" content=\"1200\" \/>\n\t<meta property=\"og:image:height\" content=\"120\" \/>\n\t<meta property=\"og:image:type\" content=\"image\/jpeg\" \/>\n<meta name=\"author\" content=\"Admin\" \/>\n<meta name=\"twitter:label1\" content=\"Escrito por\" \/>\n\t<meta name=\"twitter:data1\" content=\"Admin\" \/>\n\t<meta name=\"twitter:label2\" content=\"Tiempo de lectura\" \/>\n\t<meta name=\"twitter:data2\" content=\"15 minutos\" \/>\n<script type=\"application\/ld+json\" class=\"yoast-schema-graph\">{\"@context\":\"https:\\\/\\\/schema.org\",\"@graph\":[{\"@type\":\"Article\",\"@id\":\"https:\\\/\\\/natureduca.com\\\/culturblog\\\/don-quijote-de-la-mancha-primera-parte-capitulo-xix-de-lii-miguel-de-cervantes-saavedra\\\/#article\",\"isPartOf\":{\"@id\":\"https:\\\/\\\/natureduca.com\\\/culturblog\\\/don-quijote-de-la-mancha-primera-parte-capitulo-xix-de-lii-miguel-de-cervantes-saavedra\\\/\"},\"author\":{\"name\":\"Admin\",\"@id\":\"https:\\\/\\\/natureduca.com\\\/culturblog\\\/#\\\/schema\\\/person\\\/2ede2c4f1845fa2eef27442aa5aa7200\"},\"headline\":\"\u00abDon Quijote de La Mancha\u00bb (Primera parte &#8211; cap\u00edtulo XIX de LII) [Miguel de Cervantes Saavedra]\",\"datePublished\":\"2010-12-17T17:59:50+00:00\",\"dateModified\":\"2018-12-22T01:12:37+00:00\",\"mainEntityOfPage\":{\"@id\":\"https:\\\/\\\/natureduca.com\\\/culturblog\\\/don-quijote-de-la-mancha-primera-parte-capitulo-xix-de-lii-miguel-de-cervantes-saavedra\\\/\"},\"wordCount\":2967,\"commentCount\":0,\"publisher\":{\"@id\":\"https:\\\/\\\/natureduca.com\\\/culturblog\\\/#organization\"},\"keywords\":[\"arte\",\"ave\",\"capitulo\",\"cervantes\",\"dinero\",\"historia\",\"iglesia\",\"lengua\",\"libros\",\"mancha\",\"miguel\",\"parte\",\"pensamiento\",\"primera\",\"quijote\",\"rosa\",\"vino\"],\"articleSection\":[\"Literatura \\\/ Po\u00e9tica\",\"Textos literarios\"],\"inLanguage\":\"es\",\"potentialAction\":[{\"@type\":\"CommentAction\",\"name\":\"Comment\",\"target\":[\"https:\\\/\\\/natureduca.com\\\/culturblog\\\/don-quijote-de-la-mancha-primera-parte-capitulo-xix-de-lii-miguel-de-cervantes-saavedra\\\/#respond\"]}]},{\"@type\":\"WebPage\",\"@id\":\"https:\\\/\\\/natureduca.com\\\/culturblog\\\/don-quijote-de-la-mancha-primera-parte-capitulo-xix-de-lii-miguel-de-cervantes-saavedra\\\/\",\"url\":\"https:\\\/\\\/natureduca.com\\\/culturblog\\\/don-quijote-de-la-mancha-primera-parte-capitulo-xix-de-lii-miguel-de-cervantes-saavedra\\\/\",\"name\":\"\\\"Don Quijote de La Mancha\\\" (Primera parte - cap\u00edtulo XIX de LII) [Miguel de Cervantes Saavedra] - Blog Cultureduca educativa\",\"isPartOf\":{\"@id\":\"https:\\\/\\\/natureduca.com\\\/culturblog\\\/#website\"},\"datePublished\":\"2010-12-17T17:59:50+00:00\",\"dateModified\":\"2018-12-22T01:12:37+00:00\",\"description\":\"\\\"Don Quijote de La Mancha\\\" (Primera parte - cap\u00edtulo XIX de LII) [Miguel de Cervantes Saavedra] - Blog Cultureduca educativa -\",\"breadcrumb\":{\"@id\":\"https:\\\/\\\/natureduca.com\\\/culturblog\\\/don-quijote-de-la-mancha-primera-parte-capitulo-xix-de-lii-miguel-de-cervantes-saavedra\\\/#breadcrumb\"},\"inLanguage\":\"es\",\"potentialAction\":[{\"@type\":\"ReadAction\",\"target\":[\"https:\\\/\\\/natureduca.com\\\/culturblog\\\/don-quijote-de-la-mancha-primera-parte-capitulo-xix-de-lii-miguel-de-cervantes-saavedra\\\/\"]}]},{\"@type\":\"BreadcrumbList\",\"@id\":\"https:\\\/\\\/natureduca.com\\\/culturblog\\\/don-quijote-de-la-mancha-primera-parte-capitulo-xix-de-lii-miguel-de-cervantes-saavedra\\\/#breadcrumb\",\"itemListElement\":[{\"@type\":\"ListItem\",\"position\":1,\"name\":\"Portada\",\"item\":\"https:\\\/\\\/natureduca.com\\\/culturblog\\\/\"},{\"@type\":\"ListItem\",\"position\":2,\"name\":\"\u00abDon Quijote de La Mancha\u00bb (Primera parte &#8211; cap\u00edtulo XIX de LII) [Miguel de Cervantes Saavedra]\"}]},{\"@type\":\"WebSite\",\"@id\":\"https:\\\/\\\/natureduca.com\\\/culturblog\\\/#website\",\"url\":\"https:\\\/\\\/natureduca.com\\\/culturblog\\\/\",\"name\":\"Blog Cultureduca\",\"description\":\"Blog educativo de las Letras y las Artes Pl\u00e1sticas y Est\u00e9ticas\",\"publisher\":{\"@id\":\"https:\\\/\\\/natureduca.com\\\/culturblog\\\/#organization\"},\"alternateName\":\"Blog Cultura educativa\",\"potentialAction\":[{\"@type\":\"SearchAction\",\"target\":{\"@type\":\"EntryPoint\",\"urlTemplate\":\"https:\\\/\\\/natureduca.com\\\/culturblog\\\/?s={search_term_string}\"},\"query-input\":{\"@type\":\"PropertyValueSpecification\",\"valueRequired\":true,\"valueName\":\"search_term_string\"}}],\"inLanguage\":\"es\"},{\"@type\":\"Organization\",\"@id\":\"https:\\\/\\\/natureduca.com\\\/culturblog\\\/#organization\",\"name\":\"ASOCAE\",\"alternateName\":\"Asociaci\u00f3n para la Cultura, el Arte y la Educaci\u00f3n\",\"url\":\"https:\\\/\\\/natureduca.com\\\/culturblog\\\/\",\"logo\":{\"@type\":\"ImageObject\",\"inLanguage\":\"es\",\"@id\":\"https:\\\/\\\/natureduca.com\\\/culturblog\\\/#\\\/schema\\\/logo\\\/image\\\/\",\"url\":\"https:\\\/\\\/natureduca.com\\\/culturblog\\\/wp-content\\\/uploads\\\/cultureduca_ico_cab.png\",\"contentUrl\":\"https:\\\/\\\/natureduca.com\\\/culturblog\\\/wp-content\\\/uploads\\\/cultureduca_ico_cab.png\",\"width\":22,\"height\":24,\"caption\":\"ASOCAE\"},\"image\":{\"@id\":\"https:\\\/\\\/natureduca.com\\\/culturblog\\\/#\\\/schema\\\/logo\\\/image\\\/\"},\"sameAs\":[\"https:\\\/\\\/www.facebook.com\\\/groups\\\/cultureduca\\\/\",\"https:\\\/\\\/x.com\\\/Cultureduca\"]},{\"@type\":\"Person\",\"@id\":\"https:\\\/\\\/natureduca.com\\\/culturblog\\\/#\\\/schema\\\/person\\\/2ede2c4f1845fa2eef27442aa5aa7200\",\"name\":\"Admin\",\"image\":{\"@type\":\"ImageObject\",\"inLanguage\":\"es\",\"@id\":\"https:\\\/\\\/secure.gravatar.com\\\/avatar\\\/808463f89cd51ccc00a865855b3a170f21d55c755eeccab37eef1fb553f48899?s=96&d=monsterid&r=g\",\"url\":\"https:\\\/\\\/secure.gravatar.com\\\/avatar\\\/808463f89cd51ccc00a865855b3a170f21d55c755eeccab37eef1fb553f48899?s=96&d=monsterid&r=g\",\"contentUrl\":\"https:\\\/\\\/secure.gravatar.com\\\/avatar\\\/808463f89cd51ccc00a865855b3a170f21d55c755eeccab37eef1fb553f48899?s=96&d=monsterid&r=g\",\"caption\":\"Admin\"},\"url\":\"https:\\\/\\\/natureduca.com\\\/culturblog\\\/author\\\/jefe\\\/\"}]}<\/script>\n<!-- \/ Yoast SEO plugin. -->","yoast_head_json":{"title":"\"Don Quijote de La Mancha\" (Primera parte - cap\u00edtulo XIX de LII) [Miguel de Cervantes Saavedra] - Blog Cultureduca educativa","description":"\"Don Quijote de La Mancha\" (Primera parte - cap\u00edtulo XIX de LII) [Miguel de Cervantes Saavedra] - Blog Cultureduca educativa -","robots":{"index":"index","follow":"follow","max-snippet":"max-snippet:-1","max-image-preview":"max-image-preview:large","max-video-preview":"max-video-preview:-1"},"canonical":"https:\/\/natureduca.com\/culturblog\/don-quijote-de-la-mancha-primera-parte-capitulo-xix-de-lii-miguel-de-cervantes-saavedra\/","og_locale":"es_ES","og_type":"article","og_title":"\"Don Quijote de La Mancha\" (Primera parte - cap\u00edtulo XIX de LII) [Miguel de Cervantes Saavedra] - Blog Cultureduca educativa","og_description":"\"Don Quijote de La Mancha\" (Primera parte - cap\u00edtulo XIX de LII) [Miguel de Cervantes Saavedra] - Blog Cultureduca educativa -","og_url":"https:\/\/natureduca.com\/culturblog\/don-quijote-de-la-mancha-primera-parte-capitulo-xix-de-lii-miguel-de-cervantes-saavedra\/","og_site_name":"Blog Cultureduca educativa","article_publisher":"https:\/\/www.facebook.com\/groups\/cultureduca\/","article_published_time":"2010-12-17T17:59:50+00:00","article_modified_time":"2018-12-22T01:12:37+00:00","og_image":[{"width":1200,"height":120,"url":"https:\/\/natureduca.com\/culturblog\/wp-content\/uploads\/cropped-cabecera-culturblog.jpg","type":"image\/jpeg"}],"author":"Admin","twitter_misc":{"Escrito por":"Admin","Tiempo de lectura":"15 minutos"},"schema":{"@context":"https:\/\/schema.org","@graph":[{"@type":"Article","@id":"https:\/\/natureduca.com\/culturblog\/don-quijote-de-la-mancha-primera-parte-capitulo-xix-de-lii-miguel-de-cervantes-saavedra\/#article","isPartOf":{"@id":"https:\/\/natureduca.com\/culturblog\/don-quijote-de-la-mancha-primera-parte-capitulo-xix-de-lii-miguel-de-cervantes-saavedra\/"},"author":{"name":"Admin","@id":"https:\/\/natureduca.com\/culturblog\/#\/schema\/person\/2ede2c4f1845fa2eef27442aa5aa7200"},"headline":"\u00abDon Quijote de La Mancha\u00bb (Primera parte &#8211; cap\u00edtulo XIX de LII) [Miguel de Cervantes Saavedra]","datePublished":"2010-12-17T17:59:50+00:00","dateModified":"2018-12-22T01:12:37+00:00","mainEntityOfPage":{"@id":"https:\/\/natureduca.com\/culturblog\/don-quijote-de-la-mancha-primera-parte-capitulo-xix-de-lii-miguel-de-cervantes-saavedra\/"},"wordCount":2967,"commentCount":0,"publisher":{"@id":"https:\/\/natureduca.com\/culturblog\/#organization"},"keywords":["arte","ave","capitulo","cervantes","dinero","historia","iglesia","lengua","libros","mancha","miguel","parte","pensamiento","primera","quijote","rosa","vino"],"articleSection":["Literatura \/ Po\u00e9tica","Textos literarios"],"inLanguage":"es","potentialAction":[{"@type":"CommentAction","name":"Comment","target":["https:\/\/natureduca.com\/culturblog\/don-quijote-de-la-mancha-primera-parte-capitulo-xix-de-lii-miguel-de-cervantes-saavedra\/#respond"]}]},{"@type":"WebPage","@id":"https:\/\/natureduca.com\/culturblog\/don-quijote-de-la-mancha-primera-parte-capitulo-xix-de-lii-miguel-de-cervantes-saavedra\/","url":"https:\/\/natureduca.com\/culturblog\/don-quijote-de-la-mancha-primera-parte-capitulo-xix-de-lii-miguel-de-cervantes-saavedra\/","name":"\"Don Quijote de La Mancha\" (Primera parte - cap\u00edtulo XIX de LII) [Miguel de Cervantes Saavedra] - Blog Cultureduca educativa","isPartOf":{"@id":"https:\/\/natureduca.com\/culturblog\/#website"},"datePublished":"2010-12-17T17:59:50+00:00","dateModified":"2018-12-22T01:12:37+00:00","description":"\"Don Quijote de La Mancha\" (Primera parte - cap\u00edtulo XIX de LII) [Miguel de Cervantes Saavedra] - Blog Cultureduca educativa -","breadcrumb":{"@id":"https:\/\/natureduca.com\/culturblog\/don-quijote-de-la-mancha-primera-parte-capitulo-xix-de-lii-miguel-de-cervantes-saavedra\/#breadcrumb"},"inLanguage":"es","potentialAction":[{"@type":"ReadAction","target":["https:\/\/natureduca.com\/culturblog\/don-quijote-de-la-mancha-primera-parte-capitulo-xix-de-lii-miguel-de-cervantes-saavedra\/"]}]},{"@type":"BreadcrumbList","@id":"https:\/\/natureduca.com\/culturblog\/don-quijote-de-la-mancha-primera-parte-capitulo-xix-de-lii-miguel-de-cervantes-saavedra\/#breadcrumb","itemListElement":[{"@type":"ListItem","position":1,"name":"Portada","item":"https:\/\/natureduca.com\/culturblog\/"},{"@type":"ListItem","position":2,"name":"\u00abDon Quijote de La Mancha\u00bb (Primera parte &#8211; cap\u00edtulo XIX de LII) [Miguel de Cervantes Saavedra]"}]},{"@type":"WebSite","@id":"https:\/\/natureduca.com\/culturblog\/#website","url":"https:\/\/natureduca.com\/culturblog\/","name":"Blog Cultureduca","description":"Blog educativo de las Letras y las Artes Pl\u00e1sticas y Est\u00e9ticas","publisher":{"@id":"https:\/\/natureduca.com\/culturblog\/#organization"},"alternateName":"Blog Cultura educativa","potentialAction":[{"@type":"SearchAction","target":{"@type":"EntryPoint","urlTemplate":"https:\/\/natureduca.com\/culturblog\/?s={search_term_string}"},"query-input":{"@type":"PropertyValueSpecification","valueRequired":true,"valueName":"search_term_string"}}],"inLanguage":"es"},{"@type":"Organization","@id":"https:\/\/natureduca.com\/culturblog\/#organization","name":"ASOCAE","alternateName":"Asociaci\u00f3n para la Cultura, el Arte y la Educaci\u00f3n","url":"https:\/\/natureduca.com\/culturblog\/","logo":{"@type":"ImageObject","inLanguage":"es","@id":"https:\/\/natureduca.com\/culturblog\/#\/schema\/logo\/image\/","url":"https:\/\/natureduca.com\/culturblog\/wp-content\/uploads\/cultureduca_ico_cab.png","contentUrl":"https:\/\/natureduca.com\/culturblog\/wp-content\/uploads\/cultureduca_ico_cab.png","width":22,"height":24,"caption":"ASOCAE"},"image":{"@id":"https:\/\/natureduca.com\/culturblog\/#\/schema\/logo\/image\/"},"sameAs":["https:\/\/www.facebook.com\/groups\/cultureduca\/","https:\/\/x.com\/Cultureduca"]},{"@type":"Person","@id":"https:\/\/natureduca.com\/culturblog\/#\/schema\/person\/2ede2c4f1845fa2eef27442aa5aa7200","name":"Admin","image":{"@type":"ImageObject","inLanguage":"es","@id":"https:\/\/secure.gravatar.com\/avatar\/808463f89cd51ccc00a865855b3a170f21d55c755eeccab37eef1fb553f48899?s=96&d=monsterid&r=g","url":"https:\/\/secure.gravatar.com\/avatar\/808463f89cd51ccc00a865855b3a170f21d55c755eeccab37eef1fb553f48899?s=96&d=monsterid&r=g","contentUrl":"https:\/\/secure.gravatar.com\/avatar\/808463f89cd51ccc00a865855b3a170f21d55c755eeccab37eef1fb553f48899?s=96&d=monsterid&r=g","caption":"Admin"},"url":"https:\/\/natureduca.com\/culturblog\/author\/jefe\/"}]}},"featured_image_src":null,"featured_image_src_square":null,"author_info":{"display_name":"Admin","author_link":"https:\/\/natureduca.com\/culturblog\/author\/jefe\/"},"uagb_featured_image_src":{"full":false,"thumbnail":false,"medium":false,"medium_large":false,"large":false,"1536x1536":false,"2048x2048":false,"custom":false,"gb-block-post-grid-landscape":false,"gb-block-post-grid-square":false,"post-thumbnail":false,"header":false,"slider":false,"columns":false},"uagb_author_info":{"display_name":"Admin","author_link":"https:\/\/natureduca.com\/culturblog\/author\/jefe\/"},"uagb_comment_info":0,"uagb_excerpt":"Primera parte CAP\u00cdTULO XIX De las discretas razones que Sancho pasaba con su amo, y de la aventura que le sucedi\u00f3 con un cuerpo muerto, con otros acontecimientos famosos -Par\u00e9ceme, se\u00f1or m\u00edo, que todas estas desventuras que estos d\u00edas nos han sucedido, sin duda alguna han sido pena del pecado\u2026 Seguir leyendo...","amp_enabled":true,"_links":{"self":[{"href":"https:\/\/natureduca.com\/culturblog\/wp-json\/wp\/v2\/posts\/1052","targetHints":{"allow":["GET"]}}],"collection":[{"href":"https:\/\/natureduca.com\/culturblog\/wp-json\/wp\/v2\/posts"}],"about":[{"href":"https:\/\/natureduca.com\/culturblog\/wp-json\/wp\/v2\/types\/post"}],"author":[{"embeddable":true,"href":"https:\/\/natureduca.com\/culturblog\/wp-json\/wp\/v2\/users\/75"}],"replies":[{"embeddable":true,"href":"https:\/\/natureduca.com\/culturblog\/wp-json\/wp\/v2\/comments?post=1052"}],"version-history":[{"count":0,"href":"https:\/\/natureduca.com\/culturblog\/wp-json\/wp\/v2\/posts\/1052\/revisions"}],"wp:attachment":[{"href":"https:\/\/natureduca.com\/culturblog\/wp-json\/wp\/v2\/media?parent=1052"}],"wp:term":[{"taxonomy":"category","embeddable":true,"href":"https:\/\/natureduca.com\/culturblog\/wp-json\/wp\/v2\/categories?post=1052"},{"taxonomy":"post_tag","embeddable":true,"href":"https:\/\/natureduca.com\/culturblog\/wp-json\/wp\/v2\/tags?post=1052"}],"curies":[{"name":"wp","href":"https:\/\/api.w.org\/{rel}","templated":true}]}}