{"id":1035,"date":"2010-12-17T19:43:40","date_gmt":"2010-12-17T17:43:40","guid":{"rendered":"http:\/\/www.cultureduca.com\/blog\/?p=1035"},"modified":"2018-12-22T03:12:36","modified_gmt":"2018-12-22T01:12:36","slug":"don-quijote-de-la-mancha-primera-parte-capitulo-v-de-lii-miguel-de-cervantes-saavedra","status":"publish","type":"post","link":"https:\/\/natureduca.com\/culturblog\/don-quijote-de-la-mancha-primera-parte-capitulo-v-de-lii-miguel-de-cervantes-saavedra\/","title":{"rendered":"\u00abDon Quijote de La Mancha\u00bb (Primera parte &#8211; cap\u00edtulo V de LII) [Miguel de Cervantes Saavedra]"},"content":{"rendered":"<p>Primera parte<\/p>\n<p><strong>CAP\u00cdTULO V<\/strong><\/p>\n<p><strong>Donde se prosigue la narraci\u00f3n de la desgracia de nuestro caballero<\/strong><\/p>\n<p>Viendo, pues, que, en efeto, no pod\u00eda menearse, acord\u00f3 de acogerse a su ordinario remedio, que era pensar en alg\u00fan paso de sus libros; y tr\u00fajole su locura a la memoria aquel de Valdovinos y del marqu\u00e9s de Mantua, cuando Carloto le dej\u00f3 herido en la monti\u00f1a, historia sabida de los ni\u00f1os, no ignorada de los mozos, celebrada y aun cre\u00edda de los viejos; y, con todo esto, no m\u00e1s verdadera que los milagros de Mahoma. \u00c9sta, pues, le pareci\u00f3 a \u00e9l que le ven\u00eda de molde para el paso en que se hallaba; y as\u00ed, con muestras de grande sentimiento, se comenz\u00f3 a volcar por la tierra y a decir con debilitado aliento lo mesmo que dicen dec\u00eda el herido caballero del bosque:<\/p>\n<p>-\u00bfDonde est\u00e1s, se\u00f1ora m\u00eda, que no te duele mi mal? O no lo sabes, se\u00f1ora, o eres falsa y desleal.<\/p>\n<p>Y, desta manera, fue prosiguiendo el romance hasta aquellos versos que dicen:<\/p>\n<p>-\u00a1Oh noble marqu\u00e9s de Mantua, mi t\u00edo y se\u00f1or carnal!<\/p>\n<p>Y quiso la suerte que, cuando lleg\u00f3 a este verso, acert\u00f3 a pasar por all\u00ed un labrador de su mesmo lugar y vecino suyo, que ven\u00eda de llevar una carga de trigo al molino; el cual, viendo aquel hombre all\u00ed tendido, se lleg\u00f3 a \u00e9l y le pregunt\u00f3 que qui\u00e9n era y qu\u00e9 mal sent\u00eda que tan tristemente se quejaba. Don Quijote crey\u00f3, sin duda, que aqu\u00e9l era el marqu\u00e9s de Mantua, su t\u00edo; y as\u00ed, no le respondi\u00f3 otra cosa si no fue proseguir en su romance, donde le daba cuenta de su desgracia y de los amores del hijo del Emperante con su esposa, todo de la mesma manera que el romance lo canta.<\/p>\n<p>El labrador estaba admirado oyendo aquellos disparates; y, quit\u00e1ndole la visera, que ya estaba hecha pedazos de los palos, le limpi\u00f3 el rostro, que le ten\u00eda cubierto de polvo; y apenas le hubo limpiado, cuando le conoci\u00f3 y le dijo:<\/p>\n<p>-Se\u00f1or Quijana -que as\u00ed se deb\u00eda de llamar cuando \u00e9l ten\u00eda juicio y no hab\u00eda pasado de hidalgo sosegado a caballero andante-, \u00bfqui\u00e9n ha puesto a vuestra merced desta suerte?<\/p>\n<p>Pero \u00e9l segu\u00eda con su romance a cuanto le preguntaba. Viendo esto el buen hombre, lo mejor que pudo le quit\u00f3 el peto y espaldar, para ver si ten\u00eda alguna herida; pero no vio sangre ni se\u00f1al alguna. Procur\u00f3 levantarle del suelo, y no con poco trabajo le subi\u00f3 sobre su jumento, por parecer caballer\u00eda m\u00e1s sosegada. Recogi\u00f3 las armas, hasta las astillas de la lanza, y li\u00f3las sobre Rocinante, al cual tom\u00f3 de la rienda, y del cabestro al asno, y se encamin\u00f3 hacia su pueblo, bien pensativo de o\u00edr los disparates que don Quijote dec\u00eda; y no menos iba don Quijote, que, de puro molido y quebrantado, no se pod\u00eda tener sobre el borrico, y de cuando en cuando daba unos suspiros que los pon\u00eda en el cielo; de modo que de nuevo oblig\u00f3 a que el labrador le preguntase le dijese qu\u00e9 mal sent\u00eda; y no parece sino que el diablo le tra\u00eda a la memoria los cuentos acomodados a sus sucesos, porque, en aquel punto, olvid\u00e1ndose de Valdovinos, se acord\u00f3 del moro Abindarr\u00e1ez, cuando el alcaide de Antequera, Rodrigo de Narv\u00e1ez, le prendi\u00f3 y llev\u00f3 cautivo a su alcaid\u00eda. De suerte que, cuando el labrador le volvi\u00f3 a preguntar que c\u00f3mo estaba y qu\u00e9 sent\u00eda, le respondi\u00f3 las mesmas palabras y razones que el cautivo Abencerraje respond\u00eda a Rodrigo de Narv\u00e1ez, del mesmo modo que \u00e9l hab\u00eda le\u00eddo la historia en La Diana, de Jorge de Montemayor, donde se escribe; aprovech\u00e1ndose della tan a prop\u00f3sito, que el labrador se iba dando al diablo de o\u00edr tanta m\u00e1quina de necedades; por donde conoci\u00f3 que su vecino estaba loco, y d\u00e1bale priesa a llegar al pueblo, por escusar el enfado que don Quijote le causaba con su larga arenga. Al cabo de lo cual, dijo:<\/p>\n<p>-Sepa vuestra merced, se\u00f1or don Rodrigo de Narv\u00e1ez, que esta hermosa Jarifa que he dicho es ahora la linda Dulcinea del Toboso, por quien yo he hecho, hago y har\u00e9 los m\u00e1s famosos hechos de caballer\u00edas que se han visto, vean ni ver\u00e1n en el mundo.<\/p>\n<p>A esto respondi\u00f3 el labrador:<\/p>\n<p>-Mire vuestra merced, se\u00f1or, pecador de m\u00ed, que yo no soy don Rodrigo de Narv\u00e1ez, ni el marqu\u00e9s de Mantua, sino Pedro Alonso, su vecino; ni vuestra merced es Valdovinos, ni Abindarr\u00e1ez, sino el honrado hidalgo del se\u00f1or Quijana.<\/p>\n<p>-Yo s\u00e9 qui\u00e9n soy -respondi\u00f3 don Quijote-; y s\u00e9 que puedo ser no s\u00f3lo los que he dicho, sino todos los Doce Pares de Francia, y aun todos los Nueve de la Fama, pues a todas las haza\u00f1as que ellos todos juntos y cada uno por s\u00ed hicieron, se aventajar\u00e1n las m\u00edas.<\/p>\n<p>En estas pl\u00e1ticas y en otras semejantes, llegaron al lugar a la hora que anochec\u00eda, pero el labrador aguard\u00f3 a que fuese algo m\u00e1s noche, porque no viesen al molido hidalgo tan mal caballero. Llegada, pues, la hora que le pareci\u00f3, entr\u00f3 en el pueblo, y en la casa de don Quijote, la cual hall\u00f3 toda alborotada; y estaban en ella el cura y el barbero del lugar, que eran grandes amigos de don Quijote, que estaba dici\u00e9ndoles su ama a voces:<\/p>\n<p>-\u00bfQu\u00e9 le parece a vuestra merced, se\u00f1or licenciado Pero P\u00e9rez -que as\u00ed se llamaba el cura-, de la desgracia de mi se\u00f1or? Tres d\u00edas ha que no parecen \u00e9l, ni el roc\u00edn, ni la adarga, ni la lanza ni las armas. \u00a1Desventurada de m\u00ed!, que me doy a entender, y as\u00ed es ello la verdad como nac\u00ed para morir, que estos malditos libros de caballer\u00edas que \u00e9l tiene y suele leer tan de ordinario le han vuelto el juicio; que ahora me acuerdo haberle o\u00eddo decir muchas veces, hablando entre s\u00ed, que quer\u00eda hacerse caballero andante e irse a buscar las aventuras por esos mundos. Encomendados sean a Satan\u00e1s y a Barrab\u00e1s tales libros, que as\u00ed han echado a perder el m\u00e1s delicado entendimiento que hab\u00eda en toda la Mancha.<\/p>\n<p>La sobrina dec\u00eda lo mesmo, y aun dec\u00eda m\u00e1s:<\/p>\n<p>-Sepa, se\u00f1or maese Nicol\u00e1s -que \u00e9ste era el nombre del barbero-, que muchas veces le aconteci\u00f3 a mi se\u00f1or t\u00edo estarse leyendo en estos desalmados libros de desventuras dos d\u00edas con sus noches, al cabo de los cuales, arrojaba el libro de las manos, y pon\u00eda mano a la espada y andaba a cuchilladas con las paredes; y cuando estaba muy cansado, dec\u00eda que hab\u00eda muerto a cuatro gigantes como cuatro torres, y el sudor que sudaba del cansancio dec\u00eda que era sangre de las feridas que hab\u00eda recebido en la batalla; y beb\u00edase luego un gran jarro de agua fr\u00eda, y quedaba sano y sosegado, diciendo que aquella agua era una precios\u00edsima bebida que le hab\u00eda tra\u00eddo el sabio Esquife, un grande encantador y amigo suyo. Mas yo me tengo la culpa de todo, que no avis\u00e9 a vuestras mercedes de los disparates de mi se\u00f1or t\u00edo, para que lo remediaran antes de llegar a lo que ha llegado, y quemaran todos estos descomulgados libros, que tiene muchos, que bien merecen ser abrasados, como si fuesen de herejes.<\/p>\n<p>-Esto digo yo tambi\u00e9n -dijo el cura-, y a fee que no se pase el d\u00eda de ma\u00f1ana sin que dellos no se haga acto p\u00fablico y sean condenados al fuego, porque no den ocasi\u00f3n a quien los leyere de hacer lo que mi buen amigo debe de haber hecho.<\/p>\n<p>Todo esto estaban oyendo el labrador y don Quijote, con que acab\u00f3 de entender el labrador la enfermedad de su vecino; y as\u00ed, comenz\u00f3 a decir a voces:<\/p>\n<p>-Abran vuestras mercedes al se\u00f1or Valdovinos y al se\u00f1or marqu\u00e9s de Mantua, que viene malferido, y al se\u00f1or moro Abindarr\u00e1ez, que trae cautivo el valeroso Rodrigo de Narv\u00e1ez, alcaide de Antequera.<\/p>\n<p>A estas voces salieron todos, y, como conocieron los unos a su amigo, las otras a su amo y t\u00edo, que a\u00fan no se hab\u00eda apeado del jumento, porque no pod\u00eda, corrieron a abrazarle. \u00c9l dijo:<\/p>\n<p>-T\u00e9nganse todos, que vengo malferido por la culpa de mi caballo. Ll\u00e9venme a mi lecho y ll\u00e1mese, si fuere posible, a la sabia Urganda, que cure y cate de mis feridas.<\/p>\n<p>-\u00a1Mir\u00e1, en hora maza -dijo a este punto el ama-, si me dec\u00eda a m\u00ed bien mi coraz\u00f3n del pie que cojeaba mi se\u00f1or! Suba vuestra merced en buen hora, que, sin que venga esa Hurgada, le sabremos aqu\u00ed curar. \u00a1Malditos, digo, sean otra vez y otras ciento estos libros de caballer\u00edas, que tal han parado a vuestra merced!<\/p>\n<p>Llev\u00e1ronle luego a la cama, y, cat\u00e1ndole las feridas, no le hallaron ninguna; y \u00e9l dijo que todo era molimiento, por haber dado una gran ca\u00edda con Rocinante, su caballo, combati\u00e9ndose con diez jayanes, los m\u00e1s desaforados y atrevidos que se pudieran fallar en gran parte de la tierra.<\/p>\n<p>-\u00a1Ta, ta! -dijo el cura-. \u00bfJayanes hay en la danza? Para mi santiguada, que yo los queme ma\u00f1ana antes que llegue la noche.<\/p>\n<p>Hici\u00e9ronle a don Quijote mil preguntas, y a ninguna quiso responder otra cosa sino que le diesen de comer y le dejasen dormir, que era lo que m\u00e1s le importaba. H\u00edzose as\u00ed, y el cura se inform\u00f3 muy a la larga del labrador del modo que hab\u00eda hallado a don Quijote. \u00c9l se lo cont\u00f3 todo, con los disparates que al hallarle y al traerle hab\u00eda dicho; que fue poner m\u00e1s deseo en el licenciado de hacer lo que otro d\u00eda hizo, que fue llamar a su amigo el barbero maese Nicol\u00e1s, con el cual se vino a casa de don Quijote.<\/p>\n","protected":false},"excerpt":{"rendered":"<p>Primera parte CAP\u00cdTULO V Donde se prosigue la narraci\u00f3n de la desgracia de nuestro caballero Viendo, pues, que, en efeto, no pod\u00eda menearse, acord\u00f3 de acogerse a su ordinario remedio, que era pensar en alg\u00fan paso de sus libros; y tr\u00fajole su locura a la memoria aquel de Valdovinos y\u2026<\/p>\n<p class=\"continue-reading-button\"> <a class=\"continue-reading-link\" href=\"https:\/\/natureduca.com\/culturblog\/don-quijote-de-la-mancha-primera-parte-capitulo-v-de-lii-miguel-de-cervantes-saavedra\/\">Seguir leyendo&#8230;<i class=\"crycon-right-dir\"><\/i><\/a><\/p>\n","protected":false},"author":75,"featured_media":0,"comment_status":"open","ping_status":"open","sticky":false,"template":"","format":"standard","meta":{"rop_custom_images_group":[],"rop_custom_messages_group":[],"rop_publish_now":"initial","rop_publish_now_accounts":{"twitter_226634691_226634691":""},"rop_publish_now_history":[],"rop_publish_now_status":"pending","_uag_custom_page_level_css":"","footnotes":""},"categories":[5,1109],"tags":[1010,1016,1012,2685,2687,1031,1017,1145,1149,1165,2686,1466,2684,2683,1033],"class_list":["post-1035","post","type-post","status-publish","format-standard","hentry","category-literatura","category-textos-literarios","tag-amor","tag-arte","tag-ave","tag-capitulo","tag-cervantes","tag-enfermedad","tag-historia","tag-libro","tag-libros-2","tag-mancha","tag-miguel","tag-parte","tag-primera","tag-quijote","tag-vino"],"yoast_head":"<!-- This site is optimized with the Yoast SEO plugin v27.4 - https:\/\/yoast.com\/product\/yoast-seo-wordpress\/ -->\n<title>&quot;Don Quijote de La Mancha&quot; (Primera parte - cap\u00edtulo V de LII) [Miguel de Cervantes Saavedra] - Blog Cultureduca educativa<\/title>\n<meta name=\"description\" content=\"&quot;Don Quijote de La Mancha&quot; (Primera parte - cap\u00edtulo V de LII) [Miguel de Cervantes Saavedra] - Blog Cultureduca educativa -\" \/>\n<meta name=\"robots\" content=\"index, follow, max-snippet:-1, max-image-preview:large, max-video-preview:-1\" \/>\n<link rel=\"canonical\" href=\"https:\/\/natureduca.com\/culturblog\/don-quijote-de-la-mancha-primera-parte-capitulo-v-de-lii-miguel-de-cervantes-saavedra\/\" \/>\n<meta property=\"og:locale\" content=\"es_ES\" \/>\n<meta property=\"og:type\" content=\"article\" \/>\n<meta property=\"og:title\" content=\"&quot;Don Quijote de La Mancha&quot; (Primera parte - cap\u00edtulo V de LII) [Miguel de Cervantes Saavedra] - Blog Cultureduca educativa\" \/>\n<meta property=\"og:description\" content=\"&quot;Don Quijote de La Mancha&quot; (Primera parte - cap\u00edtulo V de LII) [Miguel de Cervantes Saavedra] - Blog Cultureduca educativa -\" \/>\n<meta property=\"og:url\" content=\"https:\/\/natureduca.com\/culturblog\/don-quijote-de-la-mancha-primera-parte-capitulo-v-de-lii-miguel-de-cervantes-saavedra\/\" \/>\n<meta property=\"og:site_name\" content=\"Blog Cultureduca educativa\" \/>\n<meta property=\"article:publisher\" content=\"https:\/\/www.facebook.com\/groups\/cultureduca\/\" \/>\n<meta property=\"article:published_time\" content=\"2010-12-17T17:43:40+00:00\" \/>\n<meta property=\"article:modified_time\" content=\"2018-12-22T01:12:36+00:00\" \/>\n<meta property=\"og:image\" content=\"https:\/\/natureduca.com\/culturblog\/wp-content\/uploads\/cropped-cabecera-culturblog.jpg\" \/>\n\t<meta property=\"og:image:width\" content=\"1200\" \/>\n\t<meta property=\"og:image:height\" content=\"120\" \/>\n\t<meta property=\"og:image:type\" content=\"image\/jpeg\" \/>\n<meta name=\"author\" content=\"Admin\" \/>\n<meta name=\"twitter:label1\" content=\"Escrito por\" \/>\n\t<meta name=\"twitter:data1\" content=\"Admin\" \/>\n\t<meta name=\"twitter:label2\" content=\"Tiempo de lectura\" \/>\n\t<meta name=\"twitter:data2\" content=\"9 minutos\" \/>\n<script type=\"application\/ld+json\" class=\"yoast-schema-graph\">{\"@context\":\"https:\\\/\\\/schema.org\",\"@graph\":[{\"@type\":\"Article\",\"@id\":\"https:\\\/\\\/natureduca.com\\\/culturblog\\\/don-quijote-de-la-mancha-primera-parte-capitulo-v-de-lii-miguel-de-cervantes-saavedra\\\/#article\",\"isPartOf\":{\"@id\":\"https:\\\/\\\/natureduca.com\\\/culturblog\\\/don-quijote-de-la-mancha-primera-parte-capitulo-v-de-lii-miguel-de-cervantes-saavedra\\\/\"},\"author\":{\"name\":\"Admin\",\"@id\":\"https:\\\/\\\/natureduca.com\\\/culturblog\\\/#\\\/schema\\\/person\\\/2ede2c4f1845fa2eef27442aa5aa7200\"},\"headline\":\"\u00abDon Quijote de La Mancha\u00bb (Primera parte &#8211; cap\u00edtulo V de LII) [Miguel de Cervantes Saavedra]\",\"datePublished\":\"2010-12-17T17:43:40+00:00\",\"dateModified\":\"2018-12-22T01:12:36+00:00\",\"mainEntityOfPage\":{\"@id\":\"https:\\\/\\\/natureduca.com\\\/culturblog\\\/don-quijote-de-la-mancha-primera-parte-capitulo-v-de-lii-miguel-de-cervantes-saavedra\\\/\"},\"wordCount\":1783,\"commentCount\":0,\"publisher\":{\"@id\":\"https:\\\/\\\/natureduca.com\\\/culturblog\\\/#organization\"},\"keywords\":[\"amor\",\"arte\",\"ave\",\"capitulo\",\"cervantes\",\"enfermedad\",\"historia\",\"libro\",\"libros\",\"mancha\",\"miguel\",\"parte\",\"primera\",\"quijote\",\"vino\"],\"articleSection\":[\"Literatura \\\/ Po\u00e9tica\",\"Textos literarios\"],\"inLanguage\":\"es\",\"potentialAction\":[{\"@type\":\"CommentAction\",\"name\":\"Comment\",\"target\":[\"https:\\\/\\\/natureduca.com\\\/culturblog\\\/don-quijote-de-la-mancha-primera-parte-capitulo-v-de-lii-miguel-de-cervantes-saavedra\\\/#respond\"]}]},{\"@type\":\"WebPage\",\"@id\":\"https:\\\/\\\/natureduca.com\\\/culturblog\\\/don-quijote-de-la-mancha-primera-parte-capitulo-v-de-lii-miguel-de-cervantes-saavedra\\\/\",\"url\":\"https:\\\/\\\/natureduca.com\\\/culturblog\\\/don-quijote-de-la-mancha-primera-parte-capitulo-v-de-lii-miguel-de-cervantes-saavedra\\\/\",\"name\":\"\\\"Don Quijote de La Mancha\\\" (Primera parte - cap\u00edtulo V de LII) [Miguel de Cervantes Saavedra] - Blog Cultureduca educativa\",\"isPartOf\":{\"@id\":\"https:\\\/\\\/natureduca.com\\\/culturblog\\\/#website\"},\"datePublished\":\"2010-12-17T17:43:40+00:00\",\"dateModified\":\"2018-12-22T01:12:36+00:00\",\"description\":\"\\\"Don Quijote de La Mancha\\\" (Primera parte - cap\u00edtulo V de LII) [Miguel de Cervantes Saavedra] - Blog Cultureduca educativa -\",\"breadcrumb\":{\"@id\":\"https:\\\/\\\/natureduca.com\\\/culturblog\\\/don-quijote-de-la-mancha-primera-parte-capitulo-v-de-lii-miguel-de-cervantes-saavedra\\\/#breadcrumb\"},\"inLanguage\":\"es\",\"potentialAction\":[{\"@type\":\"ReadAction\",\"target\":[\"https:\\\/\\\/natureduca.com\\\/culturblog\\\/don-quijote-de-la-mancha-primera-parte-capitulo-v-de-lii-miguel-de-cervantes-saavedra\\\/\"]}]},{\"@type\":\"BreadcrumbList\",\"@id\":\"https:\\\/\\\/natureduca.com\\\/culturblog\\\/don-quijote-de-la-mancha-primera-parte-capitulo-v-de-lii-miguel-de-cervantes-saavedra\\\/#breadcrumb\",\"itemListElement\":[{\"@type\":\"ListItem\",\"position\":1,\"name\":\"Portada\",\"item\":\"https:\\\/\\\/natureduca.com\\\/culturblog\\\/\"},{\"@type\":\"ListItem\",\"position\":2,\"name\":\"\u00abDon Quijote de La Mancha\u00bb (Primera parte &#8211; cap\u00edtulo V de LII) [Miguel de Cervantes Saavedra]\"}]},{\"@type\":\"WebSite\",\"@id\":\"https:\\\/\\\/natureduca.com\\\/culturblog\\\/#website\",\"url\":\"https:\\\/\\\/natureduca.com\\\/culturblog\\\/\",\"name\":\"Blog Cultureduca\",\"description\":\"Blog educativo de las Letras y las Artes Pl\u00e1sticas y Est\u00e9ticas\",\"publisher\":{\"@id\":\"https:\\\/\\\/natureduca.com\\\/culturblog\\\/#organization\"},\"alternateName\":\"Blog Cultura educativa\",\"potentialAction\":[{\"@type\":\"SearchAction\",\"target\":{\"@type\":\"EntryPoint\",\"urlTemplate\":\"https:\\\/\\\/natureduca.com\\\/culturblog\\\/?s={search_term_string}\"},\"query-input\":{\"@type\":\"PropertyValueSpecification\",\"valueRequired\":true,\"valueName\":\"search_term_string\"}}],\"inLanguage\":\"es\"},{\"@type\":\"Organization\",\"@id\":\"https:\\\/\\\/natureduca.com\\\/culturblog\\\/#organization\",\"name\":\"ASOCAE\",\"alternateName\":\"Asociaci\u00f3n para la Cultura, el Arte y la Educaci\u00f3n\",\"url\":\"https:\\\/\\\/natureduca.com\\\/culturblog\\\/\",\"logo\":{\"@type\":\"ImageObject\",\"inLanguage\":\"es\",\"@id\":\"https:\\\/\\\/natureduca.com\\\/culturblog\\\/#\\\/schema\\\/logo\\\/image\\\/\",\"url\":\"https:\\\/\\\/natureduca.com\\\/culturblog\\\/wp-content\\\/uploads\\\/cultureduca_ico_cab.png\",\"contentUrl\":\"https:\\\/\\\/natureduca.com\\\/culturblog\\\/wp-content\\\/uploads\\\/cultureduca_ico_cab.png\",\"width\":22,\"height\":24,\"caption\":\"ASOCAE\"},\"image\":{\"@id\":\"https:\\\/\\\/natureduca.com\\\/culturblog\\\/#\\\/schema\\\/logo\\\/image\\\/\"},\"sameAs\":[\"https:\\\/\\\/www.facebook.com\\\/groups\\\/cultureduca\\\/\",\"https:\\\/\\\/x.com\\\/Cultureduca\"]},{\"@type\":\"Person\",\"@id\":\"https:\\\/\\\/natureduca.com\\\/culturblog\\\/#\\\/schema\\\/person\\\/2ede2c4f1845fa2eef27442aa5aa7200\",\"name\":\"Admin\",\"image\":{\"@type\":\"ImageObject\",\"inLanguage\":\"es\",\"@id\":\"https:\\\/\\\/secure.gravatar.com\\\/avatar\\\/808463f89cd51ccc00a865855b3a170f21d55c755eeccab37eef1fb553f48899?s=96&d=monsterid&r=g\",\"url\":\"https:\\\/\\\/secure.gravatar.com\\\/avatar\\\/808463f89cd51ccc00a865855b3a170f21d55c755eeccab37eef1fb553f48899?s=96&d=monsterid&r=g\",\"contentUrl\":\"https:\\\/\\\/secure.gravatar.com\\\/avatar\\\/808463f89cd51ccc00a865855b3a170f21d55c755eeccab37eef1fb553f48899?s=96&d=monsterid&r=g\",\"caption\":\"Admin\"},\"url\":\"https:\\\/\\\/natureduca.com\\\/culturblog\\\/author\\\/jefe\\\/\"}]}<\/script>\n<!-- \/ Yoast SEO plugin. -->","yoast_head_json":{"title":"\"Don Quijote de La Mancha\" (Primera parte - cap\u00edtulo V de LII) [Miguel de Cervantes Saavedra] - Blog Cultureduca educativa","description":"\"Don Quijote de La Mancha\" (Primera parte - cap\u00edtulo V de LII) [Miguel de Cervantes Saavedra] - Blog Cultureduca educativa -","robots":{"index":"index","follow":"follow","max-snippet":"max-snippet:-1","max-image-preview":"max-image-preview:large","max-video-preview":"max-video-preview:-1"},"canonical":"https:\/\/natureduca.com\/culturblog\/don-quijote-de-la-mancha-primera-parte-capitulo-v-de-lii-miguel-de-cervantes-saavedra\/","og_locale":"es_ES","og_type":"article","og_title":"\"Don Quijote de La Mancha\" (Primera parte - cap\u00edtulo V de LII) [Miguel de Cervantes Saavedra] - Blog Cultureduca educativa","og_description":"\"Don Quijote de La Mancha\" (Primera parte - cap\u00edtulo V de LII) [Miguel de Cervantes Saavedra] - Blog Cultureduca educativa -","og_url":"https:\/\/natureduca.com\/culturblog\/don-quijote-de-la-mancha-primera-parte-capitulo-v-de-lii-miguel-de-cervantes-saavedra\/","og_site_name":"Blog Cultureduca educativa","article_publisher":"https:\/\/www.facebook.com\/groups\/cultureduca\/","article_published_time":"2010-12-17T17:43:40+00:00","article_modified_time":"2018-12-22T01:12:36+00:00","og_image":[{"width":1200,"height":120,"url":"https:\/\/natureduca.com\/culturblog\/wp-content\/uploads\/cropped-cabecera-culturblog.jpg","type":"image\/jpeg"}],"author":"Admin","twitter_misc":{"Escrito por":"Admin","Tiempo de lectura":"9 minutos"},"schema":{"@context":"https:\/\/schema.org","@graph":[{"@type":"Article","@id":"https:\/\/natureduca.com\/culturblog\/don-quijote-de-la-mancha-primera-parte-capitulo-v-de-lii-miguel-de-cervantes-saavedra\/#article","isPartOf":{"@id":"https:\/\/natureduca.com\/culturblog\/don-quijote-de-la-mancha-primera-parte-capitulo-v-de-lii-miguel-de-cervantes-saavedra\/"},"author":{"name":"Admin","@id":"https:\/\/natureduca.com\/culturblog\/#\/schema\/person\/2ede2c4f1845fa2eef27442aa5aa7200"},"headline":"\u00abDon Quijote de La Mancha\u00bb (Primera parte &#8211; cap\u00edtulo V de LII) [Miguel de Cervantes Saavedra]","datePublished":"2010-12-17T17:43:40+00:00","dateModified":"2018-12-22T01:12:36+00:00","mainEntityOfPage":{"@id":"https:\/\/natureduca.com\/culturblog\/don-quijote-de-la-mancha-primera-parte-capitulo-v-de-lii-miguel-de-cervantes-saavedra\/"},"wordCount":1783,"commentCount":0,"publisher":{"@id":"https:\/\/natureduca.com\/culturblog\/#organization"},"keywords":["amor","arte","ave","capitulo","cervantes","enfermedad","historia","libro","libros","mancha","miguel","parte","primera","quijote","vino"],"articleSection":["Literatura \/ Po\u00e9tica","Textos literarios"],"inLanguage":"es","potentialAction":[{"@type":"CommentAction","name":"Comment","target":["https:\/\/natureduca.com\/culturblog\/don-quijote-de-la-mancha-primera-parte-capitulo-v-de-lii-miguel-de-cervantes-saavedra\/#respond"]}]},{"@type":"WebPage","@id":"https:\/\/natureduca.com\/culturblog\/don-quijote-de-la-mancha-primera-parte-capitulo-v-de-lii-miguel-de-cervantes-saavedra\/","url":"https:\/\/natureduca.com\/culturblog\/don-quijote-de-la-mancha-primera-parte-capitulo-v-de-lii-miguel-de-cervantes-saavedra\/","name":"\"Don Quijote de La Mancha\" (Primera parte - cap\u00edtulo V de LII) [Miguel de Cervantes Saavedra] - Blog Cultureduca educativa","isPartOf":{"@id":"https:\/\/natureduca.com\/culturblog\/#website"},"datePublished":"2010-12-17T17:43:40+00:00","dateModified":"2018-12-22T01:12:36+00:00","description":"\"Don Quijote de La Mancha\" (Primera parte - cap\u00edtulo V de LII) [Miguel de Cervantes Saavedra] - Blog Cultureduca educativa -","breadcrumb":{"@id":"https:\/\/natureduca.com\/culturblog\/don-quijote-de-la-mancha-primera-parte-capitulo-v-de-lii-miguel-de-cervantes-saavedra\/#breadcrumb"},"inLanguage":"es","potentialAction":[{"@type":"ReadAction","target":["https:\/\/natureduca.com\/culturblog\/don-quijote-de-la-mancha-primera-parte-capitulo-v-de-lii-miguel-de-cervantes-saavedra\/"]}]},{"@type":"BreadcrumbList","@id":"https:\/\/natureduca.com\/culturblog\/don-quijote-de-la-mancha-primera-parte-capitulo-v-de-lii-miguel-de-cervantes-saavedra\/#breadcrumb","itemListElement":[{"@type":"ListItem","position":1,"name":"Portada","item":"https:\/\/natureduca.com\/culturblog\/"},{"@type":"ListItem","position":2,"name":"\u00abDon Quijote de La Mancha\u00bb (Primera parte &#8211; cap\u00edtulo V de LII) [Miguel de Cervantes Saavedra]"}]},{"@type":"WebSite","@id":"https:\/\/natureduca.com\/culturblog\/#website","url":"https:\/\/natureduca.com\/culturblog\/","name":"Blog Cultureduca","description":"Blog educativo de las Letras y las Artes Pl\u00e1sticas y Est\u00e9ticas","publisher":{"@id":"https:\/\/natureduca.com\/culturblog\/#organization"},"alternateName":"Blog Cultura educativa","potentialAction":[{"@type":"SearchAction","target":{"@type":"EntryPoint","urlTemplate":"https:\/\/natureduca.com\/culturblog\/?s={search_term_string}"},"query-input":{"@type":"PropertyValueSpecification","valueRequired":true,"valueName":"search_term_string"}}],"inLanguage":"es"},{"@type":"Organization","@id":"https:\/\/natureduca.com\/culturblog\/#organization","name":"ASOCAE","alternateName":"Asociaci\u00f3n para la Cultura, el Arte y la Educaci\u00f3n","url":"https:\/\/natureduca.com\/culturblog\/","logo":{"@type":"ImageObject","inLanguage":"es","@id":"https:\/\/natureduca.com\/culturblog\/#\/schema\/logo\/image\/","url":"https:\/\/natureduca.com\/culturblog\/wp-content\/uploads\/cultureduca_ico_cab.png","contentUrl":"https:\/\/natureduca.com\/culturblog\/wp-content\/uploads\/cultureduca_ico_cab.png","width":22,"height":24,"caption":"ASOCAE"},"image":{"@id":"https:\/\/natureduca.com\/culturblog\/#\/schema\/logo\/image\/"},"sameAs":["https:\/\/www.facebook.com\/groups\/cultureduca\/","https:\/\/x.com\/Cultureduca"]},{"@type":"Person","@id":"https:\/\/natureduca.com\/culturblog\/#\/schema\/person\/2ede2c4f1845fa2eef27442aa5aa7200","name":"Admin","image":{"@type":"ImageObject","inLanguage":"es","@id":"https:\/\/secure.gravatar.com\/avatar\/808463f89cd51ccc00a865855b3a170f21d55c755eeccab37eef1fb553f48899?s=96&d=monsterid&r=g","url":"https:\/\/secure.gravatar.com\/avatar\/808463f89cd51ccc00a865855b3a170f21d55c755eeccab37eef1fb553f48899?s=96&d=monsterid&r=g","contentUrl":"https:\/\/secure.gravatar.com\/avatar\/808463f89cd51ccc00a865855b3a170f21d55c755eeccab37eef1fb553f48899?s=96&d=monsterid&r=g","caption":"Admin"},"url":"https:\/\/natureduca.com\/culturblog\/author\/jefe\/"}]}},"featured_image_src":null,"featured_image_src_square":null,"author_info":{"display_name":"Admin","author_link":"https:\/\/natureduca.com\/culturblog\/author\/jefe\/"},"uagb_featured_image_src":{"full":false,"thumbnail":false,"medium":false,"medium_large":false,"large":false,"1536x1536":false,"2048x2048":false,"custom":false,"gb-block-post-grid-landscape":false,"gb-block-post-grid-square":false,"post-thumbnail":false,"header":false,"slider":false,"columns":false},"uagb_author_info":{"display_name":"Admin","author_link":"https:\/\/natureduca.com\/culturblog\/author\/jefe\/"},"uagb_comment_info":0,"uagb_excerpt":"Primera parte CAP\u00cdTULO V Donde se prosigue la narraci\u00f3n de la desgracia de nuestro caballero Viendo, pues, que, en efeto, no pod\u00eda menearse, acord\u00f3 de acogerse a su ordinario remedio, que era pensar en alg\u00fan paso de sus libros; y tr\u00fajole su locura a la memoria aquel de Valdovinos y\u2026 Seguir leyendo...","amp_enabled":true,"_links":{"self":[{"href":"https:\/\/natureduca.com\/culturblog\/wp-json\/wp\/v2\/posts\/1035","targetHints":{"allow":["GET"]}}],"collection":[{"href":"https:\/\/natureduca.com\/culturblog\/wp-json\/wp\/v2\/posts"}],"about":[{"href":"https:\/\/natureduca.com\/culturblog\/wp-json\/wp\/v2\/types\/post"}],"author":[{"embeddable":true,"href":"https:\/\/natureduca.com\/culturblog\/wp-json\/wp\/v2\/users\/75"}],"replies":[{"embeddable":true,"href":"https:\/\/natureduca.com\/culturblog\/wp-json\/wp\/v2\/comments?post=1035"}],"version-history":[{"count":0,"href":"https:\/\/natureduca.com\/culturblog\/wp-json\/wp\/v2\/posts\/1035\/revisions"}],"wp:attachment":[{"href":"https:\/\/natureduca.com\/culturblog\/wp-json\/wp\/v2\/media?parent=1035"}],"wp:term":[{"taxonomy":"category","embeddable":true,"href":"https:\/\/natureduca.com\/culturblog\/wp-json\/wp\/v2\/categories?post=1035"},{"taxonomy":"post_tag","embeddable":true,"href":"https:\/\/natureduca.com\/culturblog\/wp-json\/wp\/v2\/tags?post=1035"}],"curies":[{"name":"wp","href":"https:\/\/api.w.org\/{rel}","templated":true}]}}