{"id":1021,"date":"2010-12-10T18:10:37","date_gmt":"2010-12-10T16:10:37","guid":{"rendered":"http:\/\/www.cultureduca.com\/blog\/?p=1021"},"modified":"2010-12-10T18:10:37","modified_gmt":"2010-12-10T16:10:37","slug":"rimas-lx-a-lxix-gustavo-adolfo-becquer","status":"publish","type":"post","link":"https:\/\/natureduca.com\/culturblog\/rimas-lx-a-lxix-gustavo-adolfo-becquer\/","title":{"rendered":"Rimas LX a LXIX [Gustavo Adolfo B\u00e9cquer]"},"content":{"rendered":"<p><strong>LX <\/strong><\/p>\n<dt>\u00a0 <\/dt>\n<dt>\u00a0\u00a0\u00a0\u00a0\u00a0\u00a0\u00a0\u00a0\u00a0 Como se arranca el hierro de una herida <\/dt>\n<dt>\u00a0\u00a0\u00a0\u00a0\u00a0\u00a0\u00a0\u00a0\u00a0 su amor de las entra\u00f1as me arranqu\u00e9, <\/dt>\n<dt>\u00a0\u00a0\u00a0\u00a0\u00a0\u00a0\u00a0\u00a0\u00a0 aunque sent\u00ed al hacerlo que la vida <\/dt>\n<dt>\u00a0\u00a0\u00a0\u00a0\u00a0\u00a0\u00a0\u00a0\u00a0\u00a0\u00a0\u00a0\u00a0\u00a0 me arrancaba con \u00e9l! <\/dt>\n<dt>\u00a0 <\/dt>\n<dt>\u00a0\u00a0\u00a0\u00a0\u00a0\u00a0\u00a0\u00a0\u00a0 Del altar que le alc\u00e9 en el alma m\u00eda <\/dt>\n<dt>\u00a0\u00a0\u00a0\u00a0\u00a0\u00a0\u00a0\u00a0\u00a0 la Voluntad su imagen arroj\u00f3, <\/dt>\n<dt>\u00a0\u00a0\u00a0\u00a0\u00a0\u00a0\u00a0\u00a0\u00a0 y la luz de la fe que en ella ard\u00eda <\/dt>\n<dt>\u00a0\u00a0\u00a0\u00a0\u00a0\u00a0\u00a0\u00a0\u00a0\u00a0\u00a0\u00a0\u00a0\u00a0 ante el ara desierta se apag\u00f3. <\/dt>\n<dt>\u00a0 <\/dt>\n<dt>\u00a0\u00a0\u00a0\u00a0\u00a0\u00a0\u00a0\u00a0\u00a0 A\u00fan turbando en la noche el firme empe\u00f1o <\/dt>\n<dt>\u00a0\u00a0\u00a0\u00a0\u00a0\u00a0\u00a0\u00a0\u00a0 vive en la idea la visi\u00f3n tenaz&#8230; <\/dt>\n<dt>\u00a0\u00a0\u00a0\u00a0\u00a0\u00a0\u00a0\u00a0\u00a0 \u00a1Cu\u00e1ndo podr\u00e9 dormir con ese sue\u00f1o <\/dt>\n<dt>\u00a0\u00a0\u00a0\u00a0\u00a0\u00a0\u00a0\u00a0\u00a0\u00a0\u00a0\u00a0\u00a0\u00a0 en que acaba el so\u00f1ar! <\/dt>\n<dt>\u00a0 <\/dt>\n<dt><strong>LXI <\/strong><\/dt>\n<dt>\u00a0 <\/dt>\n<dt>\u00a0\u00a0\u00a0\u00a0\u00a0\u00a0\u00a0\u00a0\u00a0 Este armaz\u00f3n de huesos y pellejo <\/dt>\n<dt>\u00a0\u00a0\u00a0\u00a0\u00a0\u00a0\u00a0\u00a0\u00a0 de pasear una cabeza loca <\/dt>\n<dt>\u00a0\u00a0\u00a0\u00a0\u00a0\u00a0\u00a0\u00a0\u00a0 cansado se halla al fin, y no lo extra\u00f1o; <\/dt>\n<dt>\u00a0\u00a0\u00a0\u00a0\u00a0\u00a0\u00a0\u00a0\u00a0 pues, aunque es la verdad que no soy viejo, <\/dt>\n<dt>\u00a0 <\/dt>\n<dt>\u00a0\u00a0\u00a0\u00a0\u00a0\u00a0\u00a0\u00a0\u00a0 de la parte de vida que me toca <\/dt>\n<dt>\u00a0\u00a0\u00a0\u00a0\u00a0\u00a0\u00a0\u00a0\u00a0 en la vida del mundo, por mi da\u00f1o <\/dt>\n<dt>\u00a0\u00a0\u00a0\u00a0\u00a0\u00a0\u00a0\u00a0\u00a0 he hecho un uso tal, que jurar\u00eda <\/dt>\n<dt>\u00a0\u00a0\u00a0\u00a0\u00a0\u00a0\u00a0\u00a0\u00a0 que he condensado un siglo en cada d\u00eda. <\/dt>\n<dt>\u00a0 <\/dt>\n<dt>\u00a0\u00a0\u00a0\u00a0\u00a0\u00a0\u00a0\u00a0\u00a0 As\u00ed, aunque ahora muriera, <\/dt>\n<dt>\u00a0\u00a0\u00a0\u00a0\u00a0\u00a0\u00a0\u00a0\u00a0 no podr\u00eda decir que no he vivido; <\/dt>\n<dt>\u00a0\u00a0\u00a0\u00a0\u00a0\u00a0\u00a0\u00a0\u00a0 que el sayo, al parecer nuevo por fuera, <\/dt>\n<dt>\u00a0\u00a0\u00a0\u00a0\u00a0\u00a0\u00a0\u00a0\u00a0 conozco que por dentro ha envejecido. <\/dt>\n<dt>\u00a0 <\/dt>\n<dt>\u00a0\u00a0\u00a0\u00a0\u00a0\u00a0\u00a0\u00a0\u00a0 Ha envejecido, s\u00ed, \u00a1pese a mi estrella!, <\/dt>\n<dt>\u00a0\u00a0\u00a0\u00a0\u00a0\u00a0\u00a0\u00a0\u00a0 harto lo dice ya mi af\u00e1n doliente; <\/dt>\n<dt>\u00a0\u00a0\u00a0\u00a0\u00a0\u00a0\u00a0\u00a0\u00a0 que hay dolor que al pasar su horrible huella <\/dt>\n<dt>\u00a0\u00a0\u00a0\u00a0\u00a0\u00a0\u00a0\u00a0\u00a0 graba en el coraz\u00f3n, si no en la frente. <\/dt>\n<dt>\u00a0 <\/dt>\n<dt>\u00a0 <\/dt>\n<dt><strong>LXII <\/strong><\/dt>\n<dt>\u00a0 <\/dt>\n<dt>\u00a0 <\/dt>\n<dt>\u00a0\u00a0\u00a0\u00a0\u00a0\u00a0\u00a0\u00a0\u00a0 Primero es un albor tr\u00e9mulo y vago, <\/dt>\n<dt>\u00a0\u00a0\u00a0\u00a0\u00a0\u00a0\u00a0\u00a0\u00a0 raya de inquieta luz que corta el mar; <\/dt>\n<dt>\u00a0\u00a0\u00a0\u00a0\u00a0\u00a0\u00a0\u00a0\u00a0 luego chispea y crece y se difunde <\/dt>\n<dt>\u00a0\u00a0\u00a0\u00a0\u00a0\u00a0\u00a0\u00a0\u00a0 en ardiente explosi\u00f3n de claridad. <\/dt>\n<dt>\u00a0 <\/dt>\n<dt>\u00a0\u00a0\u00a0\u00a0\u00a0\u00a0\u00a0\u00a0\u00a0 La brilladora lumbre es la alegr\u00eda; <\/dt>\n<dt>\u00a0\u00a0\u00a0\u00a0\u00a0\u00a0\u00a0\u00a0\u00a0 la temerosa sombra es el pesar; <\/dt>\n<dt>\u00a0\u00a0\u00a0\u00a0\u00a0\u00a0\u00a0\u00a0\u00a0 \u00a1Ay!, en la oscura noche de mi alma, <\/dt>\n<dt>\u00a0\u00a0 \u00a0\u00a0\u00a0\u00a0\u00a0\u00a0\u00a0\u00a0\u00a0\u00a0\u00a0\u00a0\u00bfcu\u00e1ndo amanecer\u00e1? <\/dt>\n<dt>\u00a0 <\/dt>\n<dt>\u00a0 <\/dt>\n<dt><strong>LXIII <\/strong><\/dt>\n<dt>\u00a0 <\/dt>\n<dt>Como enjambre de abejas irritadas, <\/dt>\n<dt>de un obscuro rinc\u00f3n de la memoria <\/dt>\n<dt>salen a perseguirnos los recuerdos <\/dt>\n<dt>de las pasadas horas. <\/dt>\n<dt>\u00a0 <\/dt>\n<dt>Yo los quiero ahuyentar. \u00a1Esfuerzo tan in\u00fatil! <\/dt>\n<dt>Me rodean, me acosan, <\/dt>\n<dt>y unos tras otros a clavarme vienen <\/dt>\n<dt>el agudo aguij\u00f3n que el alma encona. <\/dt>\n<dt>\u00a0 <\/dt>\n<dt>\u00a0 <\/dt>\n<dt><strong>LXIV <\/strong><\/dt>\n<dt>\u00a0 <\/dt>\n<dt>\u00a0\u00a0\u00a0\u00a0\u00a0\u00a0\u00a0\u00a0\u00a0 Como guarda el avaro su tesoro, <\/dt>\n<dt>\u00a0\u00a0\u00a0\u00a0\u00a0\u00a0\u00a0\u00a0\u00a0\u00a0\u00a0\u00a0\u00a0\u00a0 guardaba mi dolor; <\/dt>\n<dt>\u00a0\u00a0\u00a0\u00a0\u00a0\u00a0\u00a0\u00a0\u00a0 le quer\u00eda probar que hay algo eterno <\/dt>\n<dt>\u00a0\u00a0\u00a0\u00a0\u00a0\u00a0\u00a0\u00a0\u00a0 a la que eterno me jur\u00f3 su amor. <\/dt>\n<dt>\u00a0 <\/dt>\n<dt>\u00a0\u00a0\u00a0\u00a0\u00a0\u00a0\u00a0\u00a0\u00a0 Mas hoy le llamo en vano y oigo al tiempo <\/dt>\n<dt>\u00a0\u00a0\u00a0\u00a0\u00a0\u00a0\u00a0\u00a0\u00a0\u00a0\u00a0\u00a0\u00a0 que le agot\u00f3, decir: <\/dt>\n<dt>\u00a0\u00a0\u00a0\u00a0\u00a0\u00a0\u00a0\u00a0\u00a0 \u201c\u00a1Ah, barro miserable, eternamente <\/dt>\n<dt>\u00a0\u00a0\u00a0\u00a0\u00a0\u00a0\u00a0\u00a0\u00a0\u00a0\u00a0\u00a0\u00a0 no podr\u00e1s ni aun sufrir! <\/dt>\n<dt>\u00a0 <\/dt>\n<dt><strong>LXV <\/strong><\/dt>\n<dt>\u00a0 <\/dt>\n<dt>\u00a0\u00a0\u00a0\u00a0\u00a0\u00a0\u00a0\u00a0\u00a0\u00a0 Lleg\u00f3 la noche y no encontr\u00e9 un asilo, <\/dt>\n<dt>\u00a0\u00a0\u00a0\u00a0\u00a0\u00a0\u00a0\u00a0\u00a0\u00a0\u00a0\u00a0\u00a0\u00a0 \u00a1y tuve sed&#8230;!, mis l\u00e1grimas beb\u00ed; <\/dt>\n<dt>\u00a0\u00a0\u00a0\u00a0 \u00a0\u00a0\u00a0\u00a0\u00a0\u00a1y tuve hambre! \u00a1Los hinchados ojos <\/dt>\n<dt>\u00a0\u00a0\u00a0\u00a0\u00a0\u00a0\u00a0\u00a0\u00a0\u00a0\u00a0\u00a0\u00a0\u00a0 cerr\u00e9 para morir! <\/dt>\n<dt>\u00a0\u00a0\u00a0\u00a0\u00a0\u00a0\u00a0\u00a0\u00a0 \u00a1Estaba en un desierto! Aunque a mi o\u00eddo <\/dt>\n<dt>\u00a0\u00a0\u00a0\u00a0\u00a0\u00a0\u00a0\u00a0\u00a0 de las turbas llegaba el ronco hervir, <\/dt>\n<dt>\u00a0\u00a0\u00a0\u00a0\u00a0\u00a0\u00a0\u00a0\u00a0 yo era hu\u00e9rfano y pobre&#8230; \u00a1El mundo estaba <\/dt>\n<dt>\u00a0\u00a0\u00a0\u00a0\u00a0\u00a0\u00a0\u00a0\u00a0 desierto&#8230; para m\u00ed! <\/dt>\n<dt>\u00a0 <\/dt>\n<dt>\u00a0 <\/dt>\n<dt><strong>LXVI <\/strong><\/dt>\n<dt><strong>\u00a0 <\/strong><\/dt>\n<dt>\u00a0\u00a0\u00a0\u00a0\u00a0\u00a0\u00a0\u00a0 \u00bfDe d\u00f3nde vengo&#8230;? El m\u00e1s horrible y \u00e1spero <\/dt>\n<dt>\u00a0\u00a0\u00a0\u00a0\u00a0\u00a0\u00a0\u00a0\u00a0\u00a0\u00a0\u00a0\u00a0\u00a0 de los senderos busca: <\/dt>\n<dt>\u00a0\u00a0\u00a0\u00a0\u00a0\u00a0\u00a0\u00a0\u00a0 Las huellas de unos pies ensangrentados <\/dt>\n<dt>\u00a0\u00a0\u00a0\u00a0\u00a0\u00a0\u00a0\u00a0\u00a0\u00a0\u00a0\u00a0\u00a0\u00a0 sobre la roca dura, <\/dt>\n<dt>\u00a0\u00a0\u00a0\u00a0\u00a0\u00a0\u00a0\u00a0\u00a0 los despojos de un alma hecha jirones <\/dt>\n<dt>\u00a0\u00a0\u00a0\u00a0\u00a0\u00a0\u00a0\u00a0\u00a0\u00a0\u00a0\u00a0\u00a0\u00a0 en las zarzas agudas, <\/dt>\n<dt>\u00a0\u00a0\u00a0\u00a0\u00a0\u00a0\u00a0\u00a0\u00a0\u00a0\u00a0\u00a0\u00a0\u00a0 te dir\u00e1n el camino <\/dt>\n<dt>\u00a0\u00a0\u00a0\u00a0\u00a0\u00a0\u00a0\u00a0\u00a0\u00a0\u00a0\u00a0\u00a0\u00a0 que conduce a mi cuna. <\/dt>\n<dt>\u00a0 <\/dt>\n<dt>\u00a0\u00a0\u00a0\u00a0\u00a0\u00a0\u00a0\u00a0\u00a0 \u00bfA d\u00f3nde voy? El m\u00e1s sombr\u00edo y triste <\/dt>\n<dt>\u00a0\u00a0\u00a0\u00a0\u00a0\u00a0\u00a0\u00a0\u00a0\u00a0\u00a0\u00a0\u00a0\u00a0 de los p\u00e1ramos cruza, <\/dt>\n<dt>\u00a0\u00a0\u00a0\u00a0\u00a0\u00a0\u00a0\u00a0\u00a0 valle de eternas nieves y de eternas <\/dt>\n<dt>\u00a0\u00a0\u00a0\u00a0\u00a0\u00a0\u00a0\u00a0\u00a0\u00a0\u00a0\u00a0\u00a0\u00a0 melanc\u00f3licas brumas. <\/dt>\n<dt>\u00a0 <\/dt>\n<dt>\u00a0\u00a0\u00a0\u00a0\u00a0\u00a0\u00a0\u00a0\u00a0 En donde est\u00e9 una piedra solitaria <\/dt>\n<dt>\u00a0\u00a0\u00a0\u00a0\u00a0\u00a0\u00a0\u00a0\u00a0\u00a0\u00a0\u00a0\u00a0\u00a0 sin inscripci\u00f3n alguna, <\/dt>\n<dt>\u00a0\u00a0\u00a0\u00a0\u00a0\u00a0\u00a0\u00a0\u00a0\u00a0\u00a0\u00a0\u00a0\u00a0 donde habite el olvido, <\/dt>\n<dt>\u00a0\u00a0\u00a0\u00a0\u00a0\u00a0\u00a0\u00a0\u00a0\u00a0\u00a0\u00a0\u00a0\u00a0 all\u00ed estar\u00e1 mi tumba. <\/dt>\n<dt>\u00a0 <\/dt>\n<dt><strong>LXVII <\/strong><\/dt>\n<dt>\u00a0 <\/dt>\n<dt>\u00a0\u00a0\u00a0\u00a0\u00a0\u00a0\u00a0\u00a0\u00a0 \u00a1Qu\u00e9 hermoso es ver el d\u00eda <\/dt>\n<dt>\u00a0\u00a0\u00a0\u00a0\u00a0\u00a0\u00a0\u00a0\u00a0 coronado de fuego levantarse, <\/dt>\n<dt>\u00a0\u00a0\u00a0\u00a0\u00a0\u00a0\u00a0 \u00a0\u00a0\u00a0\u00a0\u00a0\u00a0\u00a0y a su beso de lumbre <\/dt>\n<dt>\u00a0\u00a0\u00a0\u00a0\u00a0\u00a0\u00a0\u00a0\u00a0 brillar las olas y encenderse el aire! <\/dt>\n<dt>\u00a0 <\/dt>\n<dt>\u00a0\u00a0\u00a0\u00a0\u00a0\u00a0\u00a0\u00a0\u00a0 \u00a1Qu\u00e9 hermoso es tras la lluvia <\/dt>\n<dt>\u00a0\u00a0\u00a0\u00a0\u00a0\u00a0\u00a0\u00a0\u00a0 del triste oto\u00f1o en la azulada tarde, <\/dt>\n<dt>\u00a0\u00a0\u00a0\u00a0\u00a0\u00a0\u00a0\u00a0\u00a0\u00a0\u00a0\u00a0\u00a0\u00a0 de las h\u00famedas flores <\/dt>\n<dt>\u00a0\u00a0\u00a0\u00a0\u00a0\u00a0\u00a0\u00a0\u00a0 el perfume beber hasta saciarse! <\/dt>\n<dt>\u00a0 <\/dt>\n<dt>\u00a0\u00a0\u00a0\u00a0\u00a0\u00a0 \u00a0\u00a0\u00a0\u00a1Qu\u00e9 hermoso es cuando en copos <\/dt>\n<dt>\u00a0\u00a0\u00a0\u00a0\u00a0\u00a0\u00a0\u00a0\u00a0 la blanca nieve silenciosa cae, <\/dt>\n<dt>\u00a0\u00a0\u00a0\u00a0\u00a0\u00a0\u00a0\u00a0\u00a0\u00a0\u00a0\u00a0\u00a0\u00a0 de las inquietas llamas <\/dt>\n<dt>\u00a0\u00a0\u00a0\u00a0\u00a0\u00a0\u00a0\u00a0\u00a0 ver las rojizas lenguas agitarse! <\/dt>\n<dt>\u00a0 <\/dt>\n<dt>\u00a0\u00a0\u00a0\u00a0\u00a0\u00a0\u00a0\u00a0\u00a0 \u00a1Qu\u00e9 hermoso es cuando hay sue\u00f1o <\/dt>\n<dt>\u00a0\u00a0\u00a0\u00a0\u00a0\u00a0\u00a0\u00a0\u00a0 dormir bien&#8230; y roncar como un sochantre&#8230; <\/dt>\n<dt>\u00a0\u00a0\u00a0\u00a0\u00a0\u00a0\u00a0\u00a0\u00a0 y comer&#8230; y engordar&#8230; y qu\u00e9 desgracia <\/dt>\n<dt>\u00a0\u00a0\u00a0\u00a0\u00a0\u00a0\u00a0\u00a0\u00a0\u00a0\u00a0\u00a0\u00a0\u00a0 que esto solo no baste! <\/dt>\n<dt>\u00a0 <\/dt>\n<dt><strong>LXVIII <\/strong><\/dt>\n<dt>\u00a0 <\/dt>\n<dt>\u00a0\u00a0\u00a0 No s\u00e9 lo que he so\u00f1ado <\/dt>\n<dt>\u00a0\u00a0\u00a0\u00a0\u00a0\u00a0\u00a0 en la noche pasada; <\/dt>\n<dt>\u00a0\u00a0\u00a0 triste muy triste debi\u00f3 ser el sue\u00f1o, <\/dt>\n<dt>\u00a0\u00a0\u00a0 pues despierto la angustia me duraba. <\/dt>\n<dt>\u00a0 <\/dt>\n<dt>\u00a0\u00a0\u00a0 Not\u00e9 al incorporarme <\/dt>\n<dt>\u00a0\u00a0\u00a0\u00a0\u00a0\u00a0\u00a0 h\u00fameda la almohada, <\/dt>\n<dt>\u00a0\u00a0\u00a0 y por primera vez sent\u00ed al notarlo <\/dt>\n<dt>\u00a0\u00a0\u00a0 de un amargo placer henchirse el alma. <\/dt>\n<dt>\u00a0 <\/dt>\n<dt>\u00a0\u00a0\u00a0 Triste cosa es el sue\u00f1o <\/dt>\n<dt>\u00a0\u00a0\u00a0\u00a0\u00a0\u00a0\u00a0 que llanto nos arranca, <\/dt>\n<dt>\u00a0\u00a0\u00a0 mas tengo en mi tristeza una alegr\u00eda&#8230; <\/dt>\n<dt>\u00a0\u00a0\u00a0 s\u00e9 que a\u00fan me quedan l\u00e1grimas. <\/dt>\n<dt>\u00a0 <\/dt>\n<dt><strong>LXIX <\/strong><\/dt>\n<dt>\u00a0 <\/dt>\n<dt>\u00a0\u00a0\u00a0\u00a0\u00a0\u00a0\u00a0\u00a0\u00a0 Al brillar un rel\u00e1mpago nacemos <\/dt>\n<dt>\u00a0\u00a0\u00a0\u00a0\u00a0\u00a0\u00a0\u00a0\u00a0 y a\u00fan dura su fulgor cuando morimos; <\/dt>\n<dt>\u00a0\u00a0\u00a0\u00a0\u00a0\u00a0\u00a0\u00a0\u00a0\u00a0\u00a0\u00a0\u00a0\u00a0 tan corto es el vivir. <\/dt>\n<dt>\u00a0 <\/dt>\n<dt>\u00a0\u00a0\u00a0\u00a0\u00a0\u00a0\u00a0\u00a0\u00a0 La gloria y el amor tras que corremos <\/dt>\n<dt>\u00a0\u00a0\u00a0\u00a0\u00a0\u00a0\u00a0\u00a0\u00a0 sombras de un sue\u00f1o son que perseguimos: <\/dt>\n<dt>\u00a0\u00a0\u00a0\u00a0\u00a0\u00a0\u00a0\u00a0\u00a0\u00a0\u00a0\u00a0\u00a0\u00a0 \u00a1Despertar es morir! <\/dt>\n","protected":false},"excerpt":{"rendered":"<p>LX \u00a0 \u00a0\u00a0\u00a0\u00a0\u00a0\u00a0\u00a0\u00a0\u00a0 Como se arranca el hierro de una herida \u00a0\u00a0\u00a0\u00a0\u00a0\u00a0\u00a0\u00a0\u00a0 su amor de las entra\u00f1as me arranqu\u00e9, \u00a0\u00a0\u00a0\u00a0\u00a0\u00a0\u00a0\u00a0\u00a0 aunque sent\u00ed al hacerlo que la vida \u00a0\u00a0\u00a0\u00a0\u00a0\u00a0\u00a0\u00a0\u00a0\u00a0\u00a0\u00a0\u00a0\u00a0 me arrancaba con \u00e9l! \u00a0 \u00a0\u00a0\u00a0\u00a0\u00a0\u00a0\u00a0\u00a0\u00a0 Del altar que le alc\u00e9 en el alma m\u00eda \u00a0\u00a0\u00a0\u00a0\u00a0\u00a0\u00a0\u00a0\u00a0 la Voluntad su imagen arroj\u00f3, \u00a0\u00a0\u00a0\u00a0\u00a0\u00a0\u00a0\u00a0\u00a0\u2026<\/p>\n<p class=\"continue-reading-button\"> <a class=\"continue-reading-link\" href=\"https:\/\/natureduca.com\/culturblog\/rimas-lx-a-lxix-gustavo-adolfo-becquer\/\">Seguir leyendo&#8230;<i class=\"crycon-right-dir\"><\/i><\/a><\/p>\n","protected":false},"author":75,"featured_media":0,"comment_status":"open","ping_status":"open","sticky":false,"template":"","format":"standard","meta":{"rop_custom_images_group":[],"rop_custom_messages_group":[],"rop_publish_now":"initial","rop_publish_now_accounts":{"twitter_226634691_226634691":""},"rop_publish_now_history":[],"rop_publish_now_status":"pending","_uag_custom_page_level_css":"","footnotes":""},"categories":[5,1109],"tags":[1010,1016,1015,1060,1061,1025],"class_list":["post-1021","post","type-post","status-publish","format-standard","hentry","category-literatura","category-textos-literarios","tag-amor","tag-arte","tag-flor","tag-lengua","tag-lenguas","tag-rosa"],"yoast_head":"<!-- This site is optimized with the Yoast SEO plugin v27.4 - https:\/\/yoast.com\/product\/yoast-seo-wordpress\/ -->\n<title>Rimas LX a LXIX [Gustavo Adolfo B\u00e9cquer] - Blog Cultureduca educativa<\/title>\n<meta name=\"description\" content=\"Rimas LX a LXIX [Gustavo Adolfo B\u00e9cquer] - Blog Cultureduca educativa -\" \/>\n<meta name=\"robots\" content=\"index, follow, max-snippet:-1, max-image-preview:large, max-video-preview:-1\" \/>\n<link rel=\"canonical\" href=\"https:\/\/natureduca.com\/culturblog\/rimas-lx-a-lxix-gustavo-adolfo-becquer\/\" \/>\n<meta property=\"og:locale\" content=\"es_ES\" \/>\n<meta property=\"og:type\" content=\"article\" \/>\n<meta property=\"og:title\" content=\"Rimas LX a LXIX [Gustavo Adolfo B\u00e9cquer] - Blog Cultureduca educativa\" \/>\n<meta property=\"og:description\" content=\"Rimas LX a LXIX [Gustavo Adolfo B\u00e9cquer] - Blog Cultureduca educativa -\" \/>\n<meta property=\"og:url\" content=\"https:\/\/natureduca.com\/culturblog\/rimas-lx-a-lxix-gustavo-adolfo-becquer\/\" \/>\n<meta property=\"og:site_name\" content=\"Blog Cultureduca educativa\" \/>\n<meta property=\"article:publisher\" content=\"https:\/\/www.facebook.com\/groups\/cultureduca\/\" \/>\n<meta property=\"article:published_time\" content=\"2010-12-10T16:10:37+00:00\" \/>\n<meta property=\"og:image\" content=\"https:\/\/natureduca.com\/culturblog\/wp-content\/uploads\/cropped-cabecera-culturblog.jpg\" \/>\n\t<meta property=\"og:image:width\" content=\"1200\" \/>\n\t<meta property=\"og:image:height\" content=\"120\" \/>\n\t<meta property=\"og:image:type\" content=\"image\/jpeg\" \/>\n<meta name=\"author\" content=\"Admin\" \/>\n<meta name=\"twitter:label1\" content=\"Escrito por\" \/>\n\t<meta name=\"twitter:data1\" content=\"Admin\" \/>\n\t<meta name=\"twitter:label2\" content=\"Tiempo de lectura\" \/>\n\t<meta name=\"twitter:data2\" content=\"4 minutos\" \/>\n<script type=\"application\/ld+json\" class=\"yoast-schema-graph\">{\"@context\":\"https:\\\/\\\/schema.org\",\"@graph\":[{\"@type\":\"Article\",\"@id\":\"https:\\\/\\\/natureduca.com\\\/culturblog\\\/rimas-lx-a-lxix-gustavo-adolfo-becquer\\\/#article\",\"isPartOf\":{\"@id\":\"https:\\\/\\\/natureduca.com\\\/culturblog\\\/rimas-lx-a-lxix-gustavo-adolfo-becquer\\\/\"},\"author\":{\"name\":\"Admin\",\"@id\":\"https:\\\/\\\/natureduca.com\\\/culturblog\\\/#\\\/schema\\\/person\\\/2ede2c4f1845fa2eef27442aa5aa7200\"},\"headline\":\"Rimas LX a LXIX [Gustavo Adolfo B\u00e9cquer]\",\"datePublished\":\"2010-12-10T16:10:37+00:00\",\"mainEntityOfPage\":{\"@id\":\"https:\\\/\\\/natureduca.com\\\/culturblog\\\/rimas-lx-a-lxix-gustavo-adolfo-becquer\\\/\"},\"wordCount\":730,\"commentCount\":0,\"publisher\":{\"@id\":\"https:\\\/\\\/natureduca.com\\\/culturblog\\\/#organization\"},\"keywords\":[\"amor\",\"arte\",\"flor\",\"lengua\",\"lenguas\",\"rosa\"],\"articleSection\":[\"Literatura \\\/ Po\u00e9tica\",\"Textos literarios\"],\"inLanguage\":\"es\",\"potentialAction\":[{\"@type\":\"CommentAction\",\"name\":\"Comment\",\"target\":[\"https:\\\/\\\/natureduca.com\\\/culturblog\\\/rimas-lx-a-lxix-gustavo-adolfo-becquer\\\/#respond\"]}]},{\"@type\":\"WebPage\",\"@id\":\"https:\\\/\\\/natureduca.com\\\/culturblog\\\/rimas-lx-a-lxix-gustavo-adolfo-becquer\\\/\",\"url\":\"https:\\\/\\\/natureduca.com\\\/culturblog\\\/rimas-lx-a-lxix-gustavo-adolfo-becquer\\\/\",\"name\":\"Rimas LX a LXIX [Gustavo Adolfo B\u00e9cquer] - Blog Cultureduca educativa\",\"isPartOf\":{\"@id\":\"https:\\\/\\\/natureduca.com\\\/culturblog\\\/#website\"},\"datePublished\":\"2010-12-10T16:10:37+00:00\",\"description\":\"Rimas LX a LXIX [Gustavo Adolfo B\u00e9cquer] - Blog Cultureduca educativa -\",\"breadcrumb\":{\"@id\":\"https:\\\/\\\/natureduca.com\\\/culturblog\\\/rimas-lx-a-lxix-gustavo-adolfo-becquer\\\/#breadcrumb\"},\"inLanguage\":\"es\",\"potentialAction\":[{\"@type\":\"ReadAction\",\"target\":[\"https:\\\/\\\/natureduca.com\\\/culturblog\\\/rimas-lx-a-lxix-gustavo-adolfo-becquer\\\/\"]}]},{\"@type\":\"BreadcrumbList\",\"@id\":\"https:\\\/\\\/natureduca.com\\\/culturblog\\\/rimas-lx-a-lxix-gustavo-adolfo-becquer\\\/#breadcrumb\",\"itemListElement\":[{\"@type\":\"ListItem\",\"position\":1,\"name\":\"Portada\",\"item\":\"https:\\\/\\\/natureduca.com\\\/culturblog\\\/\"},{\"@type\":\"ListItem\",\"position\":2,\"name\":\"Rimas LX a LXIX [Gustavo Adolfo B\u00e9cquer]\"}]},{\"@type\":\"WebSite\",\"@id\":\"https:\\\/\\\/natureduca.com\\\/culturblog\\\/#website\",\"url\":\"https:\\\/\\\/natureduca.com\\\/culturblog\\\/\",\"name\":\"Blog Cultureduca\",\"description\":\"Blog educativo de las Letras y las Artes Pl\u00e1sticas y Est\u00e9ticas\",\"publisher\":{\"@id\":\"https:\\\/\\\/natureduca.com\\\/culturblog\\\/#organization\"},\"alternateName\":\"Blog Cultura educativa\",\"potentialAction\":[{\"@type\":\"SearchAction\",\"target\":{\"@type\":\"EntryPoint\",\"urlTemplate\":\"https:\\\/\\\/natureduca.com\\\/culturblog\\\/?s={search_term_string}\"},\"query-input\":{\"@type\":\"PropertyValueSpecification\",\"valueRequired\":true,\"valueName\":\"search_term_string\"}}],\"inLanguage\":\"es\"},{\"@type\":\"Organization\",\"@id\":\"https:\\\/\\\/natureduca.com\\\/culturblog\\\/#organization\",\"name\":\"ASOCAE\",\"alternateName\":\"Asociaci\u00f3n para la Cultura, el Arte y la Educaci\u00f3n\",\"url\":\"https:\\\/\\\/natureduca.com\\\/culturblog\\\/\",\"logo\":{\"@type\":\"ImageObject\",\"inLanguage\":\"es\",\"@id\":\"https:\\\/\\\/natureduca.com\\\/culturblog\\\/#\\\/schema\\\/logo\\\/image\\\/\",\"url\":\"https:\\\/\\\/natureduca.com\\\/culturblog\\\/wp-content\\\/uploads\\\/cultureduca_ico_cab.png\",\"contentUrl\":\"https:\\\/\\\/natureduca.com\\\/culturblog\\\/wp-content\\\/uploads\\\/cultureduca_ico_cab.png\",\"width\":22,\"height\":24,\"caption\":\"ASOCAE\"},\"image\":{\"@id\":\"https:\\\/\\\/natureduca.com\\\/culturblog\\\/#\\\/schema\\\/logo\\\/image\\\/\"},\"sameAs\":[\"https:\\\/\\\/www.facebook.com\\\/groups\\\/cultureduca\\\/\",\"https:\\\/\\\/x.com\\\/Cultureduca\"]},{\"@type\":\"Person\",\"@id\":\"https:\\\/\\\/natureduca.com\\\/culturblog\\\/#\\\/schema\\\/person\\\/2ede2c4f1845fa2eef27442aa5aa7200\",\"name\":\"Admin\",\"image\":{\"@type\":\"ImageObject\",\"inLanguage\":\"es\",\"@id\":\"https:\\\/\\\/secure.gravatar.com\\\/avatar\\\/808463f89cd51ccc00a865855b3a170f21d55c755eeccab37eef1fb553f48899?s=96&d=monsterid&r=g\",\"url\":\"https:\\\/\\\/secure.gravatar.com\\\/avatar\\\/808463f89cd51ccc00a865855b3a170f21d55c755eeccab37eef1fb553f48899?s=96&d=monsterid&r=g\",\"contentUrl\":\"https:\\\/\\\/secure.gravatar.com\\\/avatar\\\/808463f89cd51ccc00a865855b3a170f21d55c755eeccab37eef1fb553f48899?s=96&d=monsterid&r=g\",\"caption\":\"Admin\"},\"url\":\"https:\\\/\\\/natureduca.com\\\/culturblog\\\/author\\\/jefe\\\/\"}]}<\/script>\n<!-- \/ Yoast SEO plugin. -->","yoast_head_json":{"title":"Rimas LX a LXIX [Gustavo Adolfo B\u00e9cquer] - Blog Cultureduca educativa","description":"Rimas LX a LXIX [Gustavo Adolfo B\u00e9cquer] - Blog Cultureduca educativa -","robots":{"index":"index","follow":"follow","max-snippet":"max-snippet:-1","max-image-preview":"max-image-preview:large","max-video-preview":"max-video-preview:-1"},"canonical":"https:\/\/natureduca.com\/culturblog\/rimas-lx-a-lxix-gustavo-adolfo-becquer\/","og_locale":"es_ES","og_type":"article","og_title":"Rimas LX a LXIX [Gustavo Adolfo B\u00e9cquer] - Blog Cultureduca educativa","og_description":"Rimas LX a LXIX [Gustavo Adolfo B\u00e9cquer] - Blog Cultureduca educativa -","og_url":"https:\/\/natureduca.com\/culturblog\/rimas-lx-a-lxix-gustavo-adolfo-becquer\/","og_site_name":"Blog Cultureduca educativa","article_publisher":"https:\/\/www.facebook.com\/groups\/cultureduca\/","article_published_time":"2010-12-10T16:10:37+00:00","og_image":[{"width":1200,"height":120,"url":"https:\/\/natureduca.com\/culturblog\/wp-content\/uploads\/cropped-cabecera-culturblog.jpg","type":"image\/jpeg"}],"author":"Admin","twitter_misc":{"Escrito por":"Admin","Tiempo de lectura":"4 minutos"},"schema":{"@context":"https:\/\/schema.org","@graph":[{"@type":"Article","@id":"https:\/\/natureduca.com\/culturblog\/rimas-lx-a-lxix-gustavo-adolfo-becquer\/#article","isPartOf":{"@id":"https:\/\/natureduca.com\/culturblog\/rimas-lx-a-lxix-gustavo-adolfo-becquer\/"},"author":{"name":"Admin","@id":"https:\/\/natureduca.com\/culturblog\/#\/schema\/person\/2ede2c4f1845fa2eef27442aa5aa7200"},"headline":"Rimas LX a LXIX [Gustavo Adolfo B\u00e9cquer]","datePublished":"2010-12-10T16:10:37+00:00","mainEntityOfPage":{"@id":"https:\/\/natureduca.com\/culturblog\/rimas-lx-a-lxix-gustavo-adolfo-becquer\/"},"wordCount":730,"commentCount":0,"publisher":{"@id":"https:\/\/natureduca.com\/culturblog\/#organization"},"keywords":["amor","arte","flor","lengua","lenguas","rosa"],"articleSection":["Literatura \/ Po\u00e9tica","Textos literarios"],"inLanguage":"es","potentialAction":[{"@type":"CommentAction","name":"Comment","target":["https:\/\/natureduca.com\/culturblog\/rimas-lx-a-lxix-gustavo-adolfo-becquer\/#respond"]}]},{"@type":"WebPage","@id":"https:\/\/natureduca.com\/culturblog\/rimas-lx-a-lxix-gustavo-adolfo-becquer\/","url":"https:\/\/natureduca.com\/culturblog\/rimas-lx-a-lxix-gustavo-adolfo-becquer\/","name":"Rimas LX a LXIX [Gustavo Adolfo B\u00e9cquer] - Blog Cultureduca educativa","isPartOf":{"@id":"https:\/\/natureduca.com\/culturblog\/#website"},"datePublished":"2010-12-10T16:10:37+00:00","description":"Rimas LX a LXIX [Gustavo Adolfo B\u00e9cquer] - Blog Cultureduca educativa -","breadcrumb":{"@id":"https:\/\/natureduca.com\/culturblog\/rimas-lx-a-lxix-gustavo-adolfo-becquer\/#breadcrumb"},"inLanguage":"es","potentialAction":[{"@type":"ReadAction","target":["https:\/\/natureduca.com\/culturblog\/rimas-lx-a-lxix-gustavo-adolfo-becquer\/"]}]},{"@type":"BreadcrumbList","@id":"https:\/\/natureduca.com\/culturblog\/rimas-lx-a-lxix-gustavo-adolfo-becquer\/#breadcrumb","itemListElement":[{"@type":"ListItem","position":1,"name":"Portada","item":"https:\/\/natureduca.com\/culturblog\/"},{"@type":"ListItem","position":2,"name":"Rimas LX a LXIX [Gustavo Adolfo B\u00e9cquer]"}]},{"@type":"WebSite","@id":"https:\/\/natureduca.com\/culturblog\/#website","url":"https:\/\/natureduca.com\/culturblog\/","name":"Blog Cultureduca","description":"Blog educativo de las Letras y las Artes Pl\u00e1sticas y Est\u00e9ticas","publisher":{"@id":"https:\/\/natureduca.com\/culturblog\/#organization"},"alternateName":"Blog Cultura educativa","potentialAction":[{"@type":"SearchAction","target":{"@type":"EntryPoint","urlTemplate":"https:\/\/natureduca.com\/culturblog\/?s={search_term_string}"},"query-input":{"@type":"PropertyValueSpecification","valueRequired":true,"valueName":"search_term_string"}}],"inLanguage":"es"},{"@type":"Organization","@id":"https:\/\/natureduca.com\/culturblog\/#organization","name":"ASOCAE","alternateName":"Asociaci\u00f3n para la Cultura, el Arte y la Educaci\u00f3n","url":"https:\/\/natureduca.com\/culturblog\/","logo":{"@type":"ImageObject","inLanguage":"es","@id":"https:\/\/natureduca.com\/culturblog\/#\/schema\/logo\/image\/","url":"https:\/\/natureduca.com\/culturblog\/wp-content\/uploads\/cultureduca_ico_cab.png","contentUrl":"https:\/\/natureduca.com\/culturblog\/wp-content\/uploads\/cultureduca_ico_cab.png","width":22,"height":24,"caption":"ASOCAE"},"image":{"@id":"https:\/\/natureduca.com\/culturblog\/#\/schema\/logo\/image\/"},"sameAs":["https:\/\/www.facebook.com\/groups\/cultureduca\/","https:\/\/x.com\/Cultureduca"]},{"@type":"Person","@id":"https:\/\/natureduca.com\/culturblog\/#\/schema\/person\/2ede2c4f1845fa2eef27442aa5aa7200","name":"Admin","image":{"@type":"ImageObject","inLanguage":"es","@id":"https:\/\/secure.gravatar.com\/avatar\/808463f89cd51ccc00a865855b3a170f21d55c755eeccab37eef1fb553f48899?s=96&d=monsterid&r=g","url":"https:\/\/secure.gravatar.com\/avatar\/808463f89cd51ccc00a865855b3a170f21d55c755eeccab37eef1fb553f48899?s=96&d=monsterid&r=g","contentUrl":"https:\/\/secure.gravatar.com\/avatar\/808463f89cd51ccc00a865855b3a170f21d55c755eeccab37eef1fb553f48899?s=96&d=monsterid&r=g","caption":"Admin"},"url":"https:\/\/natureduca.com\/culturblog\/author\/jefe\/"}]}},"featured_image_src":null,"featured_image_src_square":null,"author_info":{"display_name":"Admin","author_link":"https:\/\/natureduca.com\/culturblog\/author\/jefe\/"},"uagb_featured_image_src":{"full":false,"thumbnail":false,"medium":false,"medium_large":false,"large":false,"1536x1536":false,"2048x2048":false,"custom":false,"gb-block-post-grid-landscape":false,"gb-block-post-grid-square":false,"post-thumbnail":false,"header":false,"slider":false,"columns":false},"uagb_author_info":{"display_name":"Admin","author_link":"https:\/\/natureduca.com\/culturblog\/author\/jefe\/"},"uagb_comment_info":0,"uagb_excerpt":"LX \u00a0 \u00a0\u00a0\u00a0\u00a0\u00a0\u00a0\u00a0\u00a0\u00a0 Como se arranca el hierro de una herida \u00a0\u00a0\u00a0\u00a0\u00a0\u00a0\u00a0\u00a0\u00a0 su amor de las entra\u00f1as me arranqu\u00e9, \u00a0\u00a0\u00a0\u00a0\u00a0\u00a0\u00a0\u00a0\u00a0 aunque sent\u00ed al hacerlo que la vida \u00a0\u00a0\u00a0\u00a0\u00a0\u00a0\u00a0\u00a0\u00a0\u00a0\u00a0\u00a0\u00a0\u00a0 me arrancaba con \u00e9l! \u00a0 \u00a0\u00a0\u00a0\u00a0\u00a0\u00a0\u00a0\u00a0\u00a0 Del altar que le alc\u00e9 en el alma m\u00eda \u00a0\u00a0\u00a0\u00a0\u00a0\u00a0\u00a0\u00a0\u00a0 la Voluntad su imagen arroj\u00f3, \u00a0\u00a0\u00a0\u00a0\u00a0\u00a0\u00a0\u00a0\u00a0\u2026 Seguir leyendo...","amp_enabled":true,"_links":{"self":[{"href":"https:\/\/natureduca.com\/culturblog\/wp-json\/wp\/v2\/posts\/1021","targetHints":{"allow":["GET"]}}],"collection":[{"href":"https:\/\/natureduca.com\/culturblog\/wp-json\/wp\/v2\/posts"}],"about":[{"href":"https:\/\/natureduca.com\/culturblog\/wp-json\/wp\/v2\/types\/post"}],"author":[{"embeddable":true,"href":"https:\/\/natureduca.com\/culturblog\/wp-json\/wp\/v2\/users\/75"}],"replies":[{"embeddable":true,"href":"https:\/\/natureduca.com\/culturblog\/wp-json\/wp\/v2\/comments?post=1021"}],"version-history":[{"count":0,"href":"https:\/\/natureduca.com\/culturblog\/wp-json\/wp\/v2\/posts\/1021\/revisions"}],"wp:attachment":[{"href":"https:\/\/natureduca.com\/culturblog\/wp-json\/wp\/v2\/media?parent=1021"}],"wp:term":[{"taxonomy":"category","embeddable":true,"href":"https:\/\/natureduca.com\/culturblog\/wp-json\/wp\/v2\/categories?post=1021"},{"taxonomy":"post_tag","embeddable":true,"href":"https:\/\/natureduca.com\/culturblog\/wp-json\/wp\/v2\/tags?post=1021"}],"curies":[{"name":"wp","href":"https:\/\/api.w.org\/{rel}","templated":true}]}}