{"id":1020,"date":"2010-12-10T18:09:53","date_gmt":"2010-12-10T16:09:53","guid":{"rendered":"http:\/\/www.cultureduca.com\/blog\/?p=1020"},"modified":"2010-12-10T18:09:53","modified_gmt":"2010-12-10T16:09:53","slug":"rimas-l-a-lix-gustavo-adolfo-becquer","status":"publish","type":"post","link":"https:\/\/natureduca.com\/culturblog\/rimas-l-a-lix-gustavo-adolfo-becquer\/","title":{"rendered":"Rimas L a LIX [Gustavo Adolfo B\u00e9cquer]"},"content":{"rendered":"<dt><strong>L <\/strong><\/dt>\n<dt>\u00a0 <\/dt>\n<dt>\u00a0\u00a0\u00a0 De lo poco de vida que me resta <\/dt>\n<dt>\u00a0\u00a0\u00a0 diera con gusto los mejores a\u00f1os, <\/dt>\n<dt>\u00a0\u00a0\u00a0\u00a0\u00a0\u00a0\u00a0 por saber lo que a otros <\/dt>\n<dt>\u00a0\u00a0\u00a0 de m\u00ed has hablado. <\/dt>\n<dt>\u00a0 <\/dt>\n<dt>\u00a0\u00a0\u00a0 Y esta vida mortal&#8230; y de la eterna <\/dt>\n<dt>\u00a0\u00a0\u00a0 lo que me toque, si me toca algo, <\/dt>\n<dt>\u00a0\u00a0\u00a0\u00a0\u00a0\u00a0\u00a0 por saber lo que a solas <\/dt>\n<dt>\u00a0\u00a0\u00a0 de m\u00ed has pensado. <\/dt>\n<dt>\u00a0 <\/dt>\n<dt>\u00a0 <\/dt>\n<dt><strong>LI <\/strong><\/dt>\n<dt>\u00a0 <\/dt>\n<dt>\u00a0\u00a0\u00a0\u00a0\u00a0\u00a0\u00a0\u00a0\u00a0 Olas gigantes que os romp\u00e9is bramando <\/dt>\n<dt>\u00a0\u00a0\u00a0\u00a0\u00a0\u00a0\u00a0\u00a0\u00a0 en las playas desiertas y remotas, <\/dt>\n<dt>\u00a0\u00a0\u00a0 \u00a0\u00a0\u00a0\u00a0\u00a0\u00a0envuelto entre la s\u00e1bana de espumas, <\/dt>\n<dt>\u00a0\u00a0\u00a0\u00a0\u00a0\u00a0\u00a0\u00a0\u00a0\u00a0\u00a0\u00a0\u00a0\u00a0 \u00a1llevadme con vosotras! <\/dt>\n<dt>\u00a0 <\/dt>\n<dt>\u00a0\u00a0\u00a0\u00a0\u00a0\u00a0\u00a0\u00a0\u00a0 R\u00e1fagas de hurac\u00e1n que arrebat\u00e1is <\/dt>\n<dt>\u00a0\u00a0\u00a0\u00a0\u00a0\u00a0\u00a0\u00a0\u00a0 del alto bosque las marchitas hojas, <\/dt>\n<dt>\u00a0\u00a0\u00a0\u00a0\u00a0\u00a0\u00a0\u00a0\u00a0 arrastrado en el ciego torbellino, <\/dt>\n<dt>\u00a0\u00a0\u00a0\u00a0\u00a0\u00a0\u00a0\u00a0\u00a0\u00a0\u00a0\u00a0\u00a0\u00a0 \u00a1llevadme con vosotras! <\/dt>\n<dt>\u00a0 <\/dt>\n<dt>\u00a0\u00a0\u00a0\u00a0\u00a0\u00a0\u00a0\u00a0\u00a0 Nubes de tempestad que rompe el rayo <\/dt>\n<dt>\u00a0\u00a0\u00a0\u00a0\u00a0\u00a0\u00a0\u00a0\u00a0 y en fuego encienden las sangrientas orlas, <\/dt>\n<dt>\u00a0\u00a0\u00a0\u00a0\u00a0\u00a0\u00a0\u00a0\u00a0 arrebatado entre la niebla oscura, <\/dt>\n<dt>\u00a0\u00a0\u00a0\u00a0\u00a0\u00a0\u00a0\u00a0\u00a0\u00a0\u00a0\u00a0\u00a0\u00a0 \u00a1llevadme con vosotras! <\/dt>\n<dt>\u00a0 <\/dt>\n<dt>\u00a0\u00a0\u00a0\u00a0\u00a0\u00a0\u00a0\u00a0\u00a0 Llevadme por piedad a donde el v\u00e9rtigo <\/dt>\n<dt>\u00a0\u00a0\u00a0\u00a0\u00a0\u00a0\u00a0\u00a0\u00a0 con la raz\u00f3n me arranque la memoria. <\/dt>\n<dt>\u00a0\u00a0\u00a0\u00a0\u00a0\u00a0\u00a0\u00a0\u00a0 \u00a1Por piedad!, \u00a1tengo miedo de quedarme <\/dt>\n<dt>\u00a0\u00a0\u00a0\u00a0\u00a0\u00a0\u00a0\u00a0\u00a0\u00a0\u00a0\u00a0\u00a0\u00a0 con mi dolor a solas! <\/dt>\n<dt>\u00a0 <\/dt>\n<dt>\u00a0 <\/dt>\n<dt><strong>LII <\/strong><\/dt>\n<dt>\u00a0 <\/dt>\n<dt>\u00a0\u00a0\u00a0\u00a0\u00a0\u00a0\u00a0\u00a0\u00a0 Volver\u00e1n las oscuras golondrinas <\/dt>\n<dt>\u00a0\u00a0\u00a0\u00a0\u00a0\u00a0\u00a0\u00a0\u00a0 en tu balc\u00f3n sus nidos a colgar, <\/dt>\n<dt>\u00a0\u00a0\u00a0\u00a0\u00a0\u00a0\u00a0\u00a0\u00a0 y otra vez con el ala a sus cristales <\/dt>\n<dt>\u00a0\u00a0\u00a0\u00a0\u00a0\u00a0\u00a0\u00a0\u00a0\u00a0\u00a0\u00a0\u00a0\u00a0 jugando llamar\u00e1n. <\/dt>\n<dt>\u00a0 <\/dt>\n<dt>\u00a0\u00a0\u00a0\u00a0\u00a0\u00a0\u00a0\u00a0\u00a0 Pero aquellas que el vuelo refrenaban <\/dt>\n<dt>\u00a0\u00a0\u00a0\u00a0\u00a0\u00a0\u00a0\u00a0\u00a0 tu hermosura y mi dicha a contemplar, <\/dt>\n<dt>\u00a0\u00a0\u00a0\u00a0\u00a0\u00a0\u00a0\u00a0\u00a0 aquellas que aprendieron nuestros nombres, <\/dt>\n<dt>\u00a0\u00a0\u00a0\u00a0\u00a0\u00a0\u00a0\u00a0\u00a0\u00a0\u00a0\u00a0\u00a0\u00a0 \u00e9sas&#8230; \u00a1no volver\u00e1n! <\/dt>\n<dt>\u00a0 <\/dt>\n<dt>\u00a0\u00a0\u00a0\u00a0\u00a0\u00a0\u00a0\u00a0\u00a0 Volver\u00e1n las tupidas madreselvas <\/dt>\n<dt>\u00a0\u00a0\u00a0\u00a0\u00a0\u00a0\u00a0\u00a0\u00a0 de tu jard\u00edn las tapias a escalar <\/dt>\n<dt>\u00a0\u00a0\u00a0\u00a0\u00a0\u00a0\u00a0\u00a0\u00a0 y otra vez a la tarde a\u00fan m\u00e1s hermosas <\/dt>\n<dt>\u00a0\u00a0\u00a0\u00a0\u00a0\u00a0\u00a0\u00a0\u00a0\u00a0\u00a0\u00a0\u00a0\u00a0 sus flores se abrir\u00e1n. <\/dt>\n<dt>\u00a0 <\/dt>\n<dt>\u00a0\u00a0\u00a0\u00a0\u00a0\u00a0\u00a0\u00a0\u00a0 Pero aquellas cuajadas de roc\u00edo <\/dt>\n<dt>\u00a0\u00a0\u00a0\u00a0\u00a0\u00a0\u00a0\u00a0\u00a0 cuyas gotas mir\u00e1bamos temblar <\/dt>\n<dt>\u00a0\u00a0\u00a0\u00a0\u00a0\u00a0\u00a0\u00a0\u00a0 y caer como l\u00e1grimas del d\u00eda&#8230;. <\/dt>\n<dt>\u00a0\u00a0\u00a0\u00a0\u00a0\u00a0\u00a0\u00a0\u00a0\u00a0\u00a0\u00a0\u00a0\u00a0 \u00e9sas&#8230; \u00a1no volver\u00e1n! <\/dt>\n<dt>\u00a0 <\/dt>\n<dt>\u00a0\u00a0\u00a0\u00a0\u00a0\u00a0\u00a0\u00a0\u00a0 Volver\u00e1n del amor en tus o\u00eddos <\/dt>\n<dt>\u00a0\u00a0\u00a0\u00a0\u00a0\u00a0\u00a0\u00a0\u00a0 las palabras ardientes a sonar, <\/dt>\n<dt>\u00a0\u00a0\u00a0\u00a0\u00a0\u00a0\u00a0\u00a0\u00a0 tu coraz\u00f3n de su profundo sue\u00f1o <\/dt>\n<dt>\u00a0\u00a0\u00a0\u00a0\u00a0\u00a0\u00a0\u00a0\u00a0\u00a0\u00a0\u00a0\u00a0\u00a0 tal vez despertar\u00e1. <\/dt>\n<dt>\u00a0 <\/dt>\n<dt>\u00a0\u00a0\u00a0\u00a0\u00a0\u00a0\u00a0\u00a0\u00a0 Pero mudo y absorto y de rodillas, <\/dt>\n<dt>\u00a0\u00a0 \u00a0\u00a0\u00a0\u00a0\u00a0\u00a0\u00a0como se adora a Dios ante su altar, <\/dt>\n<dt>\u00a0\u00a0\u00a0\u00a0\u00a0\u00a0\u00a0\u00a0\u00a0 como yo te he querido&#8230;, deseng\u00e1\u00f1ate, <\/dt>\n<dt>\u00a0\u00a0\u00a0\u00a0\u00a0\u00a0\u00a0\u00a0\u00a0\u00a0\u00a0\u00a0\u00a0\u00a0 \u00a1as\u00ed no te querr\u00e1n! <\/dt>\n<dt>\u00a0 <\/dt>\n<dt>\u00a0 <\/dt>\n<dt><strong>LIII <\/strong><\/dt>\n<dt>\u00a0 <\/dt>\n<dt>\u00a0\u00a0\u00a0 Cuando volvemos las fugaces horas <\/dt>\n<dt>\u00a0\u00a0\u00a0\u00a0\u00a0\u00a0\u00a0 del pasado a evocar, <\/dt>\n<dt>\u00a0\u00a0\u00a0 temblando brilla en sus pesta\u00f1as negras <\/dt>\n<dt>\u00a0\u00a0\u00a0\u00a0\u00a0\u00a0\u00a0 una l\u00e1grima pronta a resbalar. <\/dt>\n<dt>\u00a0\u00a0\u00a0 <\/dt>\n<dt>\u00a0\u00a0\u00a0 Y al fin resbala y cae como gota <\/dt>\n<dt>\u00a0\u00a0\u00a0\u00a0\u00a0\u00a0\u00a0 del roc\u00edo al pensar <\/dt>\n<dt>\u00a0\u00a0\u00a0 que cual hoy por ayer, por hoy ma\u00f1ana <\/dt>\n<dt>\u00a0\u00a0\u00a0\u00a0\u00a0\u00a0\u00a0 volveremos los dos a suspirar. <\/dt>\n<dt>\u00a0 <\/dt>\n<dt>\u00a0 <\/dt>\n<dt><strong>LIV <\/strong><\/dt>\n<dt>\u00a0 <\/dt>\n<dt>Entre el discorde estruendo de la org\u00eda <\/dt>\n<dt>\u00a0\u00a0\u00a0\u00a0\u00a0\u00a0\u00a0\u00a0\u00a0 acarici\u00f3 mi o\u00eddo, <\/dt>\n<dt>\u00a0\u00a0\u00a0\u00a0\u00a0\u00a0 como nota de lejana m\u00fasica, <\/dt>\n<dt>\u00a0\u00a0\u00a0\u00a0\u00a0\u00a0\u00a0\u00a0\u00a0 el eco de un suspiro. <\/dt>\n<dt>\u00a0 <\/dt>\n<dt>El eco de un suspiro que conozco, <\/dt>\n<dt>formado de un aliento que he bebido, <\/dt>\n<dt>perfume de una flor que oculta crece <\/dt>\n<dt>\u00a0\u00a0\u00a0\u00a0\u00a0 en un claustro sombr\u00edo. <\/dt>\n<dt>\u00a0 <\/dt>\n<dt>Mi adorada de un d\u00eda, cari\u00f1osa, <\/dt>\n<dt>\u201c\u00bfen qu\u00e9 piensas ?\u201d, me dijo: <\/dt>\n<dt>\u201cEn nada&#8230;\u201d \u201c\u00bfEn nada, y lloras?\u201d \u201cEs que tienes <\/dt>\n<dt>alegre la tristeza y triste el vino\u201d. <\/dt>\n<dt>\u00a0 <\/dt>\n<dt>\u00a0 <\/dt>\n<dt><strong>LV <\/strong><\/dt>\n<dt>\u00a0 <\/dt>\n<dt>Hoy como ayer, ma\u00f1ana como hoy <\/dt>\n<dt>\u00a0\u00a0\u00a0\u00a0\u00a0\u00a0\u00a0\u00a0\u00a0 \u00a1y siempre igual! <\/dt>\n<dt>Un cielo gris, un horizonte eterno <\/dt>\n<dt>\u00a0\u00a0\u00a0\u00a0\u00a0\u00a0\u00a0\u00a0\u00a0 y andar&#8230;, andar. <\/dt>\n<dt>\u00a0 <\/dt>\n<dt>Movi\u00e9ndose a comp\u00e1s como una est\u00fapida <\/dt>\n<dt>\u00a0\u00a0\u00a0\u00a0\u00a0\u00a0\u00a0\u00a0\u00a0 m\u00e1quina, el coraz\u00f3n; <\/dt>\n<dt>la torpe inteligencia del cerebro <\/dt>\n<dt>\u00a0\u00a0\u00a0\u00a0\u00a0\u00a0\u00a0\u00a0\u00a0 dormida en un rinc\u00f3n. <\/dt>\n<dt>\u00a0 <\/dt>\n<dt>El alma, que ambiciona un para\u00edso, <\/dt>\n<dt>\u00a0\u00a0\u00a0\u00a0\u00a0\u00a0\u00a0\u00a0\u00a0 busc\u00e1ndole sin fe; <\/dt>\n<dt>fatiga sin objeto, ola que rueda <\/dt>\n<dt>\u00a0\u00a0\u00a0\u00a0\u00a0\u00a0\u00a0\u00a0\u00a0 ignorando por qu\u00e9. <\/dt>\n<dt>\u00a0 <\/dt>\n<dt>Voz que incesante con el mismo tono <\/dt>\n<dt>\u00a0\u00a0\u00a0\u00a0\u00a0\u00a0\u00a0\u00a0\u00a0 canta el mismo cantar; <\/dt>\n<dt>gota de agua mon\u00f3tona que cae, <\/dt>\n<dt>\u00a0\u00a0\u00a0\u00a0\u00a0\u00a0\u00a0\u00a0\u00a0 y cae sin cesar. <\/dt>\n<dt>\u00a0 <\/dt>\n<dt>As\u00ed van desliz\u00e1ndose los d\u00edas <\/dt>\n<dt>\u00a0\u00a0\u00a0\u00a0\u00a0\u00a0\u00a0\u00a0\u00a0 unos de otros en pos, <\/dt>\n<dt>hoy lo mismo que ayer&#8230;, y todos ellos <\/dt>\n<dt>\u00a0\u00a0\u00a0\u00a0\u00a0\u00a0\u00a0\u00a0\u00a0 sin goce ni dolor. <\/dt>\n<dt>\u00a0 <\/dt>\n<dt>\u00a1Ay!, \u00a1a veces me acuerdo suspirando <\/dt>\n<dt>\u00a0\u00a0\u00a0\u00a0\u00a0\u00a0\u00a0\u00a0\u00a0 del antiguo sufrir&#8230; <\/dt>\n<dt>Amargo es el dolor; \u00a1pero siquiera <\/dt>\n<dt>\u00a0\u00a0\u00a0\u00a0\u00a0\u00a0\u00a0\u00a0\u00a0 padecer es vivir! <\/dt>\n<dt>\u00a0 <\/dt>\n<dt><strong>LVI <\/strong><\/dt>\n<dt>\u00a0 <\/dt>\n<dt>\u00a0\u00a0\u00a0 \u00bfQuieres que de ese n\u00e9ctar delicioso <\/dt>\n<dt>\u00a0\u00a0\u00a0\u00a0\u00a0\u00a0\u00a0 no te amargue la hez? <\/dt>\n<dt>\u00a0\u00a0\u00a0 pues asp\u00edrale, ac\u00e9rcale a tus labios <\/dt>\n<dt>\u00a0\u00a0\u00a0\u00a0\u00a0\u00a0\u00a0 y d\u00e9jale despu\u00e9s. <\/dt>\n<dt>\u00a0 <\/dt>\n<dt>\u00a0\u00a0\u00a0 \u00bfQuieres que conservemos una dulce <\/dt>\n<dt>\u00a0\u00a0\u00a0\u00a0\u00a0\u00a0\u00a0 memoria de este amor? <\/dt>\n<dt>\u00a0\u00a0\u00a0 Pues am\u00e9monos hoy mucho y ma\u00f1ana <\/dt>\n<dt>\u00a0\u00a0\u00a0\u00a0\u00a0\u00a0\u00a0 dig\u00e1monos \u00a1adi\u00f3s! <\/dt>\n<dt>\u00a0 <\/dt>\n<dt><strong>LVII <\/strong><\/dt>\n<dt>\u00a0 <\/dt>\n<dt>\u00a0\u00a0\u00a0\u00a0\u00a0\u00a0\u00a0\u00a0\u00a0 Yo s\u00e9 cu\u00e1l el objeto <\/dt>\n<dt>\u00a0\u00a0\u00a0\u00a0\u00a0\u00a0\u00a0\u00a0\u00a0 de tus suspiros es; <\/dt>\n<dt>\u00a0\u00a0\u00a0\u00a0\u00a0\u00a0\u00a0\u00a0\u00a0 yo conozco la causa de tu dulce <\/dt>\n<dt>\u00a0\u00a0\u00a0\u00a0\u00a0\u00a0\u00a0 \u00a0\u00a0secreta languidez. <\/dt>\n<dt>\u00a0\u00a0\u00a0\u00a0\u00a0\u00a0\u00a0\u00a0\u00a0 \u00bfTe r\u00edes?&#8230; Alg\u00fan d\u00eda <\/dt>\n<dt>\u00a0\u00a0\u00a0\u00a0\u00a0\u00a0\u00a0\u00a0\u00a0 sabr\u00e1s, ni\u00f1a, por qu\u00e9: <\/dt>\n<dt>\u00a0\u00a0\u00a0\u00a0\u00a0\u00a0\u00a0\u00a0\u00a0 t\u00fa lo sabes apenas <\/dt>\n<dt>\u00a0\u00a0\u00a0\u00a0\u00a0\u00a0\u00a0\u00a0\u00a0\u00a0\u00a0\u00a0\u00a0\u00a0 y yo lo s\u00e9. <\/dt>\n<dt>\u00a0 <\/dt>\n<dt>\u00a0\u00a0\u00a0\u00a0\u00a0\u00a0\u00a0\u00a0\u00a0 Yo s\u00e9 cuando tu sue\u00f1as, <\/dt>\n<dt>\u00a0\u00a0\u00a0\u00a0\u00a0\u00a0\u00a0\u00a0\u00a0 y lo que en sue\u00f1os ves; <\/dt>\n<dt>\u00a0\u00a0\u00a0\u00a0\u00a0\u00a0\u00a0\u00a0\u00a0 como en un libro puedo lo que callas <\/dt>\n<dt>\u00a0\u00a0\u00a0\u00a0\u00a0\u00a0\u00a0\u00a0\u00a0 en tu frente leer. <\/dt>\n<dt>\u00a0\u00a0\u00a0\u00a0\u00a0\u00a0\u00a0\u00a0\u00a0 \u00bfTe r\u00edes?&#8230; Alg\u00fan d\u00eda <\/dt>\n<dt>\u00a0\u00a0\u00a0\u00a0\u00a0\u00a0\u00a0\u00a0\u00a0 sabr\u00e1s, ni\u00f1a, por qu\u00e9: <\/dt>\n<dt>\u00a0\u00a0\u00a0\u00a0\u00a0\u00a0\u00a0\u00a0\u00a0 t\u00fa lo sabes apenas <\/dt>\n<dt>\u00a0\u00a0\u00a0\u00a0\u00a0\u00a0\u00a0\u00a0\u00a0 y yo lo s\u00e9. <\/dt>\n<dt>\u00a0 <\/dt>\n<dt>\u00a0\u00a0\u00a0\u00a0\u00a0\u00a0\u00a0\u00a0\u00a0 Yo s\u00e9 por qu\u00e9 sonr\u00edes <\/dt>\n<dt>\u00a0\u00a0\u00a0\u00a0\u00a0\u00a0\u00a0\u00a0\u00a0 y lloras a la vez. <\/dt>\n<dt>\u00a0\u00a0\u00a0\u00a0\u00a0\u00a0\u00a0\u00a0\u00a0 yo penetro en los senos misteriosos <\/dt>\n<dt>\u00a0\u00a0\u00a0\u00a0\u00a0\u00a0\u00a0\u00a0\u00a0 de tu alma de mujer. <\/dt>\n<dt>\u00a0\u00a0\u00a0\u00a0\u00a0\u00a0\u00a0\u00a0\u00a0 \u00bfTe r\u00edes?&#8230; Alg\u00fan d\u00eda <\/dt>\n<dt>\u00a0\u00a0\u00a0\u00a0\u00a0\u00a0\u00a0\u00a0\u00a0 sabr\u00e1s, ni\u00f1a, por qu\u00e9: <\/dt>\n<dt>\u00a0\u00a0\u00a0\u00a0\u00a0\u00a0\u00a0\u00a0\u00a0 mientras tu sientes mucho y nada sabes, <\/dt>\n<dt>\u00a0\u00a0\u00a0\u00a0\u00a0\u00a0\u00a0\u00a0\u00a0 yo que no siento ya, todo lo s\u00e9. <\/dt>\n<dt>\u00a0 <\/dt>\n<dt><strong>LVIII <\/strong><\/dt>\n<dt>\u00a0 <\/dt>\n<dt>\u00a0\u00a0\u00a0\u00a0\u00a0\u00a0\u00a0\u00a0\u00a0 Al ver mis horas de fiebre <\/dt>\n<dt>\u00a0\u00a0\u00a0\u00a0\u00a0\u00a0\u00a0\u00a0\u00a0 e insomnio lentas pasar, <\/dt>\n<dt>\u00a0\u00a0\u00a0\u00a0\u00a0\u00a0\u00a0\u00a0\u00a0 a la orilla de mi lecho, <\/dt>\n<dt>\u00a0\u00a0\u00a0\u00a0\u00a0\u00a0\u00a0\u00a0\u00a0\u00a0\u00a0\u00a0\u00a0\u00a0 \u00bfqui\u00e9n se sentar\u00e1? <\/dt>\n<dt>\u00a0 <\/dt>\n<dt>\u00a0\u00a0\u00a0\u00a0\u00a0\u00a0\u00a0\u00a0\u00a0 Cuando la tr\u00e9mula mano <\/dt>\n<dt>\u00a0\u00a0\u00a0\u00a0\u00a0\u00a0\u00a0\u00a0\u00a0 tienda pr\u00f3ximo a expirar <\/dt>\n<dt>\u00a0\u00a0\u00a0\u00a0\u00a0\u00a0\u00a0\u00a0\u00a0 buscando una mano amiga, <\/dt>\n<dt>\u00a0\u00a0\u00a0\u00a0\u00a0\u00a0\u00a0\u00a0\u00a0\u00a0\u00a0\u00a0\u00a0\u00a0 \u00bfqui\u00e9n la estrechar\u00e1? <\/dt>\n<dt>\u00a0 <\/dt>\n<dt>\u00a0\u00a0\u00a0\u00a0\u00a0\u00a0\u00a0\u00a0\u00a0 Cuando la muerte vidr\u00ede <\/dt>\n<dt>\u00a0\u00a0\u00a0\u00a0\u00a0\u00a0\u00a0\u00a0\u00a0 de mis ojos el cristal, <\/dt>\n<dt>\u00a0\u00a0\u00a0\u00a0\u00a0\u00a0\u00a0\u00a0\u00a0 mis p\u00e1rpados a\u00fan abiertos, <\/dt>\n<dt>\u00a0\u00a0\u00a0\u00a0\u00a0\u00a0\u00a0\u00a0\u00a0\u00a0\u00a0\u00a0\u00a0\u00a0 \u00bfqui\u00e9n los cerrar\u00e1? <\/dt>\n<dt>\u00a0 <\/dt>\n<dt>\u00a0\u00a0\u00a0\u00a0\u00a0\u00a0\u00a0\u00a0\u00a0 Cuando la campana suene <\/dt>\n<dt>\u00a0\u00a0\u00a0\u00a0\u00a0\u00a0\u00a0\u00a0\u00a0 (si suena en mi funeral), <\/dt>\n<dt>\u00a0\u00a0\u00a0\u00a0\u00a0\u00a0\u00a0\u00a0\u00a0 una oraci\u00f3n al o\u00edrla, <\/dt>\n<dt>\u00a0\u00a0\u00a0\u00a0\u00a0\u00a0\u00a0\u00a0\u00a0\u00a0\u00a0\u00a0\u00a0\u00a0 \u00bfqui\u00e9n murmurar\u00e1? <\/dt>\n<dt>\u00a0 <\/dt>\n<dt>\u00a0\u00a0\u00a0\u00a0\u00a0\u00a0\u00a0\u00a0 \u00a0Cuando mis p\u00e1lidos restos <\/dt>\n<dt>\u00a0\u00a0\u00a0\u00a0\u00a0\u00a0\u00a0\u00a0\u00a0 oprima la tierra ya, <\/dt>\n<dt>\u00a0\u00a0\u00a0\u00a0\u00a0\u00a0\u00a0\u00a0\u00a0 sobre la olvidada fosa. <\/dt>\n<dt>\u00a0\u00a0\u00a0\u00a0\u00a0\u00a0\u00a0\u00a0\u00a0\u00a0\u00a0\u00a0\u00a0\u00a0 \u00bfqui\u00e9n vendar a llorar? <\/dt>\n<dt>\u00a0 <\/dt>\n<dt>\u00a0\u00a0\u00a0\u00a0\u00a0\u00a0\u00a0\u00a0\u00a0 \u00bfQui\u00e9n en fin al otro d\u00eda, <\/dt>\n<dt>\u00a0\u00a0\u00a0\u00a0\u00a0\u00a0\u00a0\u00a0\u00a0 cuando el sol vuelva a brillar, <\/dt>\n<dt>\u00a0\u00a0\u00a0\u00a0\u00a0\u00a0\u00a0\u00a0\u00a0 de que pas\u00e9 por el mundo, <\/dt>\n<dt>\u00a0\u00a0\u00a0\u00a0\u00a0\u00a0\u00a0\u00a0 \u00a0\u00a0\u00a0\u00a0\u00a0\u00a0\u00bfqui\u00e9n se acordar\u00e1? <\/dt>\n<dt>\u00a0 <\/dt>\n<dt>\u00a0 <\/dt>\n<dt><strong>LIX <\/strong><\/dt>\n<dt>\u00a0 <\/dt>\n<dt>\u00a0\u00a0\u00a0\u00a0\u00a0\u00a0\u00a0\u00a0\u00a0 Me ha herido recat\u00e1ndose en las sombras, <\/dt>\n<dt>\u00a0\u00a0\u00a0\u00a0\u00a0\u00a0\u00a0\u00a0\u00a0 sellando con un beso su traici\u00f3n. <\/dt>\n<dt>\u00a0\u00a0\u00a0\u00a0\u00a0\u00a0\u00a0\u00a0\u00a0 Los brazos me ech\u00f3 al cuello y por la espalda <\/dt>\n<dt>\u00a0\u00a0\u00a0\u00a0\u00a0\u00a0\u00a0\u00a0\u00a0 me parti\u00f3 a sangre fr\u00eda el coraz\u00f3n. <\/dt>\n<dt>\u00a0 <\/dt>\n<dt>\u00a0\u00a0\u00a0\u00a0\u00a0\u00a0\u00a0\u00a0\u00a0 Y ella imp\u00e1vida sigue su camino, <\/dt>\n<dt>\u00a0\u00a0\u00a0\u00a0\u00a0\u00a0\u00a0\u00a0\u00a0 feliz, risue\u00f1a, imp\u00e1vida, \u00bfy por qu\u00e9? <\/dt>\n<dt>\u00a0\u00a0\u00a0\u00a0\u00a0\u00a0\u00a0\u00a0\u00a0 porque no brota sangre de la herida&#8230; <\/dt>\n<dt>\u00a0\u00a0\u00a0\u00a0\u00a0\u00a0\u00a0\u00a0\u00a0\u00a0\u00a0 \u00a1porque el muerto est\u00e1 en pie!. <\/dt>\n","protected":false},"excerpt":{"rendered":"<p>L \u00a0 \u00a0\u00a0\u00a0 De lo poco de vida que me resta \u00a0\u00a0\u00a0 diera con gusto los mejores a\u00f1os, \u00a0\u00a0\u00a0\u00a0\u00a0\u00a0\u00a0 por saber lo que a otros \u00a0\u00a0\u00a0 de m\u00ed has hablado. \u00a0 \u00a0\u00a0\u00a0 Y esta vida mortal&#8230; y de la eterna \u00a0\u00a0\u00a0 lo que me toque, si me toca algo, \u00a0\u00a0\u00a0\u00a0\u00a0\u00a0\u00a0\u2026<\/p>\n<p class=\"continue-reading-button\"> <a class=\"continue-reading-link\" href=\"https:\/\/natureduca.com\/culturblog\/rimas-l-a-lix-gustavo-adolfo-becquer\/\">Seguir leyendo&#8230;<i class=\"crycon-right-dir\"><\/i><\/a><\/p>\n","protected":false},"author":75,"featured_media":0,"comment_status":"open","ping_status":"open","sticky":false,"template":"","format":"standard","meta":{"rop_custom_images_group":[],"rop_custom_messages_group":[],"rop_publish_now":"initial","rop_publish_now_accounts":{"twitter_226634691_226634691":""},"rop_publish_now_history":[],"rop_publish_now_status":"pending","_uag_custom_page_level_css":"","footnotes":""},"categories":[5,1109],"tags":[1010,1015,1145,1033],"class_list":["post-1020","post","type-post","status-publish","format-standard","hentry","category-literatura","category-textos-literarios","tag-amor","tag-flor","tag-libro","tag-vino"],"yoast_head":"<!-- This site is optimized with the Yoast SEO plugin v27.4 - https:\/\/yoast.com\/product\/yoast-seo-wordpress\/ -->\n<title>Rimas L a LIX [Gustavo Adolfo B\u00e9cquer] - Blog Cultureduca educativa<\/title>\n<meta name=\"description\" content=\"Rimas L a LIX [Gustavo Adolfo B\u00e9cquer] - Blog Cultureduca educativa -\" \/>\n<meta name=\"robots\" content=\"index, follow, max-snippet:-1, max-image-preview:large, max-video-preview:-1\" \/>\n<link rel=\"canonical\" href=\"https:\/\/natureduca.com\/culturblog\/rimas-l-a-lix-gustavo-adolfo-becquer\/\" \/>\n<meta property=\"og:locale\" content=\"es_ES\" \/>\n<meta property=\"og:type\" content=\"article\" \/>\n<meta property=\"og:title\" content=\"Rimas L a LIX [Gustavo Adolfo B\u00e9cquer] - Blog Cultureduca educativa\" \/>\n<meta property=\"og:description\" content=\"Rimas L a LIX [Gustavo Adolfo B\u00e9cquer] - Blog Cultureduca educativa -\" \/>\n<meta property=\"og:url\" content=\"https:\/\/natureduca.com\/culturblog\/rimas-l-a-lix-gustavo-adolfo-becquer\/\" \/>\n<meta property=\"og:site_name\" content=\"Blog Cultureduca educativa\" \/>\n<meta property=\"article:publisher\" content=\"https:\/\/www.facebook.com\/groups\/cultureduca\/\" \/>\n<meta property=\"article:published_time\" content=\"2010-12-10T16:09:53+00:00\" \/>\n<meta property=\"og:image\" content=\"https:\/\/natureduca.com\/culturblog\/wp-content\/uploads\/cropped-cabecera-culturblog.jpg\" \/>\n\t<meta property=\"og:image:width\" content=\"1200\" \/>\n\t<meta property=\"og:image:height\" content=\"120\" \/>\n\t<meta property=\"og:image:type\" content=\"image\/jpeg\" \/>\n<meta name=\"author\" content=\"Admin\" \/>\n<meta name=\"twitter:label1\" content=\"Escrito por\" \/>\n\t<meta name=\"twitter:data1\" content=\"Admin\" \/>\n\t<meta name=\"twitter:label2\" content=\"Tiempo de lectura\" \/>\n\t<meta name=\"twitter:data2\" content=\"5 minutos\" \/>\n<script type=\"application\/ld+json\" class=\"yoast-schema-graph\">{\"@context\":\"https:\\\/\\\/schema.org\",\"@graph\":[{\"@type\":\"Article\",\"@id\":\"https:\\\/\\\/natureduca.com\\\/culturblog\\\/rimas-l-a-lix-gustavo-adolfo-becquer\\\/#article\",\"isPartOf\":{\"@id\":\"https:\\\/\\\/natureduca.com\\\/culturblog\\\/rimas-l-a-lix-gustavo-adolfo-becquer\\\/\"},\"author\":{\"name\":\"Admin\",\"@id\":\"https:\\\/\\\/natureduca.com\\\/culturblog\\\/#\\\/schema\\\/person\\\/2ede2c4f1845fa2eef27442aa5aa7200\"},\"headline\":\"Rimas L a LIX [Gustavo Adolfo B\u00e9cquer]\",\"datePublished\":\"2010-12-10T16:09:53+00:00\",\"mainEntityOfPage\":{\"@id\":\"https:\\\/\\\/natureduca.com\\\/culturblog\\\/rimas-l-a-lix-gustavo-adolfo-becquer\\\/\"},\"wordCount\":929,\"commentCount\":0,\"publisher\":{\"@id\":\"https:\\\/\\\/natureduca.com\\\/culturblog\\\/#organization\"},\"keywords\":[\"amor\",\"flor\",\"libro\",\"vino\"],\"articleSection\":[\"Literatura \\\/ Po\u00e9tica\",\"Textos literarios\"],\"inLanguage\":\"es\",\"potentialAction\":[{\"@type\":\"CommentAction\",\"name\":\"Comment\",\"target\":[\"https:\\\/\\\/natureduca.com\\\/culturblog\\\/rimas-l-a-lix-gustavo-adolfo-becquer\\\/#respond\"]}]},{\"@type\":\"WebPage\",\"@id\":\"https:\\\/\\\/natureduca.com\\\/culturblog\\\/rimas-l-a-lix-gustavo-adolfo-becquer\\\/\",\"url\":\"https:\\\/\\\/natureduca.com\\\/culturblog\\\/rimas-l-a-lix-gustavo-adolfo-becquer\\\/\",\"name\":\"Rimas L a LIX [Gustavo Adolfo B\u00e9cquer] - Blog Cultureduca educativa\",\"isPartOf\":{\"@id\":\"https:\\\/\\\/natureduca.com\\\/culturblog\\\/#website\"},\"datePublished\":\"2010-12-10T16:09:53+00:00\",\"description\":\"Rimas L a LIX [Gustavo Adolfo B\u00e9cquer] - Blog Cultureduca educativa -\",\"breadcrumb\":{\"@id\":\"https:\\\/\\\/natureduca.com\\\/culturblog\\\/rimas-l-a-lix-gustavo-adolfo-becquer\\\/#breadcrumb\"},\"inLanguage\":\"es\",\"potentialAction\":[{\"@type\":\"ReadAction\",\"target\":[\"https:\\\/\\\/natureduca.com\\\/culturblog\\\/rimas-l-a-lix-gustavo-adolfo-becquer\\\/\"]}]},{\"@type\":\"BreadcrumbList\",\"@id\":\"https:\\\/\\\/natureduca.com\\\/culturblog\\\/rimas-l-a-lix-gustavo-adolfo-becquer\\\/#breadcrumb\",\"itemListElement\":[{\"@type\":\"ListItem\",\"position\":1,\"name\":\"Portada\",\"item\":\"https:\\\/\\\/natureduca.com\\\/culturblog\\\/\"},{\"@type\":\"ListItem\",\"position\":2,\"name\":\"Rimas L a LIX [Gustavo Adolfo B\u00e9cquer]\"}]},{\"@type\":\"WebSite\",\"@id\":\"https:\\\/\\\/natureduca.com\\\/culturblog\\\/#website\",\"url\":\"https:\\\/\\\/natureduca.com\\\/culturblog\\\/\",\"name\":\"Blog Cultureduca\",\"description\":\"Blog educativo de las Letras y las Artes Pl\u00e1sticas y Est\u00e9ticas\",\"publisher\":{\"@id\":\"https:\\\/\\\/natureduca.com\\\/culturblog\\\/#organization\"},\"alternateName\":\"Blog Cultura educativa\",\"potentialAction\":[{\"@type\":\"SearchAction\",\"target\":{\"@type\":\"EntryPoint\",\"urlTemplate\":\"https:\\\/\\\/natureduca.com\\\/culturblog\\\/?s={search_term_string}\"},\"query-input\":{\"@type\":\"PropertyValueSpecification\",\"valueRequired\":true,\"valueName\":\"search_term_string\"}}],\"inLanguage\":\"es\"},{\"@type\":\"Organization\",\"@id\":\"https:\\\/\\\/natureduca.com\\\/culturblog\\\/#organization\",\"name\":\"ASOCAE\",\"alternateName\":\"Asociaci\u00f3n para la Cultura, el Arte y la Educaci\u00f3n\",\"url\":\"https:\\\/\\\/natureduca.com\\\/culturblog\\\/\",\"logo\":{\"@type\":\"ImageObject\",\"inLanguage\":\"es\",\"@id\":\"https:\\\/\\\/natureduca.com\\\/culturblog\\\/#\\\/schema\\\/logo\\\/image\\\/\",\"url\":\"https:\\\/\\\/natureduca.com\\\/culturblog\\\/wp-content\\\/uploads\\\/cultureduca_ico_cab.png\",\"contentUrl\":\"https:\\\/\\\/natureduca.com\\\/culturblog\\\/wp-content\\\/uploads\\\/cultureduca_ico_cab.png\",\"width\":22,\"height\":24,\"caption\":\"ASOCAE\"},\"image\":{\"@id\":\"https:\\\/\\\/natureduca.com\\\/culturblog\\\/#\\\/schema\\\/logo\\\/image\\\/\"},\"sameAs\":[\"https:\\\/\\\/www.facebook.com\\\/groups\\\/cultureduca\\\/\",\"https:\\\/\\\/x.com\\\/Cultureduca\"]},{\"@type\":\"Person\",\"@id\":\"https:\\\/\\\/natureduca.com\\\/culturblog\\\/#\\\/schema\\\/person\\\/2ede2c4f1845fa2eef27442aa5aa7200\",\"name\":\"Admin\",\"image\":{\"@type\":\"ImageObject\",\"inLanguage\":\"es\",\"@id\":\"https:\\\/\\\/secure.gravatar.com\\\/avatar\\\/808463f89cd51ccc00a865855b3a170f21d55c755eeccab37eef1fb553f48899?s=96&d=monsterid&r=g\",\"url\":\"https:\\\/\\\/secure.gravatar.com\\\/avatar\\\/808463f89cd51ccc00a865855b3a170f21d55c755eeccab37eef1fb553f48899?s=96&d=monsterid&r=g\",\"contentUrl\":\"https:\\\/\\\/secure.gravatar.com\\\/avatar\\\/808463f89cd51ccc00a865855b3a170f21d55c755eeccab37eef1fb553f48899?s=96&d=monsterid&r=g\",\"caption\":\"Admin\"},\"url\":\"https:\\\/\\\/natureduca.com\\\/culturblog\\\/author\\\/jefe\\\/\"}]}<\/script>\n<!-- \/ Yoast SEO plugin. -->","yoast_head_json":{"title":"Rimas L a LIX [Gustavo Adolfo B\u00e9cquer] - Blog Cultureduca educativa","description":"Rimas L a LIX [Gustavo Adolfo B\u00e9cquer] - Blog Cultureduca educativa -","robots":{"index":"index","follow":"follow","max-snippet":"max-snippet:-1","max-image-preview":"max-image-preview:large","max-video-preview":"max-video-preview:-1"},"canonical":"https:\/\/natureduca.com\/culturblog\/rimas-l-a-lix-gustavo-adolfo-becquer\/","og_locale":"es_ES","og_type":"article","og_title":"Rimas L a LIX [Gustavo Adolfo B\u00e9cquer] - Blog Cultureduca educativa","og_description":"Rimas L a LIX [Gustavo Adolfo B\u00e9cquer] - Blog Cultureduca educativa -","og_url":"https:\/\/natureduca.com\/culturblog\/rimas-l-a-lix-gustavo-adolfo-becquer\/","og_site_name":"Blog Cultureduca educativa","article_publisher":"https:\/\/www.facebook.com\/groups\/cultureduca\/","article_published_time":"2010-12-10T16:09:53+00:00","og_image":[{"width":1200,"height":120,"url":"https:\/\/natureduca.com\/culturblog\/wp-content\/uploads\/cropped-cabecera-culturblog.jpg","type":"image\/jpeg"}],"author":"Admin","twitter_misc":{"Escrito por":"Admin","Tiempo de lectura":"5 minutos"},"schema":{"@context":"https:\/\/schema.org","@graph":[{"@type":"Article","@id":"https:\/\/natureduca.com\/culturblog\/rimas-l-a-lix-gustavo-adolfo-becquer\/#article","isPartOf":{"@id":"https:\/\/natureduca.com\/culturblog\/rimas-l-a-lix-gustavo-adolfo-becquer\/"},"author":{"name":"Admin","@id":"https:\/\/natureduca.com\/culturblog\/#\/schema\/person\/2ede2c4f1845fa2eef27442aa5aa7200"},"headline":"Rimas L a LIX [Gustavo Adolfo B\u00e9cquer]","datePublished":"2010-12-10T16:09:53+00:00","mainEntityOfPage":{"@id":"https:\/\/natureduca.com\/culturblog\/rimas-l-a-lix-gustavo-adolfo-becquer\/"},"wordCount":929,"commentCount":0,"publisher":{"@id":"https:\/\/natureduca.com\/culturblog\/#organization"},"keywords":["amor","flor","libro","vino"],"articleSection":["Literatura \/ Po\u00e9tica","Textos literarios"],"inLanguage":"es","potentialAction":[{"@type":"CommentAction","name":"Comment","target":["https:\/\/natureduca.com\/culturblog\/rimas-l-a-lix-gustavo-adolfo-becquer\/#respond"]}]},{"@type":"WebPage","@id":"https:\/\/natureduca.com\/culturblog\/rimas-l-a-lix-gustavo-adolfo-becquer\/","url":"https:\/\/natureduca.com\/culturblog\/rimas-l-a-lix-gustavo-adolfo-becquer\/","name":"Rimas L a LIX [Gustavo Adolfo B\u00e9cquer] - Blog Cultureduca educativa","isPartOf":{"@id":"https:\/\/natureduca.com\/culturblog\/#website"},"datePublished":"2010-12-10T16:09:53+00:00","description":"Rimas L a LIX [Gustavo Adolfo B\u00e9cquer] - Blog Cultureduca educativa -","breadcrumb":{"@id":"https:\/\/natureduca.com\/culturblog\/rimas-l-a-lix-gustavo-adolfo-becquer\/#breadcrumb"},"inLanguage":"es","potentialAction":[{"@type":"ReadAction","target":["https:\/\/natureduca.com\/culturblog\/rimas-l-a-lix-gustavo-adolfo-becquer\/"]}]},{"@type":"BreadcrumbList","@id":"https:\/\/natureduca.com\/culturblog\/rimas-l-a-lix-gustavo-adolfo-becquer\/#breadcrumb","itemListElement":[{"@type":"ListItem","position":1,"name":"Portada","item":"https:\/\/natureduca.com\/culturblog\/"},{"@type":"ListItem","position":2,"name":"Rimas L a LIX [Gustavo Adolfo B\u00e9cquer]"}]},{"@type":"WebSite","@id":"https:\/\/natureduca.com\/culturblog\/#website","url":"https:\/\/natureduca.com\/culturblog\/","name":"Blog Cultureduca","description":"Blog educativo de las Letras y las Artes Pl\u00e1sticas y Est\u00e9ticas","publisher":{"@id":"https:\/\/natureduca.com\/culturblog\/#organization"},"alternateName":"Blog Cultura educativa","potentialAction":[{"@type":"SearchAction","target":{"@type":"EntryPoint","urlTemplate":"https:\/\/natureduca.com\/culturblog\/?s={search_term_string}"},"query-input":{"@type":"PropertyValueSpecification","valueRequired":true,"valueName":"search_term_string"}}],"inLanguage":"es"},{"@type":"Organization","@id":"https:\/\/natureduca.com\/culturblog\/#organization","name":"ASOCAE","alternateName":"Asociaci\u00f3n para la Cultura, el Arte y la Educaci\u00f3n","url":"https:\/\/natureduca.com\/culturblog\/","logo":{"@type":"ImageObject","inLanguage":"es","@id":"https:\/\/natureduca.com\/culturblog\/#\/schema\/logo\/image\/","url":"https:\/\/natureduca.com\/culturblog\/wp-content\/uploads\/cultureduca_ico_cab.png","contentUrl":"https:\/\/natureduca.com\/culturblog\/wp-content\/uploads\/cultureduca_ico_cab.png","width":22,"height":24,"caption":"ASOCAE"},"image":{"@id":"https:\/\/natureduca.com\/culturblog\/#\/schema\/logo\/image\/"},"sameAs":["https:\/\/www.facebook.com\/groups\/cultureduca\/","https:\/\/x.com\/Cultureduca"]},{"@type":"Person","@id":"https:\/\/natureduca.com\/culturblog\/#\/schema\/person\/2ede2c4f1845fa2eef27442aa5aa7200","name":"Admin","image":{"@type":"ImageObject","inLanguage":"es","@id":"https:\/\/secure.gravatar.com\/avatar\/808463f89cd51ccc00a865855b3a170f21d55c755eeccab37eef1fb553f48899?s=96&d=monsterid&r=g","url":"https:\/\/secure.gravatar.com\/avatar\/808463f89cd51ccc00a865855b3a170f21d55c755eeccab37eef1fb553f48899?s=96&d=monsterid&r=g","contentUrl":"https:\/\/secure.gravatar.com\/avatar\/808463f89cd51ccc00a865855b3a170f21d55c755eeccab37eef1fb553f48899?s=96&d=monsterid&r=g","caption":"Admin"},"url":"https:\/\/natureduca.com\/culturblog\/author\/jefe\/"}]}},"featured_image_src":null,"featured_image_src_square":null,"author_info":{"display_name":"Admin","author_link":"https:\/\/natureduca.com\/culturblog\/author\/jefe\/"},"uagb_featured_image_src":{"full":false,"thumbnail":false,"medium":false,"medium_large":false,"large":false,"1536x1536":false,"2048x2048":false,"custom":false,"gb-block-post-grid-landscape":false,"gb-block-post-grid-square":false,"post-thumbnail":false,"header":false,"slider":false,"columns":false},"uagb_author_info":{"display_name":"Admin","author_link":"https:\/\/natureduca.com\/culturblog\/author\/jefe\/"},"uagb_comment_info":0,"uagb_excerpt":"L \u00a0 \u00a0\u00a0\u00a0 De lo poco de vida que me resta \u00a0\u00a0\u00a0 diera con gusto los mejores a\u00f1os, \u00a0\u00a0\u00a0\u00a0\u00a0\u00a0\u00a0 por saber lo que a otros \u00a0\u00a0\u00a0 de m\u00ed has hablado. \u00a0 \u00a0\u00a0\u00a0 Y esta vida mortal&#8230; y de la eterna \u00a0\u00a0\u00a0 lo que me toque, si me toca algo, \u00a0\u00a0\u00a0\u00a0\u00a0\u00a0\u00a0\u2026 Seguir leyendo...","amp_enabled":true,"_links":{"self":[{"href":"https:\/\/natureduca.com\/culturblog\/wp-json\/wp\/v2\/posts\/1020","targetHints":{"allow":["GET"]}}],"collection":[{"href":"https:\/\/natureduca.com\/culturblog\/wp-json\/wp\/v2\/posts"}],"about":[{"href":"https:\/\/natureduca.com\/culturblog\/wp-json\/wp\/v2\/types\/post"}],"author":[{"embeddable":true,"href":"https:\/\/natureduca.com\/culturblog\/wp-json\/wp\/v2\/users\/75"}],"replies":[{"embeddable":true,"href":"https:\/\/natureduca.com\/culturblog\/wp-json\/wp\/v2\/comments?post=1020"}],"version-history":[{"count":0,"href":"https:\/\/natureduca.com\/culturblog\/wp-json\/wp\/v2\/posts\/1020\/revisions"}],"wp:attachment":[{"href":"https:\/\/natureduca.com\/culturblog\/wp-json\/wp\/v2\/media?parent=1020"}],"wp:term":[{"taxonomy":"category","embeddable":true,"href":"https:\/\/natureduca.com\/culturblog\/wp-json\/wp\/v2\/categories?post=1020"},{"taxonomy":"post_tag","embeddable":true,"href":"https:\/\/natureduca.com\/culturblog\/wp-json\/wp\/v2\/tags?post=1020"}],"curies":[{"name":"wp","href":"https:\/\/api.w.org\/{rel}","templated":true}]}}