{"id":1053,"date":"2017-09-09T20:04:53","date_gmt":"2017-09-09T20:04:53","guid":{"rendered":"http:\/\/www.cultureduca.com\/clubamistadcubausa\/?p=1053"},"modified":"2017-09-09T20:05:26","modified_gmt":"2017-09-09T20:05:26","slug":"conversatorio-sobre-inclusion-social-y-accesibilidad","status":"publish","type":"post","link":"https:\/\/natureduca.com\/clubamistadcubausa\/conversatorio-sobre-inclusion-social-y-accesibilidad\/","title":{"rendered":"Conversatorio sobre inclusi\u00f3n social y accesibilidad"},"content":{"rendered":"<p>El Club de Amistad Cuba-USA no se limita a objetivos en el \u00e1mbito de las relaciones bilaterales entre los pueblos de Cuba y EE.UU., sino que trasciende de manera multilateral con los dem\u00e1s pueblos del mundo. Es una organizaci\u00f3n no gubernamental con fines multiprop\u00f3sitos en los campos de la Cultura, el Desarrollo Sostenible y las Relaciones Interpersonales, donde la inclusividad social y accesibilidad para las personas con discapacidad cuenta con una comisi\u00f3n integrada por dos comisionados: Teresita Castellano (presidenta) y Jaime Leygonier (vocal).<\/p>\n<p>Con el prop\u00f3sito de promover la Red de Cultura Inclusiva-Cuba <a href=\"https:\/\/redculturainclusiva.wordpress.com\/\">https:\/\/redculturainclusiva.wordpress.com\/<\/a>y difundir una mejor cultura en defensa y protecci\u00f3n de los derechos de las personas con discapacidad se program\u00f3 efectuar variados conversatorios. El primero se efectu\u00f3 el pasado mi\u00e9rcoles 23 de agosto, con una duraci\u00f3n de poco m\u00e1s de una hora, comenzando a las 2:00 pm.<\/p>\n<p style=\"text-align: center;\"><img loading=\"lazy\" decoding=\"async\" class=\"alignnone size-full wp-image-1055\" src=\"https:\/\/natureduca.com\/clubamistadcubausa\/wp-content\/uploads\/Conversatorio_sobre_inclusi\u00f3n_social_y_accesibilidad_1.jpg\" alt=\"\" width=\"600\" height=\"400\" \/><\/p>\n<p>Participaron: Eduardo Ramos Balaguer (Partido Libertario), Gerardo Lazcano (presidente del Partido Neocat\u00f3lico), Rebeca Calder\u00f3n D\u00edaz (activista de derechos humanos), Alexander Villavicencio Kessell (activista de derechos humanos y persona con discapacidad producto de un derrame cerebral), Jaime Leygonier (periodista independiente), y Juan Carlos Linares Balmaseda.<\/p>\n<p style=\"text-align: center;\"><img loading=\"lazy\" decoding=\"async\" class=\"alignnone size-full wp-image-1056\" src=\"https:\/\/natureduca.com\/clubamistadcubausa\/wp-content\/uploads\/Conversatorio_sobre_inclusi\u00f3n_social_y_accesibilidad_2.jpg\" alt=\"\" width=\"600\" height=\"900\" \/><\/p>\n<p>La actividad se inici\u00f3 concertando acciones dirigidas a incentivar la sensibilidad hacia las personas con discapacidad, y concluy\u00f3 con la entrega de impresos sobre las cinco propuestas que han venido desarrollando y difundiendo el Club: Visas de trabajo estadounidense para cubanos; D\u00eda de la bandera de Cuba; Divisi\u00f3n pol\u00edtico-administrativa para Cuba; Reforma al sistema de transporte en Cuba; e Integraci\u00f3n institucional cubano-estadounidense. <a href=\"https:\/\/natureduca.com\/clubamistadcubausa\/\">https:\/\/natureduca.com\/clubamistadcubausa\/<\/a><\/p>\n","protected":false},"excerpt":{"rendered":"<p>El Club de Amistad Cuba-USA no se limita a objetivos en el \u00e1mbito de las relaciones bilaterales entre los pueblos de Cuba y EE.UU., sino que trasciende de manera multilateral con los dem\u00e1s pueblos del mundo. Es una organizaci\u00f3n no gubernamental con fines multiprop\u00f3sitos en los campos de la Cultura,&#8230;<\/p>\n<p class=\"continue-reading-button\"> <a class=\"continue-reading-link\" href=\"https:\/\/natureduca.com\/clubamistadcubausa\/conversatorio-sobre-inclusion-social-y-accesibilidad\/\">Continue reading<i class=\"crycon-right-dir\"><\/i><\/a><\/p>\n","protected":false},"author":8,"featured_media":0,"comment_status":"open","ping_status":"open","sticky":false,"template":"","format":"standard","meta":{"footnotes":""},"categories":[9],"tags":[95,191,192,94,161],"class_list":["post-1053","post","type-post","status-publish","format-standard","hentry","category-sociales","tag-accesibilidad","tag-conversatorio","tag-inclusion","tag-sobre","tag-social"],"_links":{"self":[{"href":"https:\/\/natureduca.com\/clubamistadcubausa\/wp-json\/wp\/v2\/posts\/1053","targetHints":{"allow":["GET"]}}],"collection":[{"href":"https:\/\/natureduca.com\/clubamistadcubausa\/wp-json\/wp\/v2\/posts"}],"about":[{"href":"https:\/\/natureduca.com\/clubamistadcubausa\/wp-json\/wp\/v2\/types\/post"}],"author":[{"embeddable":true,"href":"https:\/\/natureduca.com\/clubamistadcubausa\/wp-json\/wp\/v2\/users\/8"}],"replies":[{"embeddable":true,"href":"https:\/\/natureduca.com\/clubamistadcubausa\/wp-json\/wp\/v2\/comments?post=1053"}],"version-history":[{"count":0,"href":"https:\/\/natureduca.com\/clubamistadcubausa\/wp-json\/wp\/v2\/posts\/1053\/revisions"}],"wp:attachment":[{"href":"https:\/\/natureduca.com\/clubamistadcubausa\/wp-json\/wp\/v2\/media?parent=1053"}],"wp:term":[{"taxonomy":"category","embeddable":true,"href":"https:\/\/natureduca.com\/clubamistadcubausa\/wp-json\/wp\/v2\/categories?post=1053"},{"taxonomy":"post_tag","embeddable":true,"href":"https:\/\/natureduca.com\/clubamistadcubausa\/wp-json\/wp\/v2\/tags?post=1053"}],"curies":[{"name":"wp","href":"https:\/\/api.w.org\/{rel}","templated":true}]}}