{"id":99,"date":"2008-08-22T19:45:45","date_gmt":"2008-08-22T18:45:45","guid":{"rendered":"http:\/\/www.natureduca.com\/blogsos\/?p=99"},"modified":"2011-04-05T23:43:57","modified_gmt":"2011-04-05T22:43:57","slug":"los-abusos-sexuales-y-los-numeros","status":"publish","type":"post","link":"https:\/\/natureduca.com\/blogsos\/los-abusos-sexuales-y-los-numeros\/","title":{"rendered":"Los abusos sexuales y los n\u00fameros"},"content":{"rendered":"<p>En los m\u00e1s de siete a\u00f1os que llevo batallando con este asunto tan complejo he vivido cambios realmente importantes, como el reportaje publicado en el <em>Magazine<\/em> de 2002 o la participaci\u00f3n en el documental \u201cInfancia rota\u201d de Documentos TV. Tantos a\u00f1os de silencio, de miedo y de culpabilidad estaban dando paso a una nueva percepci\u00f3n de esta realidad. Este secreto a voces que afecta y que ha afectado a tantas personas ha empezado a reclamar el protagonismo que se merece en la sociedad.<\/p>\n<p>A finales de 2002 pon\u00eda en marcha el foro, un lugar de referencia en la red que aglutina ya a dos mil personas de nuestro \u00e1mbito hispano hablante. En 2004 publicaba mi primer libro \u201cCuando estuvimos muertos\u201d y en este a\u00f1o 2008 ha salido la segunda edici\u00f3n (libros en red). Igualmente este a\u00f1o aparecer\u00e1 mi segundo libro \u201cLos ni\u00f1os que dejaron de so\u00f1ar\u201d publicado por ediciones Mandala.<\/p>\n<p>En estos a\u00f1os han sucedido muchas cosas. Los casos de abuso sexual est\u00e1n cada vez m\u00e1s a la orden del d\u00eda. Sobre todo los que afectan a la internet. No es que ahora suceda m\u00e1s que antes, asunto sobre el que me han preguntado en m\u00faltiples ocasiones; simplemente se habla m\u00e1s de ello. Es como si de repente la sociedad descubriera que en nuestras familias ocurren estas cosas, que no es algo que s\u00f3lo suceda en ambientes desestructurados, marginales, de pobreza, incultura, etc. Ocurre en las familias normales y por desgracia no se trata de algo anecd\u00f3tico.<\/p>\n<p>Tambi\u00e9n he intervenido a menudo en los medios, siempre tratando de sentar unas bases de realidad y de promocionar aquellos recursos que considero esenciales. De hecho ha servido en gran medida para que nuestro movimiento asociativo crezca y cada vez tengamos m\u00e1s fuerza y m\u00e1s recursos. En Espa\u00f1a se han puesto en marcha cuatro asociaciones y hay previsiones para iniciar dos m\u00e1s. Este es uno de nuestros principales objetivos, aunque no deber\u00eda ser s\u00f3lo nuestro, sino de la sociedad entera. Este es un problema que nos afecta a todos. En este sentido hablaba hace unos d\u00edas con Marga, presidenta de la asociaci\u00f3n ASPASI de Madrid. Me comentaba que ya no le quedaba dinero y que para septiembre se ver\u00eda obligada a pedir un pr\u00e9stamo. Su actitud es encomiable, pero al mismo tiempo me desespera esta realidad. \u00bfEs que en Madrid no hay la suficiente gente solidaria para sostener una asociaci\u00f3n tan altruista como necesaria? Una asociaci\u00f3n, por encima de todo, necesita socios. Esas peque\u00f1as aportaciones son imprescindibles, pero tambi\u00e9n el n\u00famero de personas implicadas en estos proyecto son la piedra angular para que estoy proyectos sigan adelante. Si alg\u00fan madrile\u00f1o lee esto le recomiendo que visite la p\u00e1gina: <a href=\"http:\/\/www.aspasi.org\">http:\/\/www.aspasi.org<\/a><\/p>\n<p>Dec\u00eda que pronto aparecer\u00e1 mi segundo libro. El objetivo del mismo es hablar de las secuelas. Las cifras pueden reflejar la realidad mejor que las palabras muchas veces. Las que muestro a continuaci\u00f3n fueron tomadas de los miembros del foro. A pesar de que las cifras puedan parecer algo limitadas, la participaci\u00f3n gira en torno a las 150 personas, puedo asegurar que son absolutamente fiables y que, en cualquier caso, muestran una tendencia que responde sin ninguna duda a la realidad.<\/p>\n<p>En el foro se habl\u00f3 del suicidio desde un primer momento, as\u00ed que tambi\u00e9n fue una de las primeras encuestas que hice. En ella se pregunt\u00f3 quien lo hab\u00eda intentado (no pensado o fantaseado) una o m\u00e1s veces:<\/p>\n<p>SI: 61{ec3aa3bed57647d969cfcdc9d082479028b2cfe4a3a70a612e845701b22580eb}<\/p>\n<p>NO: 39{ec3aa3bed57647d969cfcdc9d082479028b2cfe4a3a70a612e845701b22580eb}<\/p>\n<p>Incluso a m\u00ed me parece una cifra turbadora. Y lo que es m\u00e1s triste; me hizo pensar en los que s\u00ed lograron su objetivo.<\/p>\n<p>\u00bfA qu\u00e9 edad empezaron los abusos? Las respuestas:<\/p>\n<p>Antes de los 3 a\u00f1os: 10{ec3aa3bed57647d969cfcdc9d082479028b2cfe4a3a70a612e845701b22580eb}<\/p>\n<p>De 3 a 7: 57{ec3aa3bed57647d969cfcdc9d082479028b2cfe4a3a70a612e845701b22580eb}<\/p>\n<p>De 7 a 11: 23{ec3aa3bed57647d969cfcdc9d082479028b2cfe4a3a70a612e845701b22580eb}<\/p>\n<p>M\u00e1s de 11: 10{ec3aa3bed57647d969cfcdc9d082479028b2cfe4a3a70a612e845701b22580eb}<\/p>\n<p>Muchos creen que los abusos son llevados a cabo por alg\u00fan extra\u00f1o, ajeno a la familia o al entorno del menor. Nada m\u00e1s lejos de la realidad:<\/p>\n<p>Un familiar: 62{ec3aa3bed57647d969cfcdc9d082479028b2cfe4a3a70a612e845701b22580eb}<\/p>\n<p>Un conocido: 27{ec3aa3bed57647d969cfcdc9d082479028b2cfe4a3a70a612e845701b22580eb}<\/p>\n<p>Un extra\u00f1o: 5{ec3aa3bed57647d969cfcdc9d082479028b2cfe4a3a70a612e845701b22580eb}<\/p>\n<p>Una agresora: 6{ec3aa3bed57647d969cfcdc9d082479028b2cfe4a3a70a612e845701b22580eb}<\/p>\n<p>En este punto cabe se\u00f1alar que la agresora, al menos en esta encuesta, tambi\u00e9n era un familiar, por lo que podr\u00eda a\u00f1adirse indistintamente al primer punto.<\/p>\n<p>Los abusos raramente constituyen un hecho puntual que padeces en un momento de tu vida. De ah\u00ed la siguiente cuesti\u00f3n:<\/p>\n<p>Menos de 1 a\u00f1o: 17{ec3aa3bed57647d969cfcdc9d082479028b2cfe4a3a70a612e845701b22580eb}<\/p>\n<p>Entre 1 y 4 a\u00f1os: 22{ec3aa3bed57647d969cfcdc9d082479028b2cfe4a3a70a612e845701b22580eb}<\/p>\n<p>Entre 4 y 8 a\u00f1os: 16{ec3aa3bed57647d969cfcdc9d082479028b2cfe4a3a70a612e845701b22580eb}<\/p>\n<p>M\u00e1s de 8 a\u00f1os: 26{ec3aa3bed57647d969cfcdc9d082479028b2cfe4a3a70a612e845701b22580eb}<\/p>\n<p>No lo recuerdo: 19{ec3aa3bed57647d969cfcdc9d082479028b2cfe4a3a70a612e845701b22580eb}<\/p>\n<p>Muy destacable el hecho de que uno de cada cinco sea incapaz de recordar lo que duraron los abusos. Los problemas con la memoria son muy frecuentes entre las personas ASI.<\/p>\n<p>La mayor\u00eda tiende a creer que el ASI es poco frecuente, de ah\u00ed que la idea de que un ni\u00f1o sea abusado por m\u00e1s de un adulto todav\u00eda le parecer\u00e1 m\u00e1s inconcebible. Veamos las cifras:<\/p>\n<p>Fui abusado por 1 persona: 56{ec3aa3bed57647d969cfcdc9d082479028b2cfe4a3a70a612e845701b22580eb}<\/p>\n<p>Por 2 personas: 22{ec3aa3bed57647d969cfcdc9d082479028b2cfe4a3a70a612e845701b22580eb}<\/p>\n<p>Por 3 personas: 10{ec3aa3bed57647d969cfcdc9d082479028b2cfe4a3a70a612e845701b22580eb}<\/p>\n<p>Por 4 o m\u00e1s personas: 12{ec3aa3bed57647d969cfcdc9d082479028b2cfe4a3a70a612e845701b22580eb}<\/p>\n<p>Creo que con esta peque\u00f1a podemos hacernos mejor a la idea de lo que son y de las graves consecuencias que se derivan de los abusos sexuales a la infancia.<\/p>\n<p>Gracias a la ayuda incondicional de Dulce, a quien agradezco sus esfuerzos y quien tambi\u00e9n administra el foro junto a m\u00ed, hace poco se puso en marcha una web donde se aglutina toda la informaci\u00f3n que consideramos m\u00e1s relevante: http:\/\/www.jmontane.es<\/p>\n","protected":false},"excerpt":{"rendered":"<p>En los m\u00e1s de siete a\u00f1os que llevo batallando con este asunto tan complejo he vivido cambios realmente importantes, como el reportaje publicado en el Magazine de 2002 o la participaci\u00f3n en el documental \u201cInfancia rota\u201d de Documentos TV. Tantos a\u00f1os de silencio, de miedo y de culpabilidad estaban dando &#8230;<\/p>\n<p class=\"continue-reading-button\"> <a class=\"continue-reading-link\" href=\"https:\/\/natureduca.com\/blogsos\/los-abusos-sexuales-y-los-numeros\/\">Continue reading<i class=\"crycon-right-dir\"><\/i><\/a><\/p>\n","protected":false},"author":25,"featured_media":0,"comment_status":"open","ping_status":"open","sticky":false,"template":"","format":"standard","meta":{"footnotes":""},"categories":[3],"tags":[848,868,849],"class_list":["post-99","post","type-post","status-publish","format-standard","hentry","category-temas-comunes","tag-abusos","tag-numeros","tag-sexuales"],"_links":{"self":[{"href":"https:\/\/natureduca.com\/blogsos\/wp-json\/wp\/v2\/posts\/99","targetHints":{"allow":["GET"]}}],"collection":[{"href":"https:\/\/natureduca.com\/blogsos\/wp-json\/wp\/v2\/posts"}],"about":[{"href":"https:\/\/natureduca.com\/blogsos\/wp-json\/wp\/v2\/types\/post"}],"author":[{"embeddable":true,"href":"https:\/\/natureduca.com\/blogsos\/wp-json\/wp\/v2\/users\/25"}],"replies":[{"embeddable":true,"href":"https:\/\/natureduca.com\/blogsos\/wp-json\/wp\/v2\/comments?post=99"}],"version-history":[{"count":0,"href":"https:\/\/natureduca.com\/blogsos\/wp-json\/wp\/v2\/posts\/99\/revisions"}],"wp:attachment":[{"href":"https:\/\/natureduca.com\/blogsos\/wp-json\/wp\/v2\/media?parent=99"}],"wp:term":[{"taxonomy":"category","embeddable":true,"href":"https:\/\/natureduca.com\/blogsos\/wp-json\/wp\/v2\/categories?post=99"},{"taxonomy":"post_tag","embeddable":true,"href":"https:\/\/natureduca.com\/blogsos\/wp-json\/wp\/v2\/tags?post=99"}],"curies":[{"name":"wp","href":"https:\/\/api.w.org\/{rel}","templated":true}]}}