{"id":95,"date":"2008-08-11T13:38:44","date_gmt":"2008-08-11T12:38:44","guid":{"rendered":"http:\/\/www.natureduca.com\/blogsos\/?p=95"},"modified":"2011-04-05T23:43:21","modified_gmt":"2011-04-05T22:43:21","slug":"asociaciones-contra-el-abuso-sexual-infantil-y-solidaridad","status":"publish","type":"post","link":"https:\/\/natureduca.com\/blogsos\/asociaciones-contra-el-abuso-sexual-infantil-y-solidaridad\/","title":{"rendered":"Asociaciones contra el abuso sexual infantil y solidaridad"},"content":{"rendered":"<p>No hace tantos a\u00f1os que el concepto abuso sexual infantil empez\u00f3 a introducirse en nuestro vocabulario cotidiano y a ser tenido en cuenta como una realidad que nos afectaba de un modo m\u00e1s directo del que est\u00e1bamos dispuestos a creer. Aunque ha sido un paso dado en la buena direcci\u00f3n, todav\u00eda se trata de un asunto que nos produce demasiada incomodidad; en cierto modo es como si pretendi\u00e9ramos que no hablando de ello dejara de existir. Lamentablemente esa actitud no ayuda a nadie, y menos a\u00fan a quienes hemos pasado por esa traum\u00e1tica experiencia.<\/p>\n<p>Es una pregunta recurrente si estos abusos se perpetran m\u00e1s hoy en d\u00eda que en el pasado, siendo la respuesta siempre la misma: no. Al menos proporcionalmente; es obvio que si en el mundo hay m\u00e1s gente tambi\u00e9n habr\u00e1 m\u00e1s de todo. La clave radica en la informaci\u00f3n. Hoy las noticias, el peri\u00f3dico o cualquier otro medio que no incorpore alg\u00fan caso de abuso sexual, se ha convertido casi en una excepci\u00f3n. Eso tiene su parte buena, sin duda. Nuestro peor enemigo siempre ha sido el silencio, lo que unido al \u201cadoctrinamiento\u201d al que fuimos sometidos por nuestro agresor, termin\u00f3 por convencernos de nuestra complicidad en aquella aberraci\u00f3n. La culpa y la verg\u00fcenza hizo de nuestra vida un lugar gris y marcado por un secretismo que nos iba destruyendo.<\/p>\n<p>No es tarea f\u00e1cil trasladar a quienes desconocen los entresijos mentales de quienes padecimos estos abusos una idea m\u00e1s o menos clara sobre porque sentimos lo que sentimos. Como se suele decir, creo que esta es una de esas experiencias que s\u00f3lo puede entender quien la haya vivido. No obstante es imprescindible aportar una informaci\u00f3n veraz y luchar contra las ideas err\u00f3neas que a\u00fan siguen confundiendo nuestra sociedad.<\/p>\n<p>Siempre que aparece en los medios alguna de estas escalofriantes noticias, la respuesta indignada de la mayor\u00eda suele ser parecida, pero a mi pesar bastante alejada de la realidad y de las necesidades sociales que, a fin de cuentas, es lo que requerimos y lo que deber\u00eda importarnos. He o\u00eddo muchas veces expresiones del estilo: \u00a1A m\u00ed esto jam\u00e1s me pasar\u00eda! O bien: \u00a1C\u00f3mo es posible que la madre no se enterara! O en otro sentido, expresiones del tipo: \u00a1A este hay que cort\u00e1rsela! O tambi\u00e9n: \u00a1que lo encierren en la c\u00e1rcel y no salga nunca m\u00e1s! Todas estas expresiones son muy comprensibles, pero no puedo evitar pensar que a todos nos resulta m\u00e1s f\u00e1cil opinar cuando estamos detr\u00e1s de la barrera y el problema en cuesti\u00f3n no nos afecta de un modo directo.<\/p>\n<p>Cuando una persona ha vivido unas circunstancias l\u00edmite puede pasarle esto y muchas otras cosas. Y por desgracia el entorno (y todos somos el entorno de muchas personas) no siempre reacciona adecuadamente. En esos casos es posible que nadie se entere de lo sucedido, y a ello debemos sumarle la alta probabilidad de que el propio menor sea quien trata de ocultarlo a cualquier precio. En mi caso fue as\u00ed.<\/p>\n<p>La mayor\u00eda de los abusos son perpetrados en el entorno m\u00e1s cercano del menor, m\u00e1s de la mitad dentro de la propia familia, y lo m\u00e1s habitual es que nadie lo descubra. Tambi\u00e9n es verdad que antes no hab\u00eda informaci\u00f3n ni recursos. No es que ahora vayamos sobrados, pero al menos ya existen v\u00edas de escape, de prevenci\u00f3n, de denuncia y de protecci\u00f3n. Si bien es una realidad que el abusador act\u00fae casi siempre con absoluta impunidad y pocas veces sea descubierto, no lo es menos que otras veces, a pesar de las sospechas m\u00e1s o menos fundadas, el entorno vuelva la vista hacia otro lado. O en el peor de los casos se abandone al menor a su suerte aun sabiendo lo que ocurre.<\/p>\n<p>Cuesta mucho imaginarse uno mismo en semejante tesitura y todos creemos que actuar\u00edamos mucho mejor, pero las palabras, en el fondo, no son m\u00e1s que palabras. Tambi\u00e9n solemos emplear frases como las que citaba anteriormente: \u00a1hay que cort\u00e1rsela! \u00a1A la c\u00e1rcel! \u00a1Cadena perpetua! Todo esto est\u00e1 muy bien pero \u00bfqu\u00e9 efectos tiene todo eso en nuestra realidad inmediata? Digamos que la amputaci\u00f3n responde m\u00e1s a una respuesta visceral que a lo que ser\u00eda admisible en nuestro c\u00f3digo penal, sin embargo las leyes dejan bastante que desear cuando se trata de este tipo de agresores. Por poner un ejemplo, decir que el delito prescribe como mucho a los 15 a\u00f1os, con lo que algunos, cuando asumen y enfrentan lo que sucedi\u00f3 en su infancia y deciden optar por la v\u00eda de la denuncia, descubren que ya ha prescrito y que no pueden hacer nada. Podemos aducir que las modificaciones o cambios en el c\u00f3digo penal es algo que ata\u00f1e a los pol\u00edticos. Yo creo que nos ata\u00f1e a todos, y si los pol\u00edticos no se ponen manos a la obra no deber\u00edamos quedarnos con los brazos cruzados. A fin de cuentas quienes terminan moviliz\u00e1ndose son personas como el padre de la tristemente desaparecida Mari Luz, que vivi\u00f3 esa realidad en sus propias carnes, o como las personas que hemos pasado por esto y nos unimos a trav\u00e9s de asociaciones o a trav\u00e9s de la red. Precisamente fue por una charla con la presidenta de la asociaci\u00f3n Aspasi de Madrid (<a href=\"http:\/\/www.aspasi.org\/\">http:\/\/www.aspasi.org\/<\/a>) que me plante\u00e9 este escrito. Marga me dec\u00eda que ya se hab\u00edan agotado sus recursos econ\u00f3micos para seguir manteniendo la asociaci\u00f3n y que de cara a septiembre no le quedaba otra alternativa que pedir un pr\u00e9stamo al banco para seguir adelante. Con dos hijos de los que ocuparse me parece admirable su determinaci\u00f3n, aunque no por ello dej\u00e9 de escandalizarme por lo injustas que son algunas cosas. Una asociaci\u00f3n para su subsistencia necesita socios. Es una obviedad y sin embargo no se produce. Los abusos sexuales a la infancia nos afectan a todos \u00bfEs que una ciudad como Madrid no puede sostener una asociaci\u00f3n tan necesaria? Tambi\u00e9n es cierto que las instituciones deben aportan su parte en subvenciones, pero todos sabemos que las cosas de palacio van despacio, y cuando estas lleguen esperemos que Marga siga al pie del ca\u00f1\u00f3n, para el bien de todos. No obstante no puedo evitar pensar en la gente que se escandaliza ante los abusos, los que se exclaman, los que se manifiestan y se indignan. \u00bfQu\u00e9 ocurre con toda esa aparente solidaridad? \u00bfEs que no hay en Madrid las suficientes personas solidarias que comprendan la necesidad de que existan asociaciones de este tipo y puedan mantenerlas?<\/p>\n<p>http:\/\/www.jmontane.es<\/p>\n<p>ASPASI:\u00a0 <a href=\"http:\/\/www.aspasi.org\">http:\/\/www.aspasi.org<\/a><\/p>\n","protected":false},"excerpt":{"rendered":"<p>No hace tantos a\u00f1os que el concepto abuso sexual infantil empez\u00f3 a introducirse en nuestro vocabulario cotidiano y a ser tenido en cuenta como una realidad que nos afectaba de un modo m\u00e1s directo del que est\u00e1bamos dispuestos a creer. Aunque ha sido un paso dado en la buena direcci\u00f3n, &#8230;<\/p>\n<p class=\"continue-reading-button\"> <a class=\"continue-reading-link\" href=\"https:\/\/natureduca.com\/blogsos\/asociaciones-contra-el-abuso-sexual-infantil-y-solidaridad\/\">Continue reading<i class=\"crycon-right-dir\"><\/i><\/a><\/p>\n","protected":false},"author":25,"featured_media":0,"comment_status":"open","ping_status":"open","sticky":false,"template":"","format":"standard","meta":{"footnotes":""},"categories":[3],"tags":[859,858,791,861,860,862],"class_list":["post-95","post","type-post","status-publish","format-standard","hentry","category-temas-comunes","tag-abuso","tag-asociaciones","tag-contra","tag-infantil","tag-sexual","tag-solidaridad"],"_links":{"self":[{"href":"https:\/\/natureduca.com\/blogsos\/wp-json\/wp\/v2\/posts\/95","targetHints":{"allow":["GET"]}}],"collection":[{"href":"https:\/\/natureduca.com\/blogsos\/wp-json\/wp\/v2\/posts"}],"about":[{"href":"https:\/\/natureduca.com\/blogsos\/wp-json\/wp\/v2\/types\/post"}],"author":[{"embeddable":true,"href":"https:\/\/natureduca.com\/blogsos\/wp-json\/wp\/v2\/users\/25"}],"replies":[{"embeddable":true,"href":"https:\/\/natureduca.com\/blogsos\/wp-json\/wp\/v2\/comments?post=95"}],"version-history":[{"count":0,"href":"https:\/\/natureduca.com\/blogsos\/wp-json\/wp\/v2\/posts\/95\/revisions"}],"wp:attachment":[{"href":"https:\/\/natureduca.com\/blogsos\/wp-json\/wp\/v2\/media?parent=95"}],"wp:term":[{"taxonomy":"category","embeddable":true,"href":"https:\/\/natureduca.com\/blogsos\/wp-json\/wp\/v2\/categories?post=95"},{"taxonomy":"post_tag","embeddable":true,"href":"https:\/\/natureduca.com\/blogsos\/wp-json\/wp\/v2\/tags?post=95"}],"curies":[{"name":"wp","href":"https:\/\/api.w.org\/{rel}","templated":true}]}}