{"id":375,"date":"2011-02-28T20:46:43","date_gmt":"2011-02-28T19:46:43","guid":{"rendered":"http:\/\/www.natureduca.com\/blogsos\/?p=375"},"modified":"2011-03-08T15:41:59","modified_gmt":"2011-03-08T14:41:59","slug":"los-cariduros","status":"publish","type":"post","link":"https:\/\/natureduca.com\/blogsos\/los-cariduros\/","title":{"rendered":"Los Cariduros"},"content":{"rendered":"<p>\u00a0Los Cariduros<br \/>\nEn una conversaci\u00f3n entre cubanos,sali\u00f3 a relucir el tema de la pol\u00edtica, todos empezaron a describir la situaci\u00f3n que se estaba viviendo en Cuba y uno dijo que la soluci\u00f3n era que salieran los dos hermanos Castro del poder, a lo que un empresario canario presente contest\u00f3, que no eran tan malos, que Ram\u00f3n Castro hab\u00eda visitado en varias ocasiones su finca en el sur de Tenerife y que pasaba horas silbando a las cabras y admirando sus siembras y que le dec\u00eda que hombres como el,(que hac\u00edan florecer el desierto y creaban riquezas) le hac\u00edan falta a Cuba; insinuando que los cubanos son vagos y poco emprendedores.<br \/>\nQue poca verg\u00fcenza tienen estos personajes, viven en la opulencia, robando y masacrando al pueblo cubano; crean una sociedad de vagos y corruptos y despu\u00e9s se r\u00eden de su v\u00edctima y la desprecian.<br \/>\nHay que recordarle a estos se\u00f1ores , que el 1 de enero de 1959 cuando ellos llegaron al poder, Cuba era uno de los pa\u00edses m\u00e1s pr\u00f3speros de Am\u00e9rica, que el peso val\u00eda lo mismo que el dolar, que recib\u00eda miles de emigrantes todos los a\u00f1os, que no ten\u00eda deudas, sino deudores, que ten\u00eda ferrocarriles, industria azucarera, ganader\u00eda, etc.<br \/>\nAdem\u00e1s como explicar\u00edan que esos mismos cubanos que ellos desprecian, hayan prosperado y convertido Miami en una gran ciudad y tengan tanta influencia en USA.<br \/>\nEstos se\u00f1ores no aman a Cuba, solo piensan mantenerse en el poder y seguir engordando sus cuentas bancarias y aumentando sus propiedades en Espa\u00f1a y otros pa\u00edses europeos. En Canarias se dice que tienen un morro que se lo pisan,<br \/>\nlos cubanos decimos que son c\u00ednicos y cariduros.<\/p>\n","protected":false},"excerpt":{"rendered":"<p>\u00a0Los Cariduros En una conversaci\u00f3n entre cubanos,sali\u00f3 a relucir el tema de la pol\u00edtica, todos empezaron a describir la situaci\u00f3n que se estaba viviendo en Cuba y uno dijo que la soluci\u00f3n era que salieran los dos hermanos Castro del poder, a lo que un empresario canario presente contest\u00f3, que &#8230;<\/p>\n<p class=\"continue-reading-button\"> <a class=\"continue-reading-link\" href=\"https:\/\/natureduca.com\/blogsos\/los-cariduros\/\">Continue reading<i class=\"crycon-right-dir\"><\/i><\/a><\/p>\n","protected":false},"author":80,"featured_media":0,"comment_status":"open","ping_status":"open","sticky":false,"template":"","format":"standard","meta":{"footnotes":""},"categories":[661,3],"tags":[1163],"class_list":["post-375","post","type-post","status-publish","format-standard","hentry","category-reflexiones","category-temas-comunes","tag-cariduros"],"_links":{"self":[{"href":"https:\/\/natureduca.com\/blogsos\/wp-json\/wp\/v2\/posts\/375","targetHints":{"allow":["GET"]}}],"collection":[{"href":"https:\/\/natureduca.com\/blogsos\/wp-json\/wp\/v2\/posts"}],"about":[{"href":"https:\/\/natureduca.com\/blogsos\/wp-json\/wp\/v2\/types\/post"}],"author":[{"embeddable":true,"href":"https:\/\/natureduca.com\/blogsos\/wp-json\/wp\/v2\/users\/80"}],"replies":[{"embeddable":true,"href":"https:\/\/natureduca.com\/blogsos\/wp-json\/wp\/v2\/comments?post=375"}],"version-history":[{"count":0,"href":"https:\/\/natureduca.com\/blogsos\/wp-json\/wp\/v2\/posts\/375\/revisions"}],"wp:attachment":[{"href":"https:\/\/natureduca.com\/blogsos\/wp-json\/wp\/v2\/media?parent=375"}],"wp:term":[{"taxonomy":"category","embeddable":true,"href":"https:\/\/natureduca.com\/blogsos\/wp-json\/wp\/v2\/categories?post=375"},{"taxonomy":"post_tag","embeddable":true,"href":"https:\/\/natureduca.com\/blogsos\/wp-json\/wp\/v2\/tags?post=375"}],"curies":[{"name":"wp","href":"https:\/\/api.w.org\/{rel}","templated":true}]}}