{"id":323,"date":"2011-01-10T10:45:47","date_gmt":"2011-01-10T09:45:47","guid":{"rendered":"http:\/\/www.natureduca.com\/blogsos\/?p=323"},"modified":"2011-01-10T10:45:47","modified_gmt":"2011-01-10T09:45:47","slug":"no-cabe-un-tonto-mas","status":"publish","type":"post","link":"https:\/\/natureduca.com\/blogsos\/no-cabe-un-tonto-mas\/","title":{"rendered":"No cabe un tonto m\u00e1s"},"content":{"rendered":"<p><strong><span style=\"color: #993300;\">Por P\u00e9rez Reverte:<\/span><\/strong><\/p>\n<p><strong>Me van ustedes a disculpar -o no-, pero la culpa no la tiene el<\/strong> ni\u00f1o, ni sus padres. Alguien deber\u00eda romper una lanza por esa familia; as\u00ed que aqu\u00ed me tienen, rompi\u00e9ndola. En el asunto del profesor del instituto de La L\u00ednea que ment\u00f3 el jam\u00f3n en clase, ofendiendo la sensibilidad isl\u00e1mica de un alumno musulm\u00e1n de trece a\u00f1os, los culpables son otros. Despu\u00e9s de todo, el padre que puso una denuncia en comisar\u00eda, tras calificar de maltrato escolar el hecho de que se pronunciasen las impuras palabras <em>jam\u00f3n y cerdo<\/em> en clase, no hac\u00eda otra cosa que demostrar que sabe muy bien d\u00f3nde est\u00e1. Que nos ha tomado el pulso. Los hip\u00f3critas somos nosotros, ciudadanos socialmente correctos y de limpia conciencia, que despu\u00e9s de llenarnos la boca trag\u00e1ndolo todo hasta el fondo porque no vayan a decir que somos intransigentes, xen\u00f3fobos y fachas, y por el resto del qu\u00e9 dir\u00e1n, de pronto nos ponemos estrechos y tiquismiquis diciendo que no, oiga. Por Dios. Ahora, la puntita nada m\u00e1s.<\/p>\n<p>&#8230;sigue leyendo en la web del autor, <a href=\"http:\/\/www.perezreverte.com\/articulo\/patentes-corso\/577\/no-cabe-un-tonto-mas\/\" target=\"_blank\">aqu\u00ed<\/a><\/p>\n","protected":false},"excerpt":{"rendered":"<p>Por P\u00e9rez Reverte: Me van ustedes a disculpar -o no-, pero la culpa no la tiene el ni\u00f1o, ni sus padres. Alguien deber\u00eda romper una lanza por esa familia; as\u00ed que aqu\u00ed me tienen, rompi\u00e9ndola. En el asunto del profesor del instituto de La L\u00ednea que ment\u00f3 el jam\u00f3n en &#8230;<\/p>\n<p class=\"continue-reading-button\"> <a class=\"continue-reading-link\" href=\"https:\/\/natureduca.com\/blogsos\/no-cabe-un-tonto-mas\/\">Continue reading<i class=\"crycon-right-dir\"><\/i><\/a><\/p>\n","protected":false},"author":1,"featured_media":0,"comment_status":"open","ping_status":"open","sticky":false,"template":"","format":"standard","meta":{"footnotes":""},"categories":[9,16,12,15],"tags":[1006],"class_list":["post-323","post","type-post","status-publish","format-standard","hentry","category-noticias","category-personajes","category-publicaciones","category-sociedad-politica","tag-tonto"],"_links":{"self":[{"href":"https:\/\/natureduca.com\/blogsos\/wp-json\/wp\/v2\/posts\/323","targetHints":{"allow":["GET"]}}],"collection":[{"href":"https:\/\/natureduca.com\/blogsos\/wp-json\/wp\/v2\/posts"}],"about":[{"href":"https:\/\/natureduca.com\/blogsos\/wp-json\/wp\/v2\/types\/post"}],"author":[{"embeddable":true,"href":"https:\/\/natureduca.com\/blogsos\/wp-json\/wp\/v2\/users\/1"}],"replies":[{"embeddable":true,"href":"https:\/\/natureduca.com\/blogsos\/wp-json\/wp\/v2\/comments?post=323"}],"version-history":[{"count":0,"href":"https:\/\/natureduca.com\/blogsos\/wp-json\/wp\/v2\/posts\/323\/revisions"}],"wp:attachment":[{"href":"https:\/\/natureduca.com\/blogsos\/wp-json\/wp\/v2\/media?parent=323"}],"wp:term":[{"taxonomy":"category","embeddable":true,"href":"https:\/\/natureduca.com\/blogsos\/wp-json\/wp\/v2\/categories?post=323"},{"taxonomy":"post_tag","embeddable":true,"href":"https:\/\/natureduca.com\/blogsos\/wp-json\/wp\/v2\/tags?post=323"}],"curies":[{"name":"wp","href":"https:\/\/api.w.org\/{rel}","templated":true}]}}