{"id":289,"date":"2010-11-12T23:58:00","date_gmt":"2010-11-12T22:58:00","guid":{"rendered":"http:\/\/www.natureduca.com\/blogsos\/?p=289"},"modified":"2019-03-05T15:51:31","modified_gmt":"2019-03-05T14:51:31","slug":"parias-del-desierto","status":"publish","type":"post","link":"https:\/\/natureduca.com\/blogsos\/parias-del-desierto\/","title":{"rendered":"Parias del desierto"},"content":{"rendered":"\n<p><span style=\"font-family: arial,helvetica,sans-serif;\"><span style=\"font-size: x-small;\">Un poema para la reflexi\u00f3n<br>&#8212;&#8212;&#8212;&#8212;&#8212;&#8212;&#8212;&#8212;&#8212;&#8212;&#8212;&#8212;&#8212;&#8212;&nbsp;<\/span><\/span><\/p>\n\n\n\n<figure class=\"wp-block-image\"><img decoding=\"async\" src=\"https:\/\/natureduca.com\/images_blogsos\/parias_desierto.jpg\" alt=\"\"\/><\/figure>\n\n\n\n<p>Maima est\u00e1 de pie sobre la arena ardiente,<br>mientras los gritos se suceden entre el humo,<br>las jaimas se evaporan como antorchas encendidas,<br>Maima, con sus cinco a\u00f1os, no lo entiende.<br>En el aire suenan estruendosos los rotores<br>de las naves que dirigen la mancilla,<br>s\u00f3lo manos contra los fuegos invasores,<br>manos sometidas, humilladas, consumidas.<br>Ya no sirven las palabras complacientes,<br>ni los gritos a los cielos estrellados,<br>ning\u00fan dios ha escuchado sus plegarias,<br>destinados a morir entre dunas olvidados.<br>Ya los parias del desierto derrotados,<br>caminan hacia el ocaso cabizbajos,<br>los poderosos terrenales han hablado,<br>con mis armas esto hago y esto digo,<br>y el que tenga voz ser\u00e1 callado.<br>Los cobardes del silencio no responden,<br>sus gargantas en buenas intenciones se ahogaron,<br>las miserias de los hombres campan anchas,<br>gobernadas por ej\u00e9rcitos de inhumanos.<br>Maima sue\u00f1a con un jard\u00edn en el desierto,<br>una leyenda que su mam\u00e1 le ha contado,<br>se imagina una fuente entre palmeras,<br>que mana agua fresca y trasparente,<br>m\u00e1s no imagina en su joven mente,<br>que su vida ser\u00e1 quimera sideral,<br>pronto se agrietar\u00e1n sus tiernas manos,<br>l\u00e1s l\u00e1grimas de sus ojos ser\u00e1n las fuentes,<br>que las inf\u00e9rtiles tierras regar\u00e1n<br>del cruel desierto Occidental.<br>Maima es la heredera del ostracismo,<br>en una tierra castigada a sangre y fuego,<br>sea por el ardiente Sol de mediod\u00eda,<br>o por inhumanos que ya trazaron su destino.<\/p>\n\n\n\n<p>&#8212;&#8212;&#8212;&#8212;&#8212;&#8212;-<br><span style=\"font-family: arial,helvetica,sans-serif;\"><span style=\"font-size: x-small;\">\u00a9&nbsp;Safe Creative: 1011137842554<\/span><\/span><\/p>\n\n\n\n<p><span style=\"font-size: 10pt;\">En la imagen: ataque al campamento saharaui de El Aai\u00fan en 2010.<\/span><\/p>\n\n\n\n<p>Dedico este poema a los parias del desierto del Sahara Occidental, masacrados en silencio y sin testigos en pleno siglo XXI<\/p>\n\n\n\n<p>Abel Dom\u00ednguez.<\/p>\n\n\n\n<p><\/p>\n","protected":false},"excerpt":{"rendered":"<p>Un poema para la reflexi\u00f3n&#8212;&#8212;&#8212;&#8212;&#8212;&#8212;&#8212;&#8212;&#8212;&#8212;&#8212;&#8212;&#8212;&#8212;&nbsp; Maima est\u00e1 de pie sobre la arena ardiente,mientras los gritos se suceden entre el humo,las jaimas se evaporan como antorchas encendidas,Maima, con sus cinco a\u00f1os, no lo entiende.En el aire suenan estruendosos los rotoresde las naves que dirigen la mancilla,s\u00f3lo manos contra los fuegos invasores,manos &#8230;<\/p>\n<p class=\"continue-reading-button\"> <a class=\"continue-reading-link\" href=\"https:\/\/natureduca.com\/blogsos\/parias-del-desierto\/\">Continue reading<i class=\"crycon-right-dir\"><\/i><\/a><\/p>\n","protected":false},"author":22,"featured_media":0,"comment_status":"open","ping_status":"open","sticky":false,"template":"","format":"standard","meta":{"footnotes":""},"categories":[72,2,9,4,15],"tags":[1090,1089],"class_list":["post-289","post","type-post","status-publish","format-standard","hentry","category-maltrato","category-menores","category-noticias","category-rimas-para-la-reflexion","category-sociedad-politica","tag-desierto","tag-parias"],"_links":{"self":[{"href":"https:\/\/natureduca.com\/blogsos\/wp-json\/wp\/v2\/posts\/289","targetHints":{"allow":["GET"]}}],"collection":[{"href":"https:\/\/natureduca.com\/blogsos\/wp-json\/wp\/v2\/posts"}],"about":[{"href":"https:\/\/natureduca.com\/blogsos\/wp-json\/wp\/v2\/types\/post"}],"author":[{"embeddable":true,"href":"https:\/\/natureduca.com\/blogsos\/wp-json\/wp\/v2\/users\/22"}],"replies":[{"embeddable":true,"href":"https:\/\/natureduca.com\/blogsos\/wp-json\/wp\/v2\/comments?post=289"}],"version-history":[{"count":0,"href":"https:\/\/natureduca.com\/blogsos\/wp-json\/wp\/v2\/posts\/289\/revisions"}],"wp:attachment":[{"href":"https:\/\/natureduca.com\/blogsos\/wp-json\/wp\/v2\/media?parent=289"}],"wp:term":[{"taxonomy":"category","embeddable":true,"href":"https:\/\/natureduca.com\/blogsos\/wp-json\/wp\/v2\/categories?post=289"},{"taxonomy":"post_tag","embeddable":true,"href":"https:\/\/natureduca.com\/blogsos\/wp-json\/wp\/v2\/tags?post=289"}],"curies":[{"name":"wp","href":"https:\/\/api.w.org\/{rel}","templated":true}]}}