{"id":18,"date":"2006-12-21T18:43:02","date_gmt":"2006-12-21T17:43:02","guid":{"rendered":"http:\/\/www.natureduca.com\/blogsos\/?p=18"},"modified":"2015-06-03T23:09:36","modified_gmt":"2015-06-03T22:09:36","slug":"ablacion-genital-ni-cultura-ni-tradicion","status":"publish","type":"post","link":"https:\/\/natureduca.com\/blogsos\/ablacion-genital-ni-cultura-ni-tradicion\/","title":{"rendered":"Ablaci\u00f3n genital: ni cultura ni tradici\u00f3n"},"content":{"rendered":"<p>Con gran dolor puedo comprender que algunas sociedades practiquen la ablaci\u00f3n genital a las ni\u00f1as, principalmente porque esas sociedades son patriarcales, y es el hombre o el padre el que ejerce el poder a todos los niveles, no s\u00f3lo familiar, sino tambi\u00e9n dentro de los \u00f3rganos gubernamentales, incluida la aplicaci\u00f3n de la justicia, y en algunos casos hasta la autoridad religiosa fundamentalista y de obligada observaci\u00f3n, que casi siempre es negativa para la condici\u00f3n femenina. Pero dicho esto, no comprendo la actitud de las propias madres, que defienden esa pr\u00e1ctica salvaje iniciando y preparando a sus hijas para tal sacrificio, ampar\u00e1ndose en la tradici\u00f3n, cultura o defensa de beneficios absurdos para la salud de la mujer. Las madres que pertenecen a esas sociedades son las primeras que deben oponerse a la mutilaci\u00f3n genital de sus hijas, que es, desde cualquier punto de vista, un atentado contra la mujer, contra su integridad f\u00edsica y moral, adem\u00e1s de suponer una humillaci\u00f3n para quien lo sufre y una indignidad para quien lo ejerce (en Espa\u00f1a es adem\u00e1s un delito perseguible).<\/p>\n<p>Considero que la humanidad se degrada y retrocede en su evoluci\u00f3n cuando aplica o permite que se lleven a cabo semejantes actos, y m\u00e1s a\u00fan cuando las propias madres colaboran y defienden, aunque sea inconscientemente, esas terribles pr\u00e1cticas.<\/p>\n<p>Abel Dom\u00ednguez.<\/p>\n<p>Algunas url&#8217;s de inter\u00e9s:<br \/>\n<a href=\"http:\/\/vivamosenpazunidos.blogspot.com\/\" target=\"_blank\">http:\/\/vivamosenpazunidos.blogspot.com\/<\/a><br \/>\n<a href=\"http:\/\/www.mujerlive.com\/\" target=\"_blank\">http:\/\/www.mujerlive.com\/<\/a><\/p>\n","protected":false},"excerpt":{"rendered":"<p>Con gran dolor puedo comprender que algunas sociedades practiquen la ablaci\u00f3n genital a las ni\u00f1as, principalmente porque esas sociedades son patriarcales, y es el hombre o el padre el que ejerce el poder a todos los niveles, no s\u00f3lo familiar, sino tambi\u00e9n dentro de los \u00f3rganos gubernamentales, incluida la aplicaci\u00f3n &#8230;<\/p>\n<p class=\"continue-reading-button\"> <a class=\"continue-reading-link\" href=\"https:\/\/natureduca.com\/blogsos\/ablacion-genital-ni-cultura-ni-tradicion\/\">Continue reading<i class=\"crycon-right-dir\"><\/i><\/a><\/p>\n","protected":false},"author":22,"featured_media":0,"comment_status":"open","ping_status":"open","sticky":false,"template":"","format":"standard","meta":{"footnotes":""},"categories":[2],"tags":[746,748,747,749],"class_list":["post-18","post","type-post","status-publish","format-standard","hentry","category-menores","tag-ablacion","tag-cultura","tag-genital","tag-tradicion"],"_links":{"self":[{"href":"https:\/\/natureduca.com\/blogsos\/wp-json\/wp\/v2\/posts\/18","targetHints":{"allow":["GET"]}}],"collection":[{"href":"https:\/\/natureduca.com\/blogsos\/wp-json\/wp\/v2\/posts"}],"about":[{"href":"https:\/\/natureduca.com\/blogsos\/wp-json\/wp\/v2\/types\/post"}],"author":[{"embeddable":true,"href":"https:\/\/natureduca.com\/blogsos\/wp-json\/wp\/v2\/users\/22"}],"replies":[{"embeddable":true,"href":"https:\/\/natureduca.com\/blogsos\/wp-json\/wp\/v2\/comments?post=18"}],"version-history":[{"count":0,"href":"https:\/\/natureduca.com\/blogsos\/wp-json\/wp\/v2\/posts\/18\/revisions"}],"wp:attachment":[{"href":"https:\/\/natureduca.com\/blogsos\/wp-json\/wp\/v2\/media?parent=18"}],"wp:term":[{"taxonomy":"category","embeddable":true,"href":"https:\/\/natureduca.com\/blogsos\/wp-json\/wp\/v2\/categories?post=18"},{"taxonomy":"post_tag","embeddable":true,"href":"https:\/\/natureduca.com\/blogsos\/wp-json\/wp\/v2\/tags?post=18"}],"curies":[{"name":"wp","href":"https:\/\/api.w.org\/{rel}","templated":true}]}}