{"id":177,"date":"2009-12-04T00:07:22","date_gmt":"2009-12-03T23:07:22","guid":{"rendered":"http:\/\/www.natureduca.com\/blogsos\/?p=177"},"modified":"2009-12-04T11:38:00","modified_gmt":"2009-12-04T10:38:00","slug":"james-orbinski-como-cuidar-el-mundo-persona-a-persona","status":"publish","type":"post","link":"https:\/\/natureduca.com\/blogsos\/james-orbinski-como-cuidar-el-mundo-persona-a-persona\/","title":{"rendered":"James Orbinski: \u00abC\u00f3mo cuidar el mundo persona a persona\u00bb"},"content":{"rendered":"<p style=\"margin-top: 10px\"><span style=\"font-family: arial,helvetica,sans-serif;\"><span style=\"font-size: small;\"><img loading=\"lazy\" decoding=\"async\" src=\"https:\/\/www.natureduca.com\/images_blogsos\/orbinski_foto01.jpg\" alt=\"\" hspace=\"5\" vspace=\"5\" width=\"120\" height=\"152\" align=\"right\" \/>\u00ab\u00bfC\u00f3mo debo actuar, c\u00f3mo debemos actuar frente al sufrimiento ajeno?\u00bb, se preguntaba el autor, James Orbinski, presidente de M\u00e9dicos sin Fronteras (MSF), cuando esta organizaci\u00f3n recibi\u00f3 el Nobel de la Paz en 1999.<\/span><\/span><\/p>\n<p style=\"margin-top: 10px\"><span style=\"font-family: arial,helvetica,sans-serif;\"><span style=\"font-size: small;\">La obra es el relato apasionado de este m\u00e9dico que, durante los \u00faltimos veinte a\u00f1os, ha sido testigo de las peores emergencias humanitarias en todo el mundo.<\/span><\/span><\/p>\n<div style=\"text-align: center\"><span style=\"font-family: arial,helvetica,sans-serif;\"><span style=\"font-size: small;\"><img loading=\"lazy\" decoding=\"async\" src=\"https:\/\/www.natureduca.com\/images_blogsos\/orbinski_papel01.jpg\" alt=\"\" hspace=\"5\" vspace=\"5\" width=\"202\" height=\"315\" \/><\/span><\/span><\/div>\n<p><span style=\"font-family: arial,helvetica,sans-serif;\"><span style=\"font-size: small;\">En 1994, el doctor Orbinski era el jefe de expedici\u00f3n de MSF en Kigali (Ruanda), escenario del genocidio de un mill\u00f3n de personas. El relato tambi\u00e9n lleva al lector a una epidemia de c\u00f3lera en Per\u00fa, a un campo de refugiados rodeado de minas en Afganist\u00e1n, a las guerras y la hambruna en Somalia y Sud\u00e1n, o a Kosovo, donde la acci\u00f3n humanitaria acab\u00f3 siendo una excusa para la intervenci\u00f3n pol\u00edtica y militar.<\/span><\/span><\/p>\n<p><span style=\"font-family: arial,helvetica,sans-serif;\"><span style=\"font-size: small;\">El autor afirma que \u00abla ayuda humanitaria no est\u00e1 separada de la pol\u00edtica, y es una forma de combatir decisiones pol\u00edticas que, con demasiada frecuencia, matan o permiten que otros mueran\u00bb. Orbinski insta a los lectores a \u00abasumir de forma activa y pragm\u00e1tica nuestra responsabilidad como ciudadanos del mundo\u00bb, porque &#8211;concluye&#8211; \u00abnadie puede hacerlo todo, pero todo el mundo puede hacer algo\u00bb.<\/span><\/span><\/p>\n<blockquote>\n<p align=\"center\"><span style=\"color: #ff3300;\"><span style=\"font-size: small;\">Un testimonio apasionado de la acci\u00f3n humanitaria que alivia, siquiera de modo imperfecto, el sufrimiento en el mundo.<\/span><\/span><\/p>\n<p align=\"center\"><span style=\"font-size: small;\">\u00abUna obra importante, que despierta conciencias\u00bb<br \/>\n<em>Kirkus Reviews<\/em><\/span><\/p>\n<\/blockquote>\n<p align=\"left\"><span style=\"font-size: x-small;\">Ediciones destino<br \/>\n(Colecci\u00f3n imago mundi)<br \/>\n<a href=\"http:\/\/www.edestino.es\/\" target=\"_blank\"><span style=\"color: #804000;\">www.edestino.es<\/span><\/a><\/span><\/p>\n","protected":false},"excerpt":{"rendered":"<p>\u00ab\u00bfC\u00f3mo debo actuar, c\u00f3mo debemos actuar frente al sufrimiento ajeno?\u00bb, se preguntaba el autor, James Orbinski, presidente de M\u00e9dicos sin Fronteras (MSF), cuando esta organizaci\u00f3n recibi\u00f3 el Nobel de la Paz en 1999. La obra es el relato apasionado de este m\u00e9dico que, durante los \u00faltimos veinte a\u00f1os, ha sido &#8230;<\/p>\n<p class=\"continue-reading-button\"> <a class=\"continue-reading-link\" href=\"https:\/\/natureduca.com\/blogsos\/james-orbinski-como-cuidar-el-mundo-persona-a-persona\/\">Continue reading<i class=\"crycon-right-dir\"><\/i><\/a><\/p>\n","protected":false},"author":1,"featured_media":0,"comment_status":"open","ping_status":"open","sticky":false,"template":"","format":"standard","meta":{"footnotes":""},"categories":[9,16,12,15],"tags":[1012,1010,1013,1011,1014],"class_list":["post-177","post","type-post","status-publish","format-standard","hentry","category-noticias","category-personajes","category-publicaciones","category-sociedad-politica","tag-cuidar","tag-james","tag-mundo","tag-orbinski","tag-persona"],"_links":{"self":[{"href":"https:\/\/natureduca.com\/blogsos\/wp-json\/wp\/v2\/posts\/177","targetHints":{"allow":["GET"]}}],"collection":[{"href":"https:\/\/natureduca.com\/blogsos\/wp-json\/wp\/v2\/posts"}],"about":[{"href":"https:\/\/natureduca.com\/blogsos\/wp-json\/wp\/v2\/types\/post"}],"author":[{"embeddable":true,"href":"https:\/\/natureduca.com\/blogsos\/wp-json\/wp\/v2\/users\/1"}],"replies":[{"embeddable":true,"href":"https:\/\/natureduca.com\/blogsos\/wp-json\/wp\/v2\/comments?post=177"}],"version-history":[{"count":0,"href":"https:\/\/natureduca.com\/blogsos\/wp-json\/wp\/v2\/posts\/177\/revisions"}],"wp:attachment":[{"href":"https:\/\/natureduca.com\/blogsos\/wp-json\/wp\/v2\/media?parent=177"}],"wp:term":[{"taxonomy":"category","embeddable":true,"href":"https:\/\/natureduca.com\/blogsos\/wp-json\/wp\/v2\/categories?post=177"},{"taxonomy":"post_tag","embeddable":true,"href":"https:\/\/natureduca.com\/blogsos\/wp-json\/wp\/v2\/tags?post=177"}],"curies":[{"name":"wp","href":"https:\/\/api.w.org\/{rel}","templated":true}]}}