{"id":17,"date":"2006-12-21T00:23:38","date_gmt":"2006-12-20T23:23:38","guid":{"rendered":"http:\/\/www.natureduca.com\/blogsos\/?p=17"},"modified":"2006-12-21T00:23:38","modified_gmt":"2006-12-20T23:23:38","slug":"aquellos-maestros-maltratadores-2","status":"publish","type":"post","link":"https:\/\/natureduca.com\/blogsos\/aquellos-maestros-maltratadores-2\/","title":{"rendered":"Aquellos maestros maltratadores"},"content":{"rendered":"<p>Ahora tengo 45 a\u00f1os, pero todav\u00eda hoy persiste\u00a0en mi subconsciente una \u00e9poca de mi juventud que intento no recordar, sobre todo por el sentimiento de rabia que me embarga. Me entra un escalofr\u00edo cuando rememoro mi periodo de primaria, en un colegio p\u00fablico de Madrid. A\u00fan hoy no puedo comprender como pudieron existir profesores tan mal nacidos como el que me toc\u00f3 sufr\u00edr. Este elemento parec\u00eda que disfrutaba ensa\u00f1\u00e1ndose con nosotros. Por supuesto, ni siquiera se nos ocurr\u00eda ir a quejarnos al director, y mucho menos a nuestros padres, no fuera que recibi\u00e9ramos otra m\u00e1s por encima, porque eso s\u00ed, en aquellos tiempos los maestros eran autoridad, y si nuestros padres recib\u00edan alguna queja por nuestro comportamiento, ya nos pod\u00edamos ir preparando.<\/p>\n<p>Levantarme por la ma\u00f1ana ya era un suplicio, sabiendo lo que me tocaba todos los d\u00edas. Aquel maestro nos ten\u00eda aterrados a los alumnos, y cuando entr\u00e1bamos en la clase el coraz\u00f3n nos palpitaba a toda velocidad. Aquel tipo no ten\u00eda la m\u00e1s m\u00ednima idea de pedagog\u00eda; el daba una clase y despu\u00e9s preguntaba, y el que no respondiera correctamente recib\u00eda un reglazo en toda la mano abierta. Si cerrabas la mano, cosa l\u00f3gica por instinto, te golpeaba en los nudillos, y el dolor era insoportable. Cada vez que no sab\u00edas una pregunta, nuevo palo en la mano, y cuando una la ten\u00edas ya roja entonces te daba en la otra. Cuando llegabas a casa con las manos hinchadas s\u00f3lo ten\u00edas ganas de descansar, pero hab\u00eda deberes y no hacerlos supon\u00eda m\u00e1s castigo f\u00edsico. Ese hombre era un salvaje y de docente no ten\u00eda nada. Odi\u00e9 durante mucho tiempo aquella \u00e9poca, y a todos los miserables que permitieron y alimentaron aquel r\u00e9gimen.<\/p>\n<p>Fdo. Domingo<\/p>\n","protected":false},"excerpt":{"rendered":"<p>Ahora tengo 45 a\u00f1os, pero todav\u00eda hoy persiste\u00a0en mi subconsciente una \u00e9poca de mi juventud que intento no recordar, sobre todo por el sentimiento de rabia que me embarga. Me entra un escalofr\u00edo cuando rememoro mi periodo de primaria, en un colegio p\u00fablico de Madrid. A\u00fan hoy no puedo comprender &#8230;<\/p>\n<p class=\"continue-reading-button\"> <a class=\"continue-reading-link\" href=\"https:\/\/natureduca.com\/blogsos\/aquellos-maestros-maltratadores-2\/\">Continue reading<i class=\"crycon-right-dir\"><\/i><\/a><\/p>\n","protected":false},"author":1,"featured_media":0,"comment_status":"open","ping_status":"closed","sticky":false,"template":"","format":"standard","meta":{"footnotes":""},"categories":[3],"tags":[743,744,745],"class_list":["post-17","post","type-post","status-publish","format-standard","hentry","category-temas-comunes","tag-aquellos","tag-maestros","tag-maltratadores"],"_links":{"self":[{"href":"https:\/\/natureduca.com\/blogsos\/wp-json\/wp\/v2\/posts\/17","targetHints":{"allow":["GET"]}}],"collection":[{"href":"https:\/\/natureduca.com\/blogsos\/wp-json\/wp\/v2\/posts"}],"about":[{"href":"https:\/\/natureduca.com\/blogsos\/wp-json\/wp\/v2\/types\/post"}],"author":[{"embeddable":true,"href":"https:\/\/natureduca.com\/blogsos\/wp-json\/wp\/v2\/users\/1"}],"replies":[{"embeddable":true,"href":"https:\/\/natureduca.com\/blogsos\/wp-json\/wp\/v2\/comments?post=17"}],"version-history":[{"count":0,"href":"https:\/\/natureduca.com\/blogsos\/wp-json\/wp\/v2\/posts\/17\/revisions"}],"wp:attachment":[{"href":"https:\/\/natureduca.com\/blogsos\/wp-json\/wp\/v2\/media?parent=17"}],"wp:term":[{"taxonomy":"category","embeddable":true,"href":"https:\/\/natureduca.com\/blogsos\/wp-json\/wp\/v2\/categories?post=17"},{"taxonomy":"post_tag","embeddable":true,"href":"https:\/\/natureduca.com\/blogsos\/wp-json\/wp\/v2\/tags?post=17"}],"curies":[{"name":"wp","href":"https:\/\/api.w.org\/{rel}","templated":true}]}}