{"id":132,"date":"2010-10-03T22:17:09","date_gmt":"2010-10-03T21:17:09","guid":{"rendered":"http:\/\/www.natureduca.com\/blogsos\/?p=132"},"modified":"2011-01-03T21:25:27","modified_gmt":"2011-01-03T20:25:27","slug":"boletin-unesco-wangari-maathai-ilusiones-y-desilusiones","status":"publish","type":"post","link":"https:\/\/natureduca.com\/blogsos\/boletin-unesco-wangari-maathai-ilusiones-y-desilusiones\/","title":{"rendered":"Mujeres que dignifican la condici\u00f3n femenina: \u00abWangari Maathai: ilusiones y desilusiones\u00bb"},"content":{"rendered":"<table style=\"text-align: left;\" border=\"0\" cellspacing=\"5\" cellpadding=\"5\">\n<tbody>\n<tr>\n<td width=\"1{ec3aa3bed57647d969cfcdc9d082479028b2cfe4a3a70a612e845701b22580eb}\"><a title=\"Click here for the UNESCO homepage\" href=\"http:\/\/www.unesco.org\/es\"><img loading=\"lazy\" decoding=\"async\" src=\"http:\/\/portal.unesco.org\/es\/TEMPLATE\/v4_images\/logo_es.gif\" border=\"0\" alt=\"\" width=\"186\" height=\"86\" \/><\/a><\/td>\n<td><img loading=\"lazy\" decoding=\"async\" src=\"http:\/\/portal.unesco.org\/es\/files\/33327\/11573841183about_es.gif\/about_es.gif\" alt=\"about_es.gif\" width=\"159\" height=\"86\" \/><\/td>\n<\/tr>\n<\/tbody>\n<\/table>\n<table style=\"text-align: left; width: 107.63{ec3aa3bed57647d969cfcdc9d082479028b2cfe4a3a70a612e845701b22580eb}; height: 467px;\" border=\"0\" cellspacing=\"5\" cellpadding=\"5\">\n<tbody>\n<tr>\n<td style=\"text-align: center;\"><img decoding=\"async\" src=\"http:\/\/portal.unesco.org\/es\/files\/43985\/12284157693envir01_250.jpg\/envir01_250.jpg\" alt=\"envir01_250.jpg\" width=\"250\" \/><br \/>\n<span style=\"font-size: x-small;\">\u00a9 Frederick Onyango<br \/>\nWangari Maathai con el actual Presidente de los Estados Unidos, Barack Obama, en Nairobi (Kenya) el a\u00f1o 2006.<\/span><\/td>\n<\/tr>\n<\/tbody>\n<\/table>\n<p style=\"text-align: left;\">\u00a0<\/p>\n<p style=\"text-align: left;\">Orgullosa de los avances realizados en \u00c1frica, pero esc\u00e9ptica en lo que se refiere al progreso del buen gobierno, la keniana Wangari Maathai, Premio Nobel de la Paz (2004), estima que los dirigentes africanos son en gran parte responsables de los males que afligen a este continente. Opina que, en vez de quejarse de la situaci\u00f3n, deber\u00edan controlar mejor la explotaci\u00f3n de los recursos y proteger a las poblaciones de \u00c1frica.<\/p>\n<p style=\"text-align: left;\"><em>Militante ecologista y fundadora del Green Belt Movement (Movimiento de la Cintura Verde), Wangari Maathai concedi\u00f3 en diciembre de 1999 una entrevista a nuestro colega de <\/em>El Correo<em>, el periodista indio Ethirajan Anbarasan. Tres a\u00f1os m\u00e1s tarde inici\u00f3 su carrera pol\u00edtica formando parte del gobierno de Kenya. En 2004, fue galardonada con el Premio Nobel de la Paz. Ahora, nueve a\u00f1os despu\u00e9s de aquella entrevista, responde de nuevo a las preguntas de ese mismo periodista, que ahora trabaja en el Servicio Internacional de la BBC, en Londres.<\/em><\/p>\n<p style=\"text-align: left;\"><strong>Para evitar una cat\u00e1strofe financiera mundial, los pa\u00edses industrializados han movilizado sumas por valor de m\u00e1s de un bill\u00f3n de d\u00f3lares. Algunos dirigentes africanos han opinado que menos del 2{ec3aa3bed57647d969cfcdc9d082479028b2cfe4a3a70a612e845701b22580eb} de esa cantidad podr\u00eda haber resuelto la mayor\u00eda de los problemas de \u00c1frica. \u00bfCu\u00e1l es su reacci\u00f3n ante esa opini\u00f3n? <\/strong><\/p>\n<p style=\"text-align: left;\">A los dirigentes africanos les resulta muy f\u00e1cil quejarse de que el resto del mundo no tiene en cuenta los problemas del continente. Pero yo estimo, con todo respeto, que son responsables en muy gran medida de los males que aquejan a \u00c1frica, ya que han permitido que la explotaci\u00f3n de sus recursos y sus poblaciones.<\/p>\n<p style=\"text-align: left;\">Es interesante ver c\u00f3mo los gobiernos de los pa\u00edses occidentales industrializados tratan de salvar sus bancos e instituciones financieras. Pero lo que no llego a comprender es que muchos de esos bancos no estuviesen sometidos a reglas. Como quiera que sea, los hechos prueban que cuando no se aplica una reglamentaci\u00f3n, la avaricia y el ego\u00edsmo pueden acabar imponi\u00e9ndose. Esto es lo que vemos en muchos pa\u00edses en desarrollo, donde los bancos y las empresas extranjeras vienen a explotar los recursos locales, sin compartir equitativamente sus beneficios y sin preocuparse por los deterioros que puedan causar al medio ambiente.<\/p>\n<p style=\"text-align: left;\">\u00bfPor qu\u00e9 no les imponemos reglas? \u00bfPor qu\u00e9 no ejercemos control alguno? A los dirigentes africanos les incumbe la obligaci\u00f3n de proteger a sus pueblos contra esa explotaci\u00f3n. \u00c1frica posee gran cantidad de recursos y riquezas, pero sus clases dirigentes no han prestado la atenci\u00f3n adecuada a las poblaciones y no las han amparado como era debido.<\/p>\n<p style=\"text-align: left;\"><strong>Entre 2003 y 2007 usted desempe\u00f1\u00f3 el cargo de Viceministra del Medio Ambiente y Recursos Naturales de Kenya. \u00bfEst\u00e1 usted satisfecha de su actuaci\u00f3n?<\/strong><\/p>\n<p style=\"text-align: left;\"><img decoding=\"async\" src=\"http:\/\/portal.unesco.org\/es\/files\/43985\/12284157695envir02_250.jpg\/envir02_250.jpg\" alt=\"envir02_250.jpg\" hspace=\"15\" vspace=\"10\" width=\"250\" align=\"right\" \/>Bueno, s\u00ed. Estoy muy contenta de haber formado parte del movimiento democr\u00e1tico que consigui\u00f3 llevar al poder un gobierno m\u00e1s responsable en mi pa\u00eds. Nuestra elecci\u00f3n suscit\u00f3 grandes esperanzas en la poblaci\u00f3n. Los kenianos esperaban que pusi\u00e9ramos un t\u00e9rmino a la corrupci\u00f3n, mejor\u00e1semos los m\u00e9todos de gobierno, estableci\u00e9semos instituciones protectoras de los ciudadanos y defendi\u00e9semos a los agricultores contra los intermediarios.<\/p>\n<p style=\"text-align: left;\">Ahora bien, creo que nuestro gobierno se dej\u00f3 arrastrar en definitiva a la corrupci\u00f3n y mala gesti\u00f3n por culpa de sus propios ministros. No cumplimos con lo prometido entre nosotros, ni con las promesas que hicimos al electorado, por ejemplo aprobar una nueva constituci\u00f3n y compartir mejor el poder. Esto desemboc\u00f3 al final en los acontecimientos conocidos de todos [Nota de la redacci\u00f3n: las violencias postelectorales], en los que perdieron la vida muchos de nuestros compatriotas.<\/p>\n<p style=\"text-align: left;\">Estoy orgullosa de los progresos realizados, pero al mismo tiempo estoy muy desilusionada. En efecto, he podido ver con qu\u00e9 rapidez los pol\u00edticos se dejan ganar por su ego\u00edsmo y se olvidan los compromisos contra\u00eddos con el pueblo.<\/p>\n<p style=\"text-align: left;\"><strong>En la entrevista que concedi\u00f3 a <em>El Correo de la UNESCO<\/em> hace nueve a\u00f1os, dijo que le preocupaba la falta de inter\u00e9s manifestada a nivel mundial por los problemas del medio ambiente. \u00bfCree que ahora hay una mayor concienciaci\u00f3n de la gravedad de esos problemas, por ejemplo el cambio clim\u00e1tico? <\/strong><\/p>\n<p style=\"text-align: left;\">No cabe duda de que s\u00ed. En los \u00faltimos diez a\u00f1os la concienciaci\u00f3n ha progresado mucho. La gente se est\u00e1 percatando de que el medio ambiente puede ser una fuente de conflictos, especialmente en lo que respecta al reparto de los recursos h\u00eddricos y las tierras.<\/p>\n<p style=\"text-align: left;\">Con el cambio clim\u00e1tico nos estamos dando cuenta de que el clima es un factor esencial para que podamos vivimos en paz unos con otros. S\u00ed, somos m\u00e1s conscientes, pero todav\u00eda queda mucho por hacer. No hay m\u00e1s que ver, por ejemplo, los problemas que suscita la cuesti\u00f3n de reducir las emisiones de gases con efecto de invernadero.<\/p>\n<p style=\"text-align: left;\"><strong>\u00bfLe satisface la promesa de los pa\u00edses industrializados de reducir las emisiones de carbono? <\/strong><\/p>\n<p style=\"text-align: left;\">S\u00ed. Es alentador ver c\u00f3mo estos pa\u00edses \u2013que son los primeros responsables de las emisiones de gases con efecto de invernadero\u2013 cooperan entre s\u00ed, est\u00e1n dispuestos a tomar medidas e invitan a los dem\u00e1s pa\u00edses a seguir su ejemplo. Lo que me congratula, en particular, es que ahora han empezado a hablar de la necesidad de proteger los bosques de nuestro planeta. Espero sinceramente que ayuden a los pa\u00edses con grandes recursos forestales a preservarlos. Al decir esto, pienso en la selva amaz\u00f3nica de Brasil y en los bosques lluviosos del Congo y el Asia Sudoriental. Mi deseo es que la conservaci\u00f3n de los bosques sea una de las prioridades de su programa de protecci\u00f3n del medio ambiente.<\/p>\n<p class=\"p_ko\" style=\"text-align: left;\"><strong>\u00bfEl Premio N\u00f3bel de la Paz la alent\u00f3 a intensificar su acci\u00f3n?<\/strong><\/p>\n<p class=\"p_ko\" style=\"text-align: left;\"><img decoding=\"async\" src=\"http:\/\/portal.unesco.org\/es\/files\/43985\/12284157697envir03_250.jpg\/envir03_250.jpg\" alt=\"envir03_250.jpg\" hspace=\"15\" vspace=\"10\" width=\"250\" align=\"left\" \/>Claro que s\u00ed. Con el premio N\u00f3bel se logr\u00f3 efectivamente que se prestase mucha atenci\u00f3n a nuestra labor de sensibilizaci\u00f3n a los problemas ambientales, la defensa de los derechos humanos y la promoci\u00f3n de la gobernanza en \u00c1frica. Fui invitada por un sinf\u00edn de personas deseosas de compartir nuestro mensaje, que quer\u00edan mostrarme la labor que estaban realizando. Por eso emprend\u00ed una gira por todo el mundo, para explicar que es necesario proteger el medio ambiente y mejorar la gobernanza.<\/p>\n<p class=\"p_ko\" style=\"text-align: left;\">Los africanos no nos hemos beneficiado de la paz, ni de una buena gesti\u00f3n de nuestros recursos naturales. Por eso estamos sumidos en la pobreza y somos v\u00edctimas de numerosos conflictos. En mis viajes por el mundo he tratado de explicar la relaci\u00f3n que existe entre la protecci\u00f3n del medio ambiente y la paz.<\/p>\n<p class=\"p_ko\" style=\"text-align: left;\"><strong>\u00bfC\u00f3mo ve el papel de la mujer en el \u00e1mbito pol\u00edtico africano? \u00bfEst\u00e1 consiguiendo, por fin, tener una presencia efectiva en este terreno dominado hasta ahora por los hombres? <\/strong><\/p>\n<p class=\"p_ko\" style=\"text-align: left;\">Los progresos realizados son muy considerables. Las mujeres han llevado a cabo una tenaz campa\u00f1a para convencer a la opini\u00f3n de que se les deb\u00eda ofrecer oportunidades en una serie de \u00e1mbitos profesionales que trascienden su papel tradicional. Hoy en d\u00eda, vemos que ejercen la medicina, la abogac\u00eda y la docencia. Obviamente, si una de ellas se dedica a la pol\u00edtica y llega a formar parte de un gobierno para servir al pueblo, representa todo un s\u00edmbolo para la causa de la mujer.<\/p>\n<p class=\"p_ko\" style=\"text-align: left;\">Es indudable que mujeres como Ellen Johnson-Sirleaf, la actual Presidenta de Liberia, han aportado mucho a la causa femenina en \u00c1frica. Ha sido estupendo ver a una mujer elegida para ejercer la presidencia de un pa\u00eds africano. Es importante reconocer que ahora estamos cosechando los frutos de muchos a\u00f1os de lucha de las mujeres de nuestro continente. Creo que las mujeres son capaces de gobernar rindiendo mejor cuentas, mostrando un mayor sentido de la responsabilidad y respetando los derechos humanos.<\/p>\n<div style=\"text-align: left;\">\n<table style=\"width: 500px; height: 10px;\" border=\"0\" cellspacing=\"0\" cellpadding=\"10\">\n<tbody>\n<tr>\n<td style=\"font-weight: normal; font-size: 8pt; color: #000000; font-family: Verdana, Arial, Helvetica, sans-serif; text-decoration: none;\">\u00a0<\/td>\n<\/tr>\n<\/tbody>\n<\/table>\n<\/div>\n<table style=\"text-align: left; width: 500px;\" border=\"0\" cellspacing=\"0\" cellpadding=\"0\" bgcolor=\"#e9e9d1\">\n<tbody>\n<tr>\n<td width=\"5\">\u00a0<\/td>\n<td width=\"5\"><img loading=\"lazy\" decoding=\"async\" src=\"https:\/\/www.natureduca.com\/logos\/logo_infoblog1.gif\" border=\"0\" alt=\"\" width=\"15\" height=\"15\" align=\"absMiddle\" \/> <img loading=\"lazy\" decoding=\"async\" src=\"https:\/\/www.natureduca.com\/logos\/logo_infoblog2.gif\" border=\"0\" alt=\"\" width=\"15\" height=\"15\" align=\"absMiddle\" \/><\/td>\n<td><span style=\"color: #993300; font-size: x-small;\">\u00a0Informaci\u00f3n procedente de la UNESCO<br \/>\n\u00a0M\u00e1s informaci\u00f3n en la web de la Instituci\u00f3n &#8211;&gt;<\/span><span style=\"font-size: x-small;\"><a href=\"http:\/\/portal.unesco.org\/es\" target=\"_blank\">Aqu\u00ed<\/a><\/span><\/td>\n<\/tr>\n<\/tbody>\n<\/table>\n<div style=\"text-align: left;\">\n<table style=\"width: 500px; height: 10px;\" border=\"0\" cellspacing=\"0\" cellpadding=\"10\">\n<tbody>\n<tr>\n<td style=\"font-weight: normal; font-size: 8pt; color: #000000; font-family: Verdana, Arial, Helvetica, sans-serif; text-decoration: none;\">\u00a0<\/td>\n<\/tr>\n<\/tbody>\n<\/table>\n<\/div>\n","protected":false},"excerpt":{"rendered":"<p>\u00a9 Frederick Onyango Wangari Maathai con el actual Presidente de los Estados Unidos, Barack Obama, en Nairobi (Kenya) el a\u00f1o 2006. \u00a0 Orgullosa de los avances realizados en \u00c1frica, pero esc\u00e9ptica en lo que se refiere al progreso del buen gobierno, la keniana Wangari Maathai, Premio Nobel de la Paz &#8230;<\/p>\n<p class=\"continue-reading-button\"> <a class=\"continue-reading-link\" href=\"https:\/\/natureduca.com\/blogsos\/boletin-unesco-wangari-maathai-ilusiones-y-desilusiones\/\">Continue reading<i class=\"crycon-right-dir\"><\/i><\/a><\/p>\n","protected":false},"author":1,"featured_media":0,"comment_status":"open","ping_status":"open","sticky":false,"template":"","format":"standard","meta":{"footnotes":""},"categories":[1,9,12],"tags":[929,928,907,931,802,930],"class_list":["post-132","post","type-post","status-publish","format-standard","hentry","category-mujer","category-noticias","category-publicaciones","tag-condicion","tag-dignifican","tag-femenina","tag-maathai","tag-mujeres","tag-wangari"],"_links":{"self":[{"href":"https:\/\/natureduca.com\/blogsos\/wp-json\/wp\/v2\/posts\/132","targetHints":{"allow":["GET"]}}],"collection":[{"href":"https:\/\/natureduca.com\/blogsos\/wp-json\/wp\/v2\/posts"}],"about":[{"href":"https:\/\/natureduca.com\/blogsos\/wp-json\/wp\/v2\/types\/post"}],"author":[{"embeddable":true,"href":"https:\/\/natureduca.com\/blogsos\/wp-json\/wp\/v2\/users\/1"}],"replies":[{"embeddable":true,"href":"https:\/\/natureduca.com\/blogsos\/wp-json\/wp\/v2\/comments?post=132"}],"version-history":[{"count":0,"href":"https:\/\/natureduca.com\/blogsos\/wp-json\/wp\/v2\/posts\/132\/revisions"}],"wp:attachment":[{"href":"https:\/\/natureduca.com\/blogsos\/wp-json\/wp\/v2\/media?parent=132"}],"wp:term":[{"taxonomy":"category","embeddable":true,"href":"https:\/\/natureduca.com\/blogsos\/wp-json\/wp\/v2\/categories?post=132"},{"taxonomy":"post_tag","embeddable":true,"href":"https:\/\/natureduca.com\/blogsos\/wp-json\/wp\/v2\/tags?post=132"}],"curies":[{"name":"wp","href":"https:\/\/api.w.org\/{rel}","templated":true}]}}