{"id":113,"date":"2008-10-12T21:23:01","date_gmt":"2008-10-12T20:23:01","guid":{"rendered":"http:\/\/www.natureduca.com\/blogsos\/?p=113"},"modified":"2008-10-29T00:16:43","modified_gmt":"2008-10-28T23:16:43","slug":"la-victima","status":"publish","type":"post","link":"https:\/\/natureduca.com\/blogsos\/la-victima\/","title":{"rendered":"La v\u00edctima"},"content":{"rendered":"<p class=\"entry\">Hay personas que han tenido una infancia feliz y una vida, en general, bastante pl\u00e1cida. Otros, sin embargo, no han tenido tanta suerte. O tal vez s\u00ed, podr\u00e1n arg\u00fcir algunos. De hecho la fortaleza del car\u00e1cter se forja en las situaciones adversas.<\/p>\n<p class=\"MsoNormal\">En mis art\u00edculos hablo a menudo de los abusos sexuales infantiles, un asunto que conozco mejor de lo que quisiera. Tanto este hecho traum\u00e1tico como otros de similares caracter\u00edsticas, son susceptibles de generar en el individuo diversas secuelas de mayor o menor gravedad. Cabe se\u00f1alar que no es f\u00e1cil que un individuo advierta y reconozca en su propia persona el trauma, y m\u00e1s a\u00fan las secuelas asociadas al mismo. En realidad nunca somos demasiado conscientes de nuestros defectos, hayamos pasado o no por una situaci\u00f3n traum\u00e1tica.<\/p>\n<p class=\"MsoNormal\">Quienes padecimos abusos sexuales, violaciones o cualquier otra situaci\u00f3n similar terminamos convertidos en v\u00edctimas de aquel atropello. Parece una obviedad, sin embargo de un tiempo a esta parte, tomado como una descripci\u00f3n gen\u00e9rica, me postulo abiertamente en contra. Es cierto que en su momento fuimos v\u00edctimas; pero ese \u201cfuimos\u201d tiene un periodo de caducidad. No podemos ser v\u00edctimas indefinidamente. Y ese es uno de los mayores problemas con el que nos enfrentamos los individuos que tuvimos la desgracia de vivir esa situaci\u00f3n traum\u00e1tica. Esa y muchas otras, vuelvo a insistir. Cuando uno no logra sobreponerse al victimismo act\u00faa como si la sociedad hubiera contra\u00eddo una deuda impagable, por lo que nos mostramos como v\u00edctimas eternas que buscan un resarcimiento para el cual no existe pago que satisfaga todo el dolor acumulado.<\/p>\n<p class=\"MsoNormal\">El ni\u00f1o que ha padecido abusos puede terminar convertido en un aut\u00e9ntico tirano respecto de sus padres, o bien sus padres, queriendo compensar al menor por lo sucedido, son quienes permiten que este tenga una especie de \u201cbarra libre\u201d para hacer cuanto le plazca. La educaci\u00f3n es fundamental en todos los casos, y este, aunque delicado, no es una excepci\u00f3n.<\/p>\n<p class=\"MsoNormal\">Tambi\u00e9n debemos tener en cuenta que estas actitudes no siempre est\u00e1n asociadas a situaciones terribles que han marcado a una persona. Igualmente hay casos donde el individuo magnifica hasta lo absurdo cualquier padecimiento por el que se ha pasado con tal de reclamar una atenci\u00f3n de la que se cree merecedor. Este tipo de personas se transforman en chantajistas emocionales que, probablemente sin ser conscientes de ello, provocan grandes tensiones en su entorno.<\/p>\n<p class=\"MsoNormal\">En definitiva, nadie es v\u00edctima de nada de un modo permanente. Lo es, en todo caso, de una situaci\u00f3n puntual ocurrida en un momento concreto. El resto del tiempo cada cual es v\u00edctima de si mismo.<\/p>\n<p class=\"MsoNormal\"><a href=\"http:\/\/www.jmontane.es\/\">http:\/\/www.jmontane.es<\/a>\u00a0<\/p>\n","protected":false},"excerpt":{"rendered":"<p>Hay personas que han tenido una infancia feliz y una vida, en general, bastante pl\u00e1cida. Otros, sin embargo, no han tenido tanta suerte. O tal vez s\u00ed, podr\u00e1n arg\u00fcir algunos. De hecho la fortaleza del car\u00e1cter se forja en las situaciones adversas. En mis art\u00edculos hablo a menudo de los &#8230;<\/p>\n<p class=\"continue-reading-button\"> <a class=\"continue-reading-link\" href=\"https:\/\/natureduca.com\/blogsos\/la-victima\/\">Continue reading<i class=\"crycon-right-dir\"><\/i><\/a><\/p>\n","protected":false},"author":25,"featured_media":0,"comment_status":"open","ping_status":"open","sticky":false,"template":"","format":"standard","meta":{"footnotes":""},"categories":[3],"tags":[888],"class_list":["post-113","post","type-post","status-publish","format-standard","hentry","category-temas-comunes","tag-victima"],"_links":{"self":[{"href":"https:\/\/natureduca.com\/blogsos\/wp-json\/wp\/v2\/posts\/113","targetHints":{"allow":["GET"]}}],"collection":[{"href":"https:\/\/natureduca.com\/blogsos\/wp-json\/wp\/v2\/posts"}],"about":[{"href":"https:\/\/natureduca.com\/blogsos\/wp-json\/wp\/v2\/types\/post"}],"author":[{"embeddable":true,"href":"https:\/\/natureduca.com\/blogsos\/wp-json\/wp\/v2\/users\/25"}],"replies":[{"embeddable":true,"href":"https:\/\/natureduca.com\/blogsos\/wp-json\/wp\/v2\/comments?post=113"}],"version-history":[{"count":0,"href":"https:\/\/natureduca.com\/blogsos\/wp-json\/wp\/v2\/posts\/113\/revisions"}],"wp:attachment":[{"href":"https:\/\/natureduca.com\/blogsos\/wp-json\/wp\/v2\/media?parent=113"}],"wp:term":[{"taxonomy":"category","embeddable":true,"href":"https:\/\/natureduca.com\/blogsos\/wp-json\/wp\/v2\/categories?post=113"},{"taxonomy":"post_tag","embeddable":true,"href":"https:\/\/natureduca.com\/blogsos\/wp-json\/wp\/v2\/tags?post=113"}],"curies":[{"name":"wp","href":"https:\/\/api.w.org\/{rel}","templated":true}]}}