{"id":103,"date":"2008-09-26T09:42:41","date_gmt":"2008-09-26T08:42:41","guid":{"rendered":"http:\/\/www.natureduca.com\/blogsos\/?p=103"},"modified":"2008-09-26T09:42:41","modified_gmt":"2008-09-26T08:42:41","slug":"dependencia","status":"publish","type":"post","link":"https:\/\/natureduca.com\/blogsos\/dependencia\/","title":{"rendered":"Dependencia"},"content":{"rendered":"<p><!--[if gte mso 9]&gt;     Normal   0   21         false   false   false                             MicrosoftInternetExplorer4   --><!--[if gte mso 9]&gt;     --><!--[if !mso]&gt;  st1\\:*{behavior:url(#ieooui) }  --> <!--  \/* Style Definitions *\/  p.MsoNormal, li.MsoNormal, div.MsoNormal \t{mso-style-parent:\"\"; \tmargin:0cm; \tmargin-bottom:.0001pt; \tmso-pagination:widow-orphan; \tfont-size:12.0pt; \tfont-family:\"Times New Roman\"; \tmso-fareast-font-family:\"Times New Roman\";} @page Section1 \t{size:595.3pt 841.9pt; \tmargin:70.85pt 3.0cm 70.85pt 3.0cm; \tmso-header-margin:35.4pt; \tmso-footer-margin:35.4pt; \tmso-paper-source:0;} div.Section1 \t{page:Section1;} --> <!--[if gte mso 10]&gt;   \/* Style Definitions *\/  table.MsoNormalTable \t{mso-style-name:\"Tabla normal\"; \tmso-tstyle-rowband-size:0; \tmso-tstyle-colband-size:0; \tmso-style-noshow:yes; \tmso-style-parent:\"\"; \tmso-padding-alt:0cm 5.4pt 0cm 5.4pt; \tmso-para-margin:0cm; \tmso-para-margin-bottom:.0001pt; \tmso-pagination:widow-orphan; \tfont-size:10.0pt; \tfont-family:\"Times New Roman\"; \tmso-ansi-language:#0400; \tmso-fareast-language:#0400; \tmso-bidi-language:#0400;}  --><\/p>\n<p>\u00bfQu\u00e9 somos? \u00bfCu\u00e1l es nuestro valor como personas? Y lo que es m\u00e1s importante \u00bfc\u00f3mo establecemos dicho valor? No son las respuestas tan sencillas como parecen. Sin entrar en mayores complejidades podr\u00edamos otorgarnos un valor concreto bas\u00e1ndonos en nuestra propia auto consideraci\u00f3n, algo poco objetivo, sin duda, pero \u00bfacaso ser\u00eda mejor basarnos en el criterio que sobre nosotros tengan los dem\u00e1s? En realidad, aunque nos cueste reconocerlo, solemos esperar que nuestros actos tengan su correspondiente reflejo en los dem\u00e1s, y seg\u00fan sea el mismo formarnos un determinado valor. Este mismo escrito, sin ir m\u00e1s lejos, puede proporcionarme un determinado grado de satisfacci\u00f3n, o incluso no proporcionarme ninguno, dependiendo de mi autoexigencia. Ahora bien, si hay un n\u00famero importante de lectores que lo ensalzan o que lo ponen a parir, casi es inevitable que ese valor previo pueda verse alterado en mayor o menor medida. Dicha medida tendr\u00e1 mucho que ver con la fuerza que tiene el criterio de cada cual. Si soy un ser muy dubitativo y mi autoestima se tambalea a la m\u00e1s m\u00ednima, las opiniones ajenas pueden modificar considerablemente mi punto de vista inicial, y por el contrario, si mi criterio es firme, las opiniones ajenas, sean en el sentido que sean, no introducir\u00e1n grandes cambios en mi auto valoraci\u00f3n.<\/p>\n<p>Puesto que ya he empezado a ponerme a m\u00ed como ejemplo, sigamos haciendo uso de mi propia experiencia para interpretar determinadas circunstancias, una experiencia que refleja de un modo muy claro una parte de lo que pretendo transmitir.<\/p>\n<p>En mi infancia fui v\u00edctima de abusos sexuales, como ya he mencionado exhaustivamente en otros art\u00edculos. Este fue un hecho que guard\u00e9 en secreto hasta los treinta y ocho a\u00f1os. Siempre cre\u00ed que me lo llevar\u00eda a la tumba, por lo que revelarlo supuso un profundo cambio en mi vida; un cambio que a\u00fan hoy sigue marcando mi destino. Fui a una asociaci\u00f3n que se ocupaba del tema y empec\u00e9 a tomar las riendas de mi vida. El caso es que mi familia y mi entorno m\u00e1s cercano, ante tan devastadora noticia, reaccionaron de un modo m\u00e1s bien ambiguo. Uno espera que se produzca una especie de terremoto o algo parecido, sin embargo no fue as\u00ed ni por asomo. No es que me echaran abiertamente la culpa o dijeran que hubiera sido mejor permanecer callado, como ha sucedido en otros casos que conozco demasiado bien. No, en mi caso exist\u00eda esa conocida actitud de vamos a hacer como si no hubiera ocurrido nada. Pero eso no iba a durar demasiado tiempo ya que no mucho despu\u00e9s, a quienes en aquel momento est\u00e1bamos en la asociaci\u00f3n para la prevenci\u00f3n y ayuda para los abusos sexuales en la infancia, nos ofrecieron la posibilidad de participar en un reportaje gr\u00e1fico donde se tratar\u00eda este asunto. Junto a otros tres acept\u00e9 prestar mi imagen y dar mi testimonio. Cuando en un mes de noviembre de 2002 mi foto apareci\u00f3 en el Magazine ocupando una p\u00e1gina entera, cambiaron las actitudes. Ahora el asunto s\u00ed hab\u00eda adquirido una importancia que poco antes no parec\u00eda tener. \u00bfY cu\u00e1l era el cambio? Pues que miles de potenciales lectores se posicionaban claramente, sin necesidad alguna de ser ambiguos.<\/p>\n<p>Cuando los dem\u00e1s le otorgan un valor concreto a un hecho, actitud o comportamiento, \u00a0otros tantos se adhieren por comodidad, falta de criterio o de conocimiento y adoptan ese mismo valor. Existe una especie de dependencia a la mayor\u00eda; si todos dicen o hacen tal cosa es que debe estar bien o debe ser as\u00ed. En el ejemplo que he puesto digamos que el cambio entrar\u00eda en la l\u00f3gica. Mientras que el entorno cercano prefer\u00eda pasar por ignorante y evitar una realidad inc\u00f3moda que no sab\u00edan por donde cogerla, la prensa, con todo su poder de convocatoria y de denuncia, puso en evidencia lo terrible de esas situaciones. Con ese cambio radical de la realidad resultaba mucho m\u00e1s dif\u00edcil acogerse a la ambig\u00fcedad o a la evitaci\u00f3n. En este caso las adhesiones no se producen tanto por comodidad como por obligaci\u00f3n.<\/p>\n<p>En este ejemplo de los abusos sexuales se aprecia claramente lo que quiero decir cuando nos dejamos influir por la reacci\u00f3n que tienen los dem\u00e1s en nuestra posterior reacci\u00f3n y aceptaci\u00f3n de la realidad. Tambi\u00e9n quisiera decir que este es un ejemplo positivo, pues la denuncia que planteaba el reportaje oblig\u00f3 a que la actitud ambigua imperante hasta entonces, se enfrentara con una realidad que ya no pod\u00eda dejar indiferente a nadie. No puedo pasar por alto, no obstante, el hecho contrastado de que las actitudes son muy distintas cuando nos afectan de un modo directo a cuando no lo hacen. Podemos ser muy claros y muy tajantes cuando hablamos de las cuestiones ajenas, pero lo somos bastante menos cuando se trata de las propias.<\/p>\n<p>El problema es la dependencia que generamos en relaci\u00f3n con otros aspectos m\u00e1s negativos. Yo hablaba de un mensaje donde se dec\u00eda que los abusos sexuales son \u201calgo malo\u201d y donde esa dependencia hacia opiniones medi\u00e1ticas pod\u00eda ser \u00fatil. Podemos convenir en que las cosas no deber\u00edan ser as\u00ed, sino que es el criterio individual el que debiera bastar para formarse una opini\u00f3n sobre cualquier experiencia de nuestra vida.<\/p>\n<p>Nuestro criterio, demasiadas veces, busca adaptarse y ser aceptado. Si lo que pensamos no encaja con lo establecido y el esfuerzo para mantener nuestra postura supone grandes sacrificios optamos por el cambio, no vaya a ser que nos echen de la manada. Somos seres gregarios y buscamos socializarnos, lo cual no es negativo en principio, pero s\u00ed puede llegar a serlo cuando el precio significa renunciar a nuestro criterio y a lo que, en definitiva, hace que seamos lo que somos.<\/p>\n<p>\u00a0<\/p>\n<p>\u00a0<\/p>\n<p>\u00a0<\/p>\n<p>\u00a0<\/p>\n<p>\u00a0<\/p>\n<p>\u00a0<\/p>\n<p>\u00a0<\/p>\n","protected":false},"excerpt":{"rendered":"<p>\u00bfQu\u00e9 somos? \u00bfCu\u00e1l es nuestro valor como personas? Y lo que es m\u00e1s importante \u00bfc\u00f3mo establecemos dicho valor? No son las respuestas tan sencillas como parecen. Sin entrar en mayores complejidades podr\u00edamos otorgarnos un valor concreto bas\u00e1ndonos en nuestra propia auto consideraci\u00f3n, algo poco objetivo, sin duda, pero \u00bfacaso ser\u00eda &#8230;<\/p>\n<p class=\"continue-reading-button\"> <a class=\"continue-reading-link\" href=\"https:\/\/natureduca.com\/blogsos\/dependencia\/\">Continue reading<i class=\"crycon-right-dir\"><\/i><\/a><\/p>\n","protected":false},"author":25,"featured_media":0,"comment_status":"open","ping_status":"open","sticky":false,"template":"","format":"standard","meta":{"footnotes":""},"categories":[3],"tags":[875],"class_list":["post-103","post","type-post","status-publish","format-standard","hentry","category-temas-comunes","tag-dependencia"],"_links":{"self":[{"href":"https:\/\/natureduca.com\/blogsos\/wp-json\/wp\/v2\/posts\/103","targetHints":{"allow":["GET"]}}],"collection":[{"href":"https:\/\/natureduca.com\/blogsos\/wp-json\/wp\/v2\/posts"}],"about":[{"href":"https:\/\/natureduca.com\/blogsos\/wp-json\/wp\/v2\/types\/post"}],"author":[{"embeddable":true,"href":"https:\/\/natureduca.com\/blogsos\/wp-json\/wp\/v2\/users\/25"}],"replies":[{"embeddable":true,"href":"https:\/\/natureduca.com\/blogsos\/wp-json\/wp\/v2\/comments?post=103"}],"version-history":[{"count":0,"href":"https:\/\/natureduca.com\/blogsos\/wp-json\/wp\/v2\/posts\/103\/revisions"}],"wp:attachment":[{"href":"https:\/\/natureduca.com\/blogsos\/wp-json\/wp\/v2\/media?parent=103"}],"wp:term":[{"taxonomy":"category","embeddable":true,"href":"https:\/\/natureduca.com\/blogsos\/wp-json\/wp\/v2\/categories?post=103"},{"taxonomy":"post_tag","embeddable":true,"href":"https:\/\/natureduca.com\/blogsos\/wp-json\/wp\/v2\/tags?post=103"}],"curies":[{"name":"wp","href":"https:\/\/api.w.org\/{rel}","templated":true}]}}