{"id":471,"date":"2021-11-25T15:29:11","date_gmt":"2021-11-25T15:29:11","guid":{"rendered":"https:\/\/natureduca.com\/aula\/?p=471"},"modified":"2021-12-01T15:19:52","modified_gmt":"2021-12-01T15:19:52","slug":"ecologia-general-el-ciclo-del-carbono-1a-parte","status":"publish","type":"post","link":"https:\/\/natureduca.com\/aula\/ecologia-general-el-ciclo-del-carbono-1a-parte\/","title":{"rendered":"ECOLOG\u00cdA GENERAL &#8211; EL CICLO DEL CARBONO &#8211; 1\u00aa PARTE"},"content":{"rendered":"\t\t\t\t<div class=\"wp-block-uagb-table-of-contents uagb-toc__align-left uagb-toc__columns-1  uagb-block-574924dc      \"\n\t\t\t\t\tdata-scroll= \"1\"\n\t\t\t\t\tdata-offset= \"30\"\n\t\t\t\t\tstyle=\"\"\n\t\t\t\t>\n\t\t\t\t<div class=\"uagb-toc__wrap\">\n\t\t\t\t\t\t<div class=\"uagb-toc__title\">\n\t\t\t\t\t\t\tTabla de contenidos\t\t\t\t\t\t<\/div>\n\t\t\t\t\t\t\t\t\t\t\t\t\t\t\t\t\t\t\t\t\t\t<div class=\"uagb-toc__list-wrap \">\n\t\t\t\t\t\t<ol class=\"uagb-toc__list\"><li class=\"uagb-toc__list\"><a href=\"#el-proceso\" class=\"uagb-toc-link__trigger\">El proceso<\/a><li class=\"uagb-toc__list\"><a href=\"#el-papel-de-los-organismos-descomponedores\" class=\"uagb-toc-link__trigger\">El papel de los organismos descomponedores<\/a><li class=\"uagb-toc__list\"><a href=\"#c\u00f3mo-se-distribuyen-los-recursos-de-carbono\" class=\"uagb-toc-link__trigger\">C\u00f3mo se distribuyen los recursos de carbono<\/a><\/ol>\t\t\t\t\t<\/div>\n\t\t\t\t\t\t\t\t\t<\/div>\n\t\t\t\t<\/div>\n\t\t\t\n\n\n<p class=\"has-drop-cap\">En la naturaleza tienen lugar de forma c\u00edclica una serie de reacciones qu\u00edmicas, e intercambios entre la atm\u00f3sfera, los suelos y los seres vivos, en los cuales participan compuestos del carbono&nbsp;<em>(ciclo biogeoqu\u00edmico del carbono<\/em>) y el nitr\u00f3geno de la materia org\u00e1nica (<em>ciclo biogeoqu\u00edmico del nitr\u00f3geno<\/em>). El agua, tambi\u00e9n interviene en un ciclo hidrol\u00f3gico, en la que suceden sucesivas transformaciones f\u00edsicas dentro de la hidrosfera. Todos estos ciclos, son procesos regulares y b\u00e1sicos para el mantenimiento de la vida sobre la Tierra.<\/p>\n\n\n\n<h2 class=\"wp-block-heading\">El proceso<\/h2>\n\n\n\n<p>El carbono es parte fundamental y soporte de los organismos vivos, discurriendo en un ciclo de energ\u00eda que fluye a trav\u00e9s del ecosistema terrestre.<\/p>\n\n\n\n<p class=\"has-text-align-center\"><img title=\" \"decoding=\"async\" src=\"https:\/\/natureduca.com\/images_cienc\/cienc_ciclo_carbono.jpg\" alt=\" \"><br>CICLO DEL CARBONO<br>1-Di\u00f3xido de carbono en la atm\u00f3sfera, 2-F\u00e1bricas\/centrales t\u00e9rmicas, 3-Dep\u00f3sito calizo, 4-Respiraci\u00f3n de las ra\u00edces, 5-Descomposici\u00f3n, 6-Dep\u00f3sito de combustibles f\u00f3siles (carb\u00f3n, petr\u00f3leo, gas natural&#8230;), 7-Emisi\u00f3n del suelo y respiraci\u00f3n de los organismos, 8-Respiraci\u00f3n de los animales, 9-Respiraci\u00f3n de las plantas, 10-Asimilaci\u00f3n por las plantas, 11-Respiraci\u00f3n de las algas y animales acu\u00e1ticos,&nbsp;12-Fotos\u00edntesis de las algas,13-Restos vegetales.<\/p>\n\n\n\n<p>Mediante la fotos\u00edntesis, las plantas absorben el di\u00f3xido de carbono existente en el aire o el agua, y lo acumulan en los tejidos vegetales en forma de grasas, prote\u00ednas e hidratos de carbono. Posteriormente, los&nbsp;<a href=\"https:\/\/natureduca.com\/zoologia-indice.php\">animales<\/a>&nbsp;herb\u00edvoros se alimentan de estos vegetales, de los que obtienen energ\u00eda, para despu\u00e9s, siguiendo las cadenas tr\u00f3ficas, transferir esa energ\u00eda a los dem\u00e1s niveles (carn\u00edvoros que se alimentan de los herb\u00edvoros).<\/p>\n\n\n\n<p>Esa energ\u00eda sigue varios caminos: por un lado es devuelto a la atm\u00f3sfera como di\u00f3xido de carbono mediante la respiraci\u00f3n; por otro lado se deriva hacia el medio acu\u00e1tico, donde puede quedar como sedimentos org\u00e1nicos, o combinarse con las aguas para producir carbonatos y bicarbonatos (suponen el 71% de los recursos de carbono de la Tierra). En su acumulaci\u00f3n en las zonas h\u00famedas genera turba, resultado de una descomposici\u00f3n incompleta, lo que da lugar a la formaci\u00f3n de dep\u00f3sitos de combustibles f\u00f3siles como petr\u00f3leo, carb\u00f3n y gas natural.<\/p>\n\n\n\n<h2 class=\"wp-block-heading\">El papel de los organismos descomponedores<\/h2>\n\n\n\n<p>El ciclo del carbono queda completado gracias a los organismos descomponedores, los cuales llevan a cabo el proceso de mineralizar y descomponer los restos org\u00e1nicos, cad\u00e1veres, excrementos, etc. Adem\u00e1s de la actividad que llevan a cabo los reino vegetal y animal en el ciclo del carbono, tambi\u00e9n entra dentro de \u00e9ste el carbono liberado mediante la putrefacci\u00f3n y la combusti\u00f3n.<\/p>\n\n\n\n<h2 class=\"wp-block-heading\">C\u00f3mo se distribuyen los recursos de carbono<\/h2>\n\n\n\n<p>Como ya se dijo, los oc\u00e9anos contienen el 71% de los recursos de carbono de la Tierra en forma de carbonatos y bicarbonatos; un 3% en el fitoplancton y la materia org\u00e1nica muerta; otro 3% en los bosques; un 1% se utiliza en la fotos\u00edntesis, y se encuentra circulando en la atm\u00f3sfera; el 22% restante permanece fuera del ciclo en forma de combustibles f\u00f3siles y dep\u00f3sitos calizos.<\/p>\n\n\n\n<p>Actualmente, la combusti\u00f3n de los combustibles f\u00f3siles a la vez que se destruyen bosques m\u00e1s r\u00e1pidamente que se regeneran, provoca que se incremente el di\u00f3xido de carbono emitido a la atm\u00f3sfera; el resultado es el conocido efecto invernadero, que podr\u00eda alterar el clima mundial en las pr\u00f3ximas d\u00e9cadas.<\/p>\n\n\n\n<p class=\"has-text-align-center\"> <a href=\"https:\/\/natureduca.com\/aula\/indice-ecologia\/\"><img title=\" \"decoding=\"async\" src=\"https:\/\/natureduca.com\/logos\/1ciencia2.jpg\" alt=\" \"><br><span style=\"font-size: medium;\">\u00cdndice Ecolog\u00eda<\/span><\/a><\/p>\n","protected":false},"excerpt":{"rendered":"<p>En la naturaleza tienen lugar de forma c\u00edclica una serie de reacciones qu\u00edmicas, e intercambios entre la atm\u00f3sfera, los suelos y los seres vivos, en los cuales participan compuestos del carbono&nbsp;(ciclo biogeoqu\u00edmico del carbono) y el nitr\u00f3geno de la materia org\u00e1nica (ciclo biogeoqu\u00edmico del nitr\u00f3geno). El agua, tambi\u00e9n interviene en&#8230;<\/p>\n<p class=\"continue-reading-button\"> <a class=\"continue-reading-link\" href=\"https:\/\/natureduca.com\/aula\/ecologia-general-el-ciclo-del-carbono-1a-parte\/\">Seguir leyendo&#8230;<i class=\"crycon-right-dir\"><\/i><\/a><\/p>\n","protected":false},"author":3,"featured_media":-1,"comment_status":"open","ping_status":"open","sticky":false,"template":"","format":"standard","meta":{"_uag_custom_page_level_css":"","footnotes":""},"categories":[7],"tags":[91,90,4,5,38],"class_list":["post-471","post","type-post","status-publish","format-standard","has-post-thumbnail","hentry","category-ecologia","tag-carbono","tag-ciclo","tag-ecologia","tag-general","tag-parte"],"yoast_head":"<!-- This site is optimized with the Yoast SEO plugin v27.5 - https:\/\/yoast.com\/product\/yoast-seo-wordpress\/ -->\n<title>ECOLOG\u00cdA GENERAL - EL CICLO DEL CARBONO - 1\u00aa PARTE - Aula de Naturaleza educativa<\/title>\n<meta name=\"robots\" content=\"index, follow, max-snippet:-1, max-image-preview:large, max-video-preview:-1\" \/>\n<link rel=\"canonical\" href=\"https:\/\/natureduca.com\/aula\/ecologia-general-el-ciclo-del-carbono-1a-parte\/\" \/>\n<meta property=\"og:locale\" content=\"es_ES\" \/>\n<meta property=\"og:type\" content=\"article\" \/>\n<meta property=\"og:title\" content=\"ECOLOG\u00cdA GENERAL - EL CICLO DEL CARBONO - 1\u00aa PARTE - Aula de Naturaleza educativa\" \/>\n<meta property=\"og:description\" content=\"En la naturaleza tienen lugar de forma c\u00edclica una serie de reacciones qu\u00edmicas, e intercambios entre la atm\u00f3sfera, los suelos y los seres vivos, en los cuales participan compuestos del carbono&nbsp;(ciclo biogeoqu\u00edmico del carbono) y el nitr\u00f3geno de la materia org\u00e1nica (ciclo biogeoqu\u00edmico del nitr\u00f3geno). El agua, tambi\u00e9n interviene en... Seguir leyendo...\" \/>\n<meta property=\"og:url\" content=\"https:\/\/natureduca.com\/aula\/ecologia-general-el-ciclo-del-carbono-1a-parte\/\" \/>\n<meta property=\"og:site_name\" content=\"Aula de Naturaleza educativa\" \/>\n<meta property=\"article:published_time\" content=\"2021-11-25T15:29:11+00:00\" \/>\n<meta property=\"article:modified_time\" content=\"2021-12-01T15:19:52+00:00\" \/>\n<meta name=\"author\" content=\"Admin\" \/>\n<meta name=\"twitter:card\" content=\"summary_large_image\" \/>\n<meta name=\"twitter:label1\" content=\"Escrito por\" \/>\n\t<meta name=\"twitter:data1\" content=\"Admin\" \/>\n\t<meta name=\"twitter:label2\" content=\"Tiempo de lectura\" \/>\n\t<meta name=\"twitter:data2\" content=\"3 minutos\" \/>\n<script type=\"application\/ld+json\" class=\"yoast-schema-graph\">{\"@context\":\"https:\\\/\\\/schema.org\",\"@graph\":[{\"@type\":\"Article\",\"@id\":\"https:\\\/\\\/natureduca.com\\\/aula\\\/ecologia-general-el-ciclo-del-carbono-1a-parte\\\/#article\",\"isPartOf\":{\"@id\":\"https:\\\/\\\/natureduca.com\\\/aula\\\/ecologia-general-el-ciclo-del-carbono-1a-parte\\\/\"},\"author\":{\"name\":\"Admin\",\"@id\":\"https:\\\/\\\/natureduca.com\\\/aula\\\/#\\\/schema\\\/person\\\/4dff7f100e95d668d0ffd562d6201d35\"},\"headline\":\"ECOLOG\u00cdA GENERAL &#8211; EL CICLO DEL CARBONO &#8211; 1\u00aa PARTE\",\"datePublished\":\"2021-11-25T15:29:11+00:00\",\"dateModified\":\"2021-12-01T15:19:52+00:00\",\"mainEntityOfPage\":{\"@id\":\"https:\\\/\\\/natureduca.com\\\/aula\\\/ecologia-general-el-ciclo-del-carbono-1a-parte\\\/\"},\"wordCount\":603,\"commentCount\":0,\"image\":{\"@id\":\"https:\\\/\\\/natureduca.com\\\/aula\\\/ecologia-general-el-ciclo-del-carbono-1a-parte\\\/#primaryimage\"},\"thumbnailUrl\":\"https:\\\/\\\/natureduca.com\\\/images_cienc\\\/cienc_ciclo_carbono.jpg\",\"keywords\":[\"carbono\",\"ciclo\",\"ecologia\",\"general\",\"parte\"],\"articleSection\":[\"Ecolog\u00eda\"],\"inLanguage\":\"es\",\"potentialAction\":[{\"@type\":\"CommentAction\",\"name\":\"Comment\",\"target\":[\"https:\\\/\\\/natureduca.com\\\/aula\\\/ecologia-general-el-ciclo-del-carbono-1a-parte\\\/#respond\"]}]},{\"@type\":\"WebPage\",\"@id\":\"https:\\\/\\\/natureduca.com\\\/aula\\\/ecologia-general-el-ciclo-del-carbono-1a-parte\\\/\",\"url\":\"https:\\\/\\\/natureduca.com\\\/aula\\\/ecologia-general-el-ciclo-del-carbono-1a-parte\\\/\",\"name\":\"ECOLOG\u00cdA GENERAL - EL CICLO DEL CARBONO - 1\u00aa PARTE - Aula de Naturaleza educativa\",\"isPartOf\":{\"@id\":\"https:\\\/\\\/natureduca.com\\\/aula\\\/#website\"},\"primaryImageOfPage\":{\"@id\":\"https:\\\/\\\/natureduca.com\\\/aula\\\/ecologia-general-el-ciclo-del-carbono-1a-parte\\\/#primaryimage\"},\"image\":{\"@id\":\"https:\\\/\\\/natureduca.com\\\/aula\\\/ecologia-general-el-ciclo-del-carbono-1a-parte\\\/#primaryimage\"},\"thumbnailUrl\":\"https:\\\/\\\/natureduca.com\\\/images_cienc\\\/cienc_ciclo_carbono.jpg\",\"datePublished\":\"2021-11-25T15:29:11+00:00\",\"dateModified\":\"2021-12-01T15:19:52+00:00\",\"author\":{\"@id\":\"https:\\\/\\\/natureduca.com\\\/aula\\\/#\\\/schema\\\/person\\\/4dff7f100e95d668d0ffd562d6201d35\"},\"breadcrumb\":{\"@id\":\"https:\\\/\\\/natureduca.com\\\/aula\\\/ecologia-general-el-ciclo-del-carbono-1a-parte\\\/#breadcrumb\"},\"inLanguage\":\"es\",\"potentialAction\":[{\"@type\":\"ReadAction\",\"target\":[\"https:\\\/\\\/natureduca.com\\\/aula\\\/ecologia-general-el-ciclo-del-carbono-1a-parte\\\/\"]}]},{\"@type\":\"ImageObject\",\"inLanguage\":\"es\",\"@id\":\"https:\\\/\\\/natureduca.com\\\/aula\\\/ecologia-general-el-ciclo-del-carbono-1a-parte\\\/#primaryimage\",\"url\":\"https:\\\/\\\/natureduca.com\\\/images_cienc\\\/cienc_ciclo_carbono.jpg\",\"contentUrl\":\"https:\\\/\\\/natureduca.com\\\/images_cienc\\\/cienc_ciclo_carbono.jpg\"},{\"@type\":\"BreadcrumbList\",\"@id\":\"https:\\\/\\\/natureduca.com\\\/aula\\\/ecologia-general-el-ciclo-del-carbono-1a-parte\\\/#breadcrumb\",\"itemListElement\":[{\"@type\":\"ListItem\",\"position\":1,\"name\":\"Portada\",\"item\":\"https:\\\/\\\/natureduca.com\\\/aula\\\/\"},{\"@type\":\"ListItem\",\"position\":2,\"name\":\"ECOLOG\u00cdA GENERAL &#8211; EL CICLO DEL CARBONO &#8211; 1\u00aa PARTE\"}]},{\"@type\":\"WebSite\",\"@id\":\"https:\\\/\\\/natureduca.com\\\/aula\\\/#website\",\"url\":\"https:\\\/\\\/natureduca.com\\\/aula\\\/\",\"name\":\"Aula de Naturaleza educativa\",\"description\":\"Aula de Naturaleza educativa. Miles de art\u00edculos enciclop\u00e9dicos sobre Naturaleza, Medioambiente y Tecnolog\u00eda\",\"potentialAction\":[{\"@type\":\"SearchAction\",\"target\":{\"@type\":\"EntryPoint\",\"urlTemplate\":\"https:\\\/\\\/natureduca.com\\\/aula\\\/?s={search_term_string}\"},\"query-input\":{\"@type\":\"PropertyValueSpecification\",\"valueRequired\":true,\"valueName\":\"search_term_string\"}}],\"inLanguage\":\"es\"},{\"@type\":\"Person\",\"@id\":\"https:\\\/\\\/natureduca.com\\\/aula\\\/#\\\/schema\\\/person\\\/4dff7f100e95d668d0ffd562d6201d35\",\"name\":\"Admin\",\"image\":{\"@type\":\"ImageObject\",\"inLanguage\":\"es\",\"@id\":\"https:\\\/\\\/secure.gravatar.com\\\/avatar\\\/962e63946d92c7a2d8981a0346fe0c290872fca157e819c893671264b4b499f6?s=96&d=mm&r=g\",\"url\":\"https:\\\/\\\/secure.gravatar.com\\\/avatar\\\/962e63946d92c7a2d8981a0346fe0c290872fca157e819c893671264b4b499f6?s=96&d=mm&r=g\",\"contentUrl\":\"https:\\\/\\\/secure.gravatar.com\\\/avatar\\\/962e63946d92c7a2d8981a0346fe0c290872fca157e819c893671264b4b499f6?s=96&d=mm&r=g\",\"caption\":\"Admin\"},\"url\":\"https:\\\/\\\/natureduca.com\\\/aula\\\/author\\\/jefe\\\/\"}]}<\/script>\n<!-- \/ Yoast SEO plugin. -->","yoast_head_json":{"title":"ECOLOG\u00cdA GENERAL - EL CICLO DEL CARBONO - 1\u00aa PARTE - Aula de Naturaleza educativa","robots":{"index":"index","follow":"follow","max-snippet":"max-snippet:-1","max-image-preview":"max-image-preview:large","max-video-preview":"max-video-preview:-1"},"canonical":"https:\/\/natureduca.com\/aula\/ecologia-general-el-ciclo-del-carbono-1a-parte\/","og_locale":"es_ES","og_type":"article","og_title":"ECOLOG\u00cdA GENERAL - EL CICLO DEL CARBONO - 1\u00aa PARTE - Aula de Naturaleza educativa","og_description":"En la naturaleza tienen lugar de forma c\u00edclica una serie de reacciones qu\u00edmicas, e intercambios entre la atm\u00f3sfera, los suelos y los seres vivos, en los cuales participan compuestos del carbono&nbsp;(ciclo biogeoqu\u00edmico del carbono) y el nitr\u00f3geno de la materia org\u00e1nica (ciclo biogeoqu\u00edmico del nitr\u00f3geno). El agua, tambi\u00e9n interviene en... Seguir leyendo...","og_url":"https:\/\/natureduca.com\/aula\/ecologia-general-el-ciclo-del-carbono-1a-parte\/","og_site_name":"Aula de Naturaleza educativa","article_published_time":"2021-11-25T15:29:11+00:00","article_modified_time":"2021-12-01T15:19:52+00:00","author":"Admin","twitter_card":"summary_large_image","twitter_misc":{"Escrito por":"Admin","Tiempo de lectura":"3 minutos"},"schema":{"@context":"https:\/\/schema.org","@graph":[{"@type":"Article","@id":"https:\/\/natureduca.com\/aula\/ecologia-general-el-ciclo-del-carbono-1a-parte\/#article","isPartOf":{"@id":"https:\/\/natureduca.com\/aula\/ecologia-general-el-ciclo-del-carbono-1a-parte\/"},"author":{"name":"Admin","@id":"https:\/\/natureduca.com\/aula\/#\/schema\/person\/4dff7f100e95d668d0ffd562d6201d35"},"headline":"ECOLOG\u00cdA GENERAL &#8211; EL CICLO DEL CARBONO &#8211; 1\u00aa PARTE","datePublished":"2021-11-25T15:29:11+00:00","dateModified":"2021-12-01T15:19:52+00:00","mainEntityOfPage":{"@id":"https:\/\/natureduca.com\/aula\/ecologia-general-el-ciclo-del-carbono-1a-parte\/"},"wordCount":603,"commentCount":0,"image":{"@id":"https:\/\/natureduca.com\/aula\/ecologia-general-el-ciclo-del-carbono-1a-parte\/#primaryimage"},"thumbnailUrl":"https:\/\/natureduca.com\/images_cienc\/cienc_ciclo_carbono.jpg","keywords":["carbono","ciclo","ecologia","general","parte"],"articleSection":["Ecolog\u00eda"],"inLanguage":"es","potentialAction":[{"@type":"CommentAction","name":"Comment","target":["https:\/\/natureduca.com\/aula\/ecologia-general-el-ciclo-del-carbono-1a-parte\/#respond"]}]},{"@type":"WebPage","@id":"https:\/\/natureduca.com\/aula\/ecologia-general-el-ciclo-del-carbono-1a-parte\/","url":"https:\/\/natureduca.com\/aula\/ecologia-general-el-ciclo-del-carbono-1a-parte\/","name":"ECOLOG\u00cdA GENERAL - EL CICLO DEL CARBONO - 1\u00aa PARTE - Aula de Naturaleza educativa","isPartOf":{"@id":"https:\/\/natureduca.com\/aula\/#website"},"primaryImageOfPage":{"@id":"https:\/\/natureduca.com\/aula\/ecologia-general-el-ciclo-del-carbono-1a-parte\/#primaryimage"},"image":{"@id":"https:\/\/natureduca.com\/aula\/ecologia-general-el-ciclo-del-carbono-1a-parte\/#primaryimage"},"thumbnailUrl":"https:\/\/natureduca.com\/images_cienc\/cienc_ciclo_carbono.jpg","datePublished":"2021-11-25T15:29:11+00:00","dateModified":"2021-12-01T15:19:52+00:00","author":{"@id":"https:\/\/natureduca.com\/aula\/#\/schema\/person\/4dff7f100e95d668d0ffd562d6201d35"},"breadcrumb":{"@id":"https:\/\/natureduca.com\/aula\/ecologia-general-el-ciclo-del-carbono-1a-parte\/#breadcrumb"},"inLanguage":"es","potentialAction":[{"@type":"ReadAction","target":["https:\/\/natureduca.com\/aula\/ecologia-general-el-ciclo-del-carbono-1a-parte\/"]}]},{"@type":"ImageObject","inLanguage":"es","@id":"https:\/\/natureduca.com\/aula\/ecologia-general-el-ciclo-del-carbono-1a-parte\/#primaryimage","url":"https:\/\/natureduca.com\/images_cienc\/cienc_ciclo_carbono.jpg","contentUrl":"https:\/\/natureduca.com\/images_cienc\/cienc_ciclo_carbono.jpg"},{"@type":"BreadcrumbList","@id":"https:\/\/natureduca.com\/aula\/ecologia-general-el-ciclo-del-carbono-1a-parte\/#breadcrumb","itemListElement":[{"@type":"ListItem","position":1,"name":"Portada","item":"https:\/\/natureduca.com\/aula\/"},{"@type":"ListItem","position":2,"name":"ECOLOG\u00cdA GENERAL &#8211; EL CICLO DEL CARBONO &#8211; 1\u00aa PARTE"}]},{"@type":"WebSite","@id":"https:\/\/natureduca.com\/aula\/#website","url":"https:\/\/natureduca.com\/aula\/","name":"Aula de Naturaleza educativa","description":"Aula de Naturaleza educativa. Miles de art\u00edculos enciclop\u00e9dicos sobre Naturaleza, Medioambiente y Tecnolog\u00eda","potentialAction":[{"@type":"SearchAction","target":{"@type":"EntryPoint","urlTemplate":"https:\/\/natureduca.com\/aula\/?s={search_term_string}"},"query-input":{"@type":"PropertyValueSpecification","valueRequired":true,"valueName":"search_term_string"}}],"inLanguage":"es"},{"@type":"Person","@id":"https:\/\/natureduca.com\/aula\/#\/schema\/person\/4dff7f100e95d668d0ffd562d6201d35","name":"Admin","image":{"@type":"ImageObject","inLanguage":"es","@id":"https:\/\/secure.gravatar.com\/avatar\/962e63946d92c7a2d8981a0346fe0c290872fca157e819c893671264b4b499f6?s=96&d=mm&r=g","url":"https:\/\/secure.gravatar.com\/avatar\/962e63946d92c7a2d8981a0346fe0c290872fca157e819c893671264b4b499f6?s=96&d=mm&r=g","contentUrl":"https:\/\/secure.gravatar.com\/avatar\/962e63946d92c7a2d8981a0346fe0c290872fca157e819c893671264b4b499f6?s=96&d=mm&r=g","caption":"Admin"},"url":"https:\/\/natureduca.com\/aula\/author\/jefe\/"}]}},"featured_image_src":null,"featured_image_src_square":null,"author_info":{"display_name":"Admin","author_link":"https:\/\/natureduca.com\/aula\/author\/jefe\/"},"uagb_featured_image_src":{"full":false,"thumbnail":false,"medium":false,"medium_large":false,"large":false,"1536x1536":false,"2048x2048":false,"custom":false,"gb-block-post-grid-landscape":false,"gb-block-post-grid-square":false,"post-thumbnail":false,"header":false,"slider":false,"columns":false},"uagb_author_info":{"display_name":"Admin","author_link":"https:\/\/natureduca.com\/aula\/author\/jefe\/"},"uagb_comment_info":0,"uagb_excerpt":"En la naturaleza tienen lugar de forma c\u00edclica una serie de reacciones qu\u00edmicas, e intercambios entre la atm\u00f3sfera, los suelos y los seres vivos, en los cuales participan compuestos del carbono&nbsp;(ciclo biogeoqu\u00edmico del carbono) y el nitr\u00f3geno de la materia org\u00e1nica (ciclo biogeoqu\u00edmico del nitr\u00f3geno). El agua, tambi\u00e9n interviene en... Seguir leyendo...","amp_enabled":true,"_links":{"self":[{"href":"https:\/\/natureduca.com\/aula\/wp-json\/wp\/v2\/posts\/471","targetHints":{"allow":["GET"]}}],"collection":[{"href":"https:\/\/natureduca.com\/aula\/wp-json\/wp\/v2\/posts"}],"about":[{"href":"https:\/\/natureduca.com\/aula\/wp-json\/wp\/v2\/types\/post"}],"author":[{"embeddable":true,"href":"https:\/\/natureduca.com\/aula\/wp-json\/wp\/v2\/users\/3"}],"replies":[{"embeddable":true,"href":"https:\/\/natureduca.com\/aula\/wp-json\/wp\/v2\/comments?post=471"}],"version-history":[{"count":0,"href":"https:\/\/natureduca.com\/aula\/wp-json\/wp\/v2\/posts\/471\/revisions"}],"wp:featuredmedia":[{"embeddable":true,"href":"https:\/\/natureduca.com\/aula\/wp-json\/"}],"wp:attachment":[{"href":"https:\/\/natureduca.com\/aula\/wp-json\/wp\/v2\/media?parent=471"}],"wp:term":[{"taxonomy":"category","embeddable":true,"href":"https:\/\/natureduca.com\/aula\/wp-json\/wp\/v2\/categories?post=471"},{"taxonomy":"post_tag","embeddable":true,"href":"https:\/\/natureduca.com\/aula\/wp-json\/wp\/v2\/tags?post=471"}],"curies":[{"name":"wp","href":"https:\/\/api.w.org\/{rel}","templated":true}]}}