{"id":466,"date":"2021-11-24T23:57:32","date_gmt":"2021-11-24T23:57:32","guid":{"rendered":"https:\/\/natureduca.com\/aula\/?p=466"},"modified":"2021-12-01T15:15:18","modified_gmt":"2021-12-01T15:15:18","slug":"ecologia-general-la-fotosintesis-6a-parte","status":"publish","type":"post","link":"https:\/\/natureduca.com\/aula\/ecologia-general-la-fotosintesis-6a-parte\/","title":{"rendered":"ECOLOG\u00cdA GENERAL &#8211; LA FOTOS\u00cdNTESIS &#8211; 6\u00aa PARTE"},"content":{"rendered":"\t\t\t\t<div class=\"wp-block-uagb-table-of-contents uagb-toc__align-left uagb-toc__columns-1  uagb-block-6bb5eefe      \"\n\t\t\t\t\tdata-scroll= \"1\"\n\t\t\t\t\tdata-offset= \"30\"\n\t\t\t\t\tstyle=\"\"\n\t\t\t\t>\n\t\t\t\t<div class=\"uagb-toc__wrap\">\n\t\t\t\t\t\t<div class=\"uagb-toc__title\">\n\t\t\t\t\t\t\tTabla de contenidos\t\t\t\t\t\t<\/div>\n\t\t\t\t\t\t\t\t\t\t\t\t\t\t\t\t\t\t\t\t\t\t<div class=\"uagb-toc__list-wrap \">\n\t\t\t\t\t\t<ol class=\"uagb-toc__list\"><li class=\"uagb-toc__list\"><a href=\"#los-factores-que-influyen-en-la-producci\u00f3n-fotosint\u00e9tica\" class=\"uagb-toc-link__trigger\">Los factores que influyen en la producci\u00f3n fotosint\u00e9tica<\/a><ul class=\"uagb-toc__list\"><li class=\"uagb-toc__list\"><a href=\"#la-intensidad-de-luz-y-temperatura\" class=\"uagb-toc-link__trigger\">La intensidad de luz y temperatura<\/a><li class=\"uagb-toc__list\"><li class=\"uagb-toc__list\"><a href=\"#el-di\u00f3xido-de-carbono\" class=\"uagb-toc-link__trigger\">El di\u00f3xido de carbono<\/a><\/ul><\/ol>\t\t\t\t\t<\/div>\n\t\t\t\t\t\t\t\t\t<\/div>\n\t\t\t\t<\/div>\n\t\t\t\n\n\n<h2 class=\"wp-block-heading\">Los factores que influyen en la producci\u00f3n fotosint\u00e9tica<\/h2>\n\n\n\n<p class=\"has-drop-cap\">La producci\u00f3n resultante de la fotos\u00edntesis se define en t\u00e9rminos de tasa de producci\u00f3n de ox\u00edgeno, ya sea por unidad de masa de los tejidos vegetales verdes o por unidad de peso de la clorofila total.<\/p>\n\n\n\n<p>La cantidad de luz, el suministro de di\u00f3xido de carbono, la temperatura, el suministro de agua, y la disponibilidad de los minerales son los factores ambientales m\u00e1s importantes que afectan directamente a la tasa de producci\u00f3n fotosint\u00e9tica en las plantas que cubren la Tierra. Esta tasa tambi\u00e9n est\u00e1 determinada por las especies de plantas y su estado fisiol\u00f3gico; por ejemplo, su salud, su madurez, y si est\u00e1n o no en flor.<\/p>\n\n\n\n<h3 class=\"wp-block-heading\">La intensidad de luz y temperatura<\/h3>\n\n\n\n<p>Como se ha dicho en p\u00e1ginas anteriores, el complejo mecanismo de la fotos\u00edntesis incluye una etapa fotoqu\u00edmica, o dependiente de la luz, y una etapa enzim\u00e1tica en la oscuridad, que implica reacciones qu\u00edmicas. Estas etapas se pueden distinguir mediante el estudio de las tasas fotosint\u00e9ticas medidas en varios grados de intensidad de la luz, y a diferentes temperaturas.<\/p>\n\n\n\n<p>Estos estudios indican que en un rango de temperaturas moderadas e intensidades de luz de bajas a medias (en relaci\u00f3n con el rango normal de la especie en estudio), la tasa fotosint\u00e9tica aumenta a medida que aumenta la intensidad de luz y es independiente de la temperatura. Pero, a medida que la intensidad de la luz aumenta de niveles medios a m\u00e1s altos, la tasa se vuelve cada vez m\u00e1s dependiente de la temperatura y menos dependiente de la luz. A partir del punto de intensidad en que la luz alcanza la saturaci\u00f3n (es decir, el momento en que la luz ya no afecta a la tasa de producci\u00f3n) el aumento de la tasa ya s\u00f3lo depende de la temperatura, siempre que los dem\u00e1s factores se mantengan constantes.<\/p>\n\n\n\n<p class=\"has-text-align-center\"><img title=\" \"decoding=\"async\" src=\"https:\/\/natureduca.com\/images_cienc\/fotosintesis_temperatura.jpg\" alt=\" \"><br>Cuando el incremento de luz ha llegado a un punto de saturaci\u00f3n, la tasa fotosint\u00e9tica ya s\u00f3lo depende de la temperatura. En el gr\u00e1fico, se puede observar que la tasa se incrementa proporcionalmente a la intensidad de luz, pero s\u00f3lo hasta un punto en que ya se mantiene plana en funci\u00f3n de la luz y variable en funci\u00f3n de la temperatura; en este caso se muestra la variaci\u00f3n para 20\u00baC y 35\u00baC<\/p>\n\n\n\n<p>A altas intensidades de luz, algunas de las reacciones qu\u00edmicas de la fase oscura se convierten en factores limitantes de la velocidad de producci\u00f3n. Cuando se produce la saturaci\u00f3n de luz, el aumento de temperatura arroja un crecimiento de las tasas de producci\u00f3n s\u00f3lo hasta un l\u00edmite, punto a partir del cual ya no se produce ning\u00fan aumento m\u00e1s.<\/p>\n\n\n\n<p class=\"has-text-align-center\"><img title=\" \"decoding=\"async\" src=\"https:\/\/natureduca.com\/images_cienc\/fotosintesis_temperatura2.jpg\" alt=\" \"><br>El incremento de temperatura tiene un l\u00edmite a partir del cual la tasa de producci\u00f3n ya no crece m\u00e1s<\/p>\n\n\n\n<p>Por otra parte, en muchas plantas se realiza un proceso llamado fotorrespiraci\u00f3n, que se manifiesta a altas intensidades de luz y temperatura. La fotorrespiraci\u00f3n compite con la fotos\u00edntesis y es otro factor limitante del crecimiento de la tasa fotosint\u00e9tica, especialmente si el suministro de agua tambi\u00e9n est\u00e1 limitado.<\/p>\n\n\n\n<h3 class=\"wp-block-heading\">El di\u00f3xido de carbono<\/h3>\n\n\n\n<p>Las reacciones qu\u00edmicas que forman compuestos org\u00e1nicos utilizando como fuente el di\u00f3xido de carbono, son un factor de la velocidad de producci\u00f3n durante la etapa oscura. Las tasas de estas reacciones se pueden aumentar, en cierta medida, aumentando la concentraci\u00f3n de di\u00f3xido de carbono.<\/p>\n\n\n\n<p>Desde el siglo XIX y especialmente durante el pasado siglo XX, el nivel de di\u00f3xido de carbono en la atm\u00f3sfera ha ido en aumento debido a la extensa quema de combustibles f\u00f3siles. El nivel atmosf\u00e9rico de este gas aument\u00f3 aproximadamente el 0,028% en 1860, el 0,0315% en 1958 (cuando ya se obtuvieron mejores mediciones), y el 0,034% a comienzos de la d\u00e9cada de 1980. Este incremento del di\u00f3xido de carbono provoca un aumento directo de la fotos\u00edntesis de las plantas, pero la magnitud del aumento depende en gran parte de la especie y la condici\u00f3n fisiol\u00f3gica de cada planta.<\/p>\n\n\n\n<p class=\"has-text-align-center\"><img title=\" \"decoding=\"async\" src=\"https:\/\/natureduca.com\/images_cienc\/fotosintesis_dioxidohistorico.jpg\" alt=\" \"><br>Las mediciones de di\u00f3xido de carbono tomadas desde 1860 (con registros m\u00e1s fiables a partir de 1958) revelan un aumento progresivo de este gas en la atm\u00f3sfera<\/p>\n\n\n\n<p>La tasa fotosint\u00e9tica tambi\u00e9n se ve alterada como resultado de los cambios clim\u00e1ticos, a consecuencia del aumento de los niveles de di\u00f3xido de carbono atmosf\u00e9rico y del aumento de la temperatura global.<\/p>\n\n\n\n<p class=\"has-text-align-center\"> <a href=\"https:\/\/natureduca.com\/aula\/indice-ecologia\/\"><img title=\" \"decoding=\"async\" src=\"https:\/\/natureduca.com\/logos\/1ciencia2.jpg\" alt=\" \"><br><span style=\"font-size: medium;\">\u00cdndice Ecolog\u00eda<\/span><\/a> <\/p>\n","protected":false},"excerpt":{"rendered":"<p>Los factores que influyen en la producci\u00f3n fotosint\u00e9tica La producci\u00f3n resultante de la fotos\u00edntesis se define en t\u00e9rminos de tasa de producci\u00f3n de ox\u00edgeno, ya sea por unidad de masa de los tejidos vegetales verdes o por unidad de peso de la clorofila total. La cantidad de luz, el suministro&#8230;<\/p>\n<p class=\"continue-reading-button\"> <a class=\"continue-reading-link\" href=\"https:\/\/natureduca.com\/aula\/ecologia-general-la-fotosintesis-6a-parte\/\">Seguir leyendo&#8230;<i class=\"crycon-right-dir\"><\/i><\/a><\/p>\n","protected":false},"author":3,"featured_media":-1,"comment_status":"open","ping_status":"open","sticky":false,"template":"","format":"standard","meta":{"_uag_custom_page_level_css":"","footnotes":""},"categories":[7],"tags":[4,89,5,38],"class_list":["post-466","post","type-post","status-publish","format-standard","has-post-thumbnail","hentry","category-ecologia","tag-ecologia","tag-fotosintesis","tag-general","tag-parte"],"yoast_head":"<!-- This site is optimized with the Yoast SEO plugin v27.5 - https:\/\/yoast.com\/product\/yoast-seo-wordpress\/ -->\n<title>ECOLOG\u00cdA GENERAL - LA FOTOS\u00cdNTESIS - 6\u00aa PARTE - Aula de Naturaleza educativa<\/title>\n<meta name=\"robots\" content=\"index, follow, max-snippet:-1, max-image-preview:large, max-video-preview:-1\" \/>\n<link rel=\"canonical\" href=\"https:\/\/natureduca.com\/aula\/ecologia-general-la-fotosintesis-6a-parte\/\" \/>\n<meta property=\"og:locale\" content=\"es_ES\" \/>\n<meta property=\"og:type\" content=\"article\" \/>\n<meta property=\"og:title\" content=\"ECOLOG\u00cdA GENERAL - LA FOTOS\u00cdNTESIS - 6\u00aa PARTE - Aula de Naturaleza educativa\" \/>\n<meta property=\"og:description\" content=\"Los factores que influyen en la producci\u00f3n fotosint\u00e9tica La producci\u00f3n resultante de la fotos\u00edntesis se define en t\u00e9rminos de tasa de producci\u00f3n de ox\u00edgeno, ya sea por unidad de masa de los tejidos vegetales verdes o por unidad de peso de la clorofila total. La cantidad de luz, el suministro... Seguir leyendo...\" \/>\n<meta property=\"og:url\" content=\"https:\/\/natureduca.com\/aula\/ecologia-general-la-fotosintesis-6a-parte\/\" \/>\n<meta property=\"og:site_name\" content=\"Aula de Naturaleza educativa\" \/>\n<meta property=\"article:published_time\" content=\"2021-11-24T23:57:32+00:00\" \/>\n<meta property=\"article:modified_time\" content=\"2021-12-01T15:15:18+00:00\" \/>\n<meta property=\"og:image\" content=\"https:\/\/natureduca.com\/images_cienc\/fotosintesis_temperatura.jpg\" \/>\n<meta name=\"author\" content=\"Admin\" \/>\n<meta name=\"twitter:card\" content=\"summary_large_image\" \/>\n<meta name=\"twitter:label1\" content=\"Escrito por\" \/>\n\t<meta name=\"twitter:data1\" content=\"Admin\" \/>\n\t<meta name=\"twitter:label2\" content=\"Tiempo de lectura\" \/>\n\t<meta name=\"twitter:data2\" content=\"4 minutos\" \/>\n<script type=\"application\/ld+json\" class=\"yoast-schema-graph\">{\"@context\":\"https:\\\/\\\/schema.org\",\"@graph\":[{\"@type\":\"Article\",\"@id\":\"https:\\\/\\\/natureduca.com\\\/aula\\\/ecologia-general-la-fotosintesis-6a-parte\\\/#article\",\"isPartOf\":{\"@id\":\"https:\\\/\\\/natureduca.com\\\/aula\\\/ecologia-general-la-fotosintesis-6a-parte\\\/\"},\"author\":{\"name\":\"Admin\",\"@id\":\"https:\\\/\\\/natureduca.com\\\/aula\\\/#\\\/schema\\\/person\\\/4dff7f100e95d668d0ffd562d6201d35\"},\"headline\":\"ECOLOG\u00cdA GENERAL &#8211; LA FOTOS\u00cdNTESIS &#8211; 6\u00aa PARTE\",\"datePublished\":\"2021-11-24T23:57:32+00:00\",\"dateModified\":\"2021-12-01T15:15:18+00:00\",\"mainEntityOfPage\":{\"@id\":\"https:\\\/\\\/natureduca.com\\\/aula\\\/ecologia-general-la-fotosintesis-6a-parte\\\/\"},\"wordCount\":791,\"commentCount\":0,\"image\":{\"@id\":\"https:\\\/\\\/natureduca.com\\\/aula\\\/ecologia-general-la-fotosintesis-6a-parte\\\/#primaryimage\"},\"thumbnailUrl\":\"https:\\\/\\\/natureduca.com\\\/images_cienc\\\/fotosintesis_temperatura.jpg\",\"keywords\":[\"ecologia\",\"fotosintesis\",\"general\",\"parte\"],\"articleSection\":[\"Ecolog\u00eda\"],\"inLanguage\":\"es\",\"potentialAction\":[{\"@type\":\"CommentAction\",\"name\":\"Comment\",\"target\":[\"https:\\\/\\\/natureduca.com\\\/aula\\\/ecologia-general-la-fotosintesis-6a-parte\\\/#respond\"]}]},{\"@type\":\"WebPage\",\"@id\":\"https:\\\/\\\/natureduca.com\\\/aula\\\/ecologia-general-la-fotosintesis-6a-parte\\\/\",\"url\":\"https:\\\/\\\/natureduca.com\\\/aula\\\/ecologia-general-la-fotosintesis-6a-parte\\\/\",\"name\":\"ECOLOG\u00cdA GENERAL - LA FOTOS\u00cdNTESIS - 6\u00aa PARTE - Aula de Naturaleza educativa\",\"isPartOf\":{\"@id\":\"https:\\\/\\\/natureduca.com\\\/aula\\\/#website\"},\"primaryImageOfPage\":{\"@id\":\"https:\\\/\\\/natureduca.com\\\/aula\\\/ecologia-general-la-fotosintesis-6a-parte\\\/#primaryimage\"},\"image\":{\"@id\":\"https:\\\/\\\/natureduca.com\\\/aula\\\/ecologia-general-la-fotosintesis-6a-parte\\\/#primaryimage\"},\"thumbnailUrl\":\"https:\\\/\\\/natureduca.com\\\/images_cienc\\\/fotosintesis_temperatura.jpg\",\"datePublished\":\"2021-11-24T23:57:32+00:00\",\"dateModified\":\"2021-12-01T15:15:18+00:00\",\"author\":{\"@id\":\"https:\\\/\\\/natureduca.com\\\/aula\\\/#\\\/schema\\\/person\\\/4dff7f100e95d668d0ffd562d6201d35\"},\"breadcrumb\":{\"@id\":\"https:\\\/\\\/natureduca.com\\\/aula\\\/ecologia-general-la-fotosintesis-6a-parte\\\/#breadcrumb\"},\"inLanguage\":\"es\",\"potentialAction\":[{\"@type\":\"ReadAction\",\"target\":[\"https:\\\/\\\/natureduca.com\\\/aula\\\/ecologia-general-la-fotosintesis-6a-parte\\\/\"]}]},{\"@type\":\"ImageObject\",\"inLanguage\":\"es\",\"@id\":\"https:\\\/\\\/natureduca.com\\\/aula\\\/ecologia-general-la-fotosintesis-6a-parte\\\/#primaryimage\",\"url\":\"https:\\\/\\\/natureduca.com\\\/images_cienc\\\/fotosintesis_temperatura.jpg\",\"contentUrl\":\"https:\\\/\\\/natureduca.com\\\/images_cienc\\\/fotosintesis_temperatura.jpg\"},{\"@type\":\"BreadcrumbList\",\"@id\":\"https:\\\/\\\/natureduca.com\\\/aula\\\/ecologia-general-la-fotosintesis-6a-parte\\\/#breadcrumb\",\"itemListElement\":[{\"@type\":\"ListItem\",\"position\":1,\"name\":\"Portada\",\"item\":\"https:\\\/\\\/natureduca.com\\\/aula\\\/\"},{\"@type\":\"ListItem\",\"position\":2,\"name\":\"ECOLOG\u00cdA GENERAL &#8211; LA FOTOS\u00cdNTESIS &#8211; 6\u00aa PARTE\"}]},{\"@type\":\"WebSite\",\"@id\":\"https:\\\/\\\/natureduca.com\\\/aula\\\/#website\",\"url\":\"https:\\\/\\\/natureduca.com\\\/aula\\\/\",\"name\":\"Aula de Naturaleza educativa\",\"description\":\"Aula de Naturaleza educativa. Miles de art\u00edculos enciclop\u00e9dicos sobre Naturaleza, Medioambiente y Tecnolog\u00eda\",\"potentialAction\":[{\"@type\":\"SearchAction\",\"target\":{\"@type\":\"EntryPoint\",\"urlTemplate\":\"https:\\\/\\\/natureduca.com\\\/aula\\\/?s={search_term_string}\"},\"query-input\":{\"@type\":\"PropertyValueSpecification\",\"valueRequired\":true,\"valueName\":\"search_term_string\"}}],\"inLanguage\":\"es\"},{\"@type\":\"Person\",\"@id\":\"https:\\\/\\\/natureduca.com\\\/aula\\\/#\\\/schema\\\/person\\\/4dff7f100e95d668d0ffd562d6201d35\",\"name\":\"Admin\",\"image\":{\"@type\":\"ImageObject\",\"inLanguage\":\"es\",\"@id\":\"https:\\\/\\\/secure.gravatar.com\\\/avatar\\\/962e63946d92c7a2d8981a0346fe0c290872fca157e819c893671264b4b499f6?s=96&d=mm&r=g\",\"url\":\"https:\\\/\\\/secure.gravatar.com\\\/avatar\\\/962e63946d92c7a2d8981a0346fe0c290872fca157e819c893671264b4b499f6?s=96&d=mm&r=g\",\"contentUrl\":\"https:\\\/\\\/secure.gravatar.com\\\/avatar\\\/962e63946d92c7a2d8981a0346fe0c290872fca157e819c893671264b4b499f6?s=96&d=mm&r=g\",\"caption\":\"Admin\"},\"url\":\"https:\\\/\\\/natureduca.com\\\/aula\\\/author\\\/jefe\\\/\"}]}<\/script>\n<!-- \/ Yoast SEO plugin. -->","yoast_head_json":{"title":"ECOLOG\u00cdA GENERAL - LA FOTOS\u00cdNTESIS - 6\u00aa PARTE - Aula de Naturaleza educativa","robots":{"index":"index","follow":"follow","max-snippet":"max-snippet:-1","max-image-preview":"max-image-preview:large","max-video-preview":"max-video-preview:-1"},"canonical":"https:\/\/natureduca.com\/aula\/ecologia-general-la-fotosintesis-6a-parte\/","og_locale":"es_ES","og_type":"article","og_title":"ECOLOG\u00cdA GENERAL - LA FOTOS\u00cdNTESIS - 6\u00aa PARTE - Aula de Naturaleza educativa","og_description":"Los factores que influyen en la producci\u00f3n fotosint\u00e9tica La producci\u00f3n resultante de la fotos\u00edntesis se define en t\u00e9rminos de tasa de producci\u00f3n de ox\u00edgeno, ya sea por unidad de masa de los tejidos vegetales verdes o por unidad de peso de la clorofila total. La cantidad de luz, el suministro... Seguir leyendo...","og_url":"https:\/\/natureduca.com\/aula\/ecologia-general-la-fotosintesis-6a-parte\/","og_site_name":"Aula de Naturaleza educativa","article_published_time":"2021-11-24T23:57:32+00:00","article_modified_time":"2021-12-01T15:15:18+00:00","og_image":[{"url":"https:\/\/natureduca.com\/images_cienc\/fotosintesis_temperatura.jpg","type":"","width":"","height":""}],"author":"Admin","twitter_card":"summary_large_image","twitter_misc":{"Escrito por":"Admin","Tiempo de lectura":"4 minutos"},"schema":{"@context":"https:\/\/schema.org","@graph":[{"@type":"Article","@id":"https:\/\/natureduca.com\/aula\/ecologia-general-la-fotosintesis-6a-parte\/#article","isPartOf":{"@id":"https:\/\/natureduca.com\/aula\/ecologia-general-la-fotosintesis-6a-parte\/"},"author":{"name":"Admin","@id":"https:\/\/natureduca.com\/aula\/#\/schema\/person\/4dff7f100e95d668d0ffd562d6201d35"},"headline":"ECOLOG\u00cdA GENERAL &#8211; LA FOTOS\u00cdNTESIS &#8211; 6\u00aa PARTE","datePublished":"2021-11-24T23:57:32+00:00","dateModified":"2021-12-01T15:15:18+00:00","mainEntityOfPage":{"@id":"https:\/\/natureduca.com\/aula\/ecologia-general-la-fotosintesis-6a-parte\/"},"wordCount":791,"commentCount":0,"image":{"@id":"https:\/\/natureduca.com\/aula\/ecologia-general-la-fotosintesis-6a-parte\/#primaryimage"},"thumbnailUrl":"https:\/\/natureduca.com\/images_cienc\/fotosintesis_temperatura.jpg","keywords":["ecologia","fotosintesis","general","parte"],"articleSection":["Ecolog\u00eda"],"inLanguage":"es","potentialAction":[{"@type":"CommentAction","name":"Comment","target":["https:\/\/natureduca.com\/aula\/ecologia-general-la-fotosintesis-6a-parte\/#respond"]}]},{"@type":"WebPage","@id":"https:\/\/natureduca.com\/aula\/ecologia-general-la-fotosintesis-6a-parte\/","url":"https:\/\/natureduca.com\/aula\/ecologia-general-la-fotosintesis-6a-parte\/","name":"ECOLOG\u00cdA GENERAL - LA FOTOS\u00cdNTESIS - 6\u00aa PARTE - Aula de Naturaleza educativa","isPartOf":{"@id":"https:\/\/natureduca.com\/aula\/#website"},"primaryImageOfPage":{"@id":"https:\/\/natureduca.com\/aula\/ecologia-general-la-fotosintesis-6a-parte\/#primaryimage"},"image":{"@id":"https:\/\/natureduca.com\/aula\/ecologia-general-la-fotosintesis-6a-parte\/#primaryimage"},"thumbnailUrl":"https:\/\/natureduca.com\/images_cienc\/fotosintesis_temperatura.jpg","datePublished":"2021-11-24T23:57:32+00:00","dateModified":"2021-12-01T15:15:18+00:00","author":{"@id":"https:\/\/natureduca.com\/aula\/#\/schema\/person\/4dff7f100e95d668d0ffd562d6201d35"},"breadcrumb":{"@id":"https:\/\/natureduca.com\/aula\/ecologia-general-la-fotosintesis-6a-parte\/#breadcrumb"},"inLanguage":"es","potentialAction":[{"@type":"ReadAction","target":["https:\/\/natureduca.com\/aula\/ecologia-general-la-fotosintesis-6a-parte\/"]}]},{"@type":"ImageObject","inLanguage":"es","@id":"https:\/\/natureduca.com\/aula\/ecologia-general-la-fotosintesis-6a-parte\/#primaryimage","url":"https:\/\/natureduca.com\/images_cienc\/fotosintesis_temperatura.jpg","contentUrl":"https:\/\/natureduca.com\/images_cienc\/fotosintesis_temperatura.jpg"},{"@type":"BreadcrumbList","@id":"https:\/\/natureduca.com\/aula\/ecologia-general-la-fotosintesis-6a-parte\/#breadcrumb","itemListElement":[{"@type":"ListItem","position":1,"name":"Portada","item":"https:\/\/natureduca.com\/aula\/"},{"@type":"ListItem","position":2,"name":"ECOLOG\u00cdA GENERAL &#8211; LA FOTOS\u00cdNTESIS &#8211; 6\u00aa PARTE"}]},{"@type":"WebSite","@id":"https:\/\/natureduca.com\/aula\/#website","url":"https:\/\/natureduca.com\/aula\/","name":"Aula de Naturaleza educativa","description":"Aula de Naturaleza educativa. Miles de art\u00edculos enciclop\u00e9dicos sobre Naturaleza, Medioambiente y Tecnolog\u00eda","potentialAction":[{"@type":"SearchAction","target":{"@type":"EntryPoint","urlTemplate":"https:\/\/natureduca.com\/aula\/?s={search_term_string}"},"query-input":{"@type":"PropertyValueSpecification","valueRequired":true,"valueName":"search_term_string"}}],"inLanguage":"es"},{"@type":"Person","@id":"https:\/\/natureduca.com\/aula\/#\/schema\/person\/4dff7f100e95d668d0ffd562d6201d35","name":"Admin","image":{"@type":"ImageObject","inLanguage":"es","@id":"https:\/\/secure.gravatar.com\/avatar\/962e63946d92c7a2d8981a0346fe0c290872fca157e819c893671264b4b499f6?s=96&d=mm&r=g","url":"https:\/\/secure.gravatar.com\/avatar\/962e63946d92c7a2d8981a0346fe0c290872fca157e819c893671264b4b499f6?s=96&d=mm&r=g","contentUrl":"https:\/\/secure.gravatar.com\/avatar\/962e63946d92c7a2d8981a0346fe0c290872fca157e819c893671264b4b499f6?s=96&d=mm&r=g","caption":"Admin"},"url":"https:\/\/natureduca.com\/aula\/author\/jefe\/"}]}},"featured_image_src":null,"featured_image_src_square":null,"author_info":{"display_name":"Admin","author_link":"https:\/\/natureduca.com\/aula\/author\/jefe\/"},"uagb_featured_image_src":{"full":false,"thumbnail":false,"medium":false,"medium_large":false,"large":false,"1536x1536":false,"2048x2048":false,"custom":false,"gb-block-post-grid-landscape":false,"gb-block-post-grid-square":false,"post-thumbnail":false,"header":false,"slider":false,"columns":false},"uagb_author_info":{"display_name":"Admin","author_link":"https:\/\/natureduca.com\/aula\/author\/jefe\/"},"uagb_comment_info":0,"uagb_excerpt":"Los factores que influyen en la producci\u00f3n fotosint\u00e9tica La producci\u00f3n resultante de la fotos\u00edntesis se define en t\u00e9rminos de tasa de producci\u00f3n de ox\u00edgeno, ya sea por unidad de masa de los tejidos vegetales verdes o por unidad de peso de la clorofila total. La cantidad de luz, el suministro... Seguir leyendo...","amp_enabled":true,"_links":{"self":[{"href":"https:\/\/natureduca.com\/aula\/wp-json\/wp\/v2\/posts\/466","targetHints":{"allow":["GET"]}}],"collection":[{"href":"https:\/\/natureduca.com\/aula\/wp-json\/wp\/v2\/posts"}],"about":[{"href":"https:\/\/natureduca.com\/aula\/wp-json\/wp\/v2\/types\/post"}],"author":[{"embeddable":true,"href":"https:\/\/natureduca.com\/aula\/wp-json\/wp\/v2\/users\/3"}],"replies":[{"embeddable":true,"href":"https:\/\/natureduca.com\/aula\/wp-json\/wp\/v2\/comments?post=466"}],"version-history":[{"count":0,"href":"https:\/\/natureduca.com\/aula\/wp-json\/wp\/v2\/posts\/466\/revisions"}],"wp:featuredmedia":[{"embeddable":true,"href":"https:\/\/natureduca.com\/aula\/wp-json\/"}],"wp:attachment":[{"href":"https:\/\/natureduca.com\/aula\/wp-json\/wp\/v2\/media?parent=466"}],"wp:term":[{"taxonomy":"category","embeddable":true,"href":"https:\/\/natureduca.com\/aula\/wp-json\/wp\/v2\/categories?post=466"},{"taxonomy":"post_tag","embeddable":true,"href":"https:\/\/natureduca.com\/aula\/wp-json\/wp\/v2\/tags?post=466"}],"curies":[{"name":"wp","href":"https:\/\/api.w.org\/{rel}","templated":true}]}}